{"id":9945,"date":"2025-10-13T16:49:33","date_gmt":"2025-10-13T14:49:33","guid":{"rendered":"https:\/\/judoproleague.com\/?p=9945"},"modified":"2025-10-13T16:49:33","modified_gmt":"2025-10-13T14:49:33","slug":"successful-fire-baptism-for-saint-gratien-and-boulogne-billancourt","status":"publish","type":"post","link":"https:\/\/judoproleague.com\/en\/bapteme-du-feu-reussi-pour-saint-gratien-et-boulogne-billancourt\/","title":{"rendered":"Successful baptism of fire for Saint-Gratien and Boulogne-Billancourt"},"content":{"rendered":"<h1 data-start=\"137\" data-end=\"178\">AM Saint-Gratien \/ Dojo B\u00e9glais: 7-2<\/h1>\n<p style=\"text-align: center;\"><img loading=\"lazy\" decoding=\"async\" class=\"alignnone wp-image-9952\" src=\"https:\/\/judoproleague.com\/wp-content\/uploads\/2025\/10\/2048px-Combat-010-TA700153-1-1-300x200.jpg\" alt=\"\" width=\"368\" height=\"245\" srcset=\"https:\/\/judoproleague.com\/wp-content\/uploads\/2025\/10\/2048px-Combat-010-TA700153-1-1-300x200.jpg 300w, https:\/\/judoproleague.com\/wp-content\/uploads\/2025\/10\/2048px-Combat-010-TA700153-1-1-1024x683.jpg 1024w, https:\/\/judoproleague.com\/wp-content\/uploads\/2025\/10\/2048px-Combat-010-TA700153-1-1-768x512.jpg 768w, https:\/\/judoproleague.com\/wp-content\/uploads\/2025\/10\/2048px-Combat-010-TA700153-1-1-1536x1024.jpg 1536w, https:\/\/judoproleague.com\/wp-content\/uploads\/2025\/10\/2048px-Combat-010-TA700153-1-1-18x12.jpg 18w, https:\/\/judoproleague.com\/wp-content\/uploads\/2025\/10\/2048px-Combat-010-TA700153-1-1.jpg 2048w\" sizes=\"auto, (max-width: 368px) 100vw, 368px\" \/><\/p>\n<h2 data-start=\"180\" data-end=\"222\">A successful start for Saint-Gratien<\/h2>\n<p data-start=\"223\" data-end=\"1211\">The Parc des Sports Michel Hidalgo is still reverberating with the wonderful communion between the Gratiennes public and its ten fighters, who have written the first page of their Judo Pro League history. First in action, French junior 2024 champion Jason Okoye (-90kg) ensured the essential by winning by a yuko scored on tai-otoshi against Esteban Rouaud, recent winner of the Label B tournament in Rochefort. France 2024 champion Lyse Versmisse (+70kg) added a second point to the penalties, before the indefatigable Seyba Thiam (+90kg), national medallist in 2013, overcame David Ali K.'s counter-attack attempt with a short scythe to give the B\u00e9glais the first point. The next point would have to wait, as Melissa Dumontier saw penalties escalate to a hansokumake against European University runner-up Mathilde Chevalier (-52kg), before Nazir Talibov and Maxime Moundanga went back to back, with no winner in this fifth duel.<\/p>\n<h2 data-start=\"1213\" data-end=\"1251\">A one-way second half<\/h2>\n<p data-start=\"1252\" data-end=\"2263\">After the restart, it was the newcomers to the Val-d'Oise who sealed the deal: Maylis Rozan (-57kg) gave Cyrielle Vaubourdolle a run for her money with her o-guruma, as did Julie Falgon (-63kg) with her uchi-mata on the edge - awarded the most beautiful ippon of the evening - which she imposed on this summer's cadet world medalist Chlo\u00e9 Jean, and Ana\u00efs Nebout Gonsard (-70kg), European cadet medalist in 2023, who had to take penalties from Tatiano Brito. Meanwhile, the experienced Azerbaijani Ibrahim Aliyev (-73kg), with over twenty Grand Slams and Grand Prix titles to his name, had momentarily kept Gironde's hopes alive by mystifying Zackaria Belfouel with a subtle ko-uchi-gari\/ko-soto-gari combination, right up there with the Swiss Aur\u00e9lien Bonferroni's reverse seoi-nage, which executed Alexandre Bordat in twenty-five seconds. A very solid 7-2 result to be confirmed at the end of the month with the reception of US Orl\u00e9ans Loiret JJ, winners of the last edition.<\/p>\n<h1 data-start=\"2270\" data-end=\"2326\">AC Boulogne-Billancourt \/ US Orl\u00e9ans Loiret JJ: 5-0<\/h1>\n<h2 style=\"text-align: center;\" data-start=\"2328\" data-end=\"2381\"><img loading=\"lazy\" decoding=\"async\" class=\"alignnone wp-image-9946\" src=\"https:\/\/judoproleague.com\/wp-content\/uploads\/2025\/10\/Photo-Boulogne-Billancourt-300x200.jpeg\" alt=\"\" width=\"413\" height=\"275\" srcset=\"https:\/\/judoproleague.com\/wp-content\/uploads\/2025\/10\/Photo-Boulogne-Billancourt-300x200.jpeg 300w, https:\/\/judoproleague.com\/wp-content\/uploads\/2025\/10\/Photo-Boulogne-Billancourt-1024x683.jpeg 1024w, https:\/\/judoproleague.com\/wp-content\/uploads\/2025\/10\/Photo-Boulogne-Billancourt-768x512.jpeg 768w, https:\/\/judoproleague.com\/wp-content\/uploads\/2025\/10\/Photo-Boulogne-Billancourt-1536x1024.jpeg 1536w, https:\/\/judoproleague.com\/wp-content\/uploads\/2025\/10\/Photo-Boulogne-Billancourt-2048x1365.jpeg 2048w, https:\/\/judoproleague.com\/wp-content\/uploads\/2025\/10\/Photo-Boulogne-Billancourt-18x12.jpeg 18w\" sizes=\"auto, (max-width: 413px) 100vw, 413px\" \/><\/h2>\n<h2 data-start=\"2328\" data-end=\"2381\">A tight start despite pressure from Boulonnais<\/h2>\n<p data-start=\"2382\" data-end=\"3288\">The defending champions will certainly be keen to bounce back after proving themselves powerless against the Boulonnais, who were urged on by an incandescent supporters' club throughout a perfect evening for the Orange et Noir. Lili Nguyen (-63kg), one of the main architects of last year's Orl\u00e9ans success with six wins and one draw, thwarted the plans of Dutch 2024 world champion Joanne Van Lieshout with an opening hikiwake, while Axel Mancini (-73kg) was no match for the sumi-gaeshi of 2022 European vice-champion Giovanni Esposito, who could return to Italy with the trophy for the most beautiful ippon. His brother Antonio, up against Arnaud Aregba in the -90kg category, drew the match, as did Lucie Jarrot (-70kg) against Ilona Depri, in a repeat of the final of the Label Excellence tournament in Nantes a few days ago, in which the Orl\u00e9anaise won.<\/p>\n<h2 data-start=\"3290\" data-end=\"3348\">Boulogne-Billancourt dominate the end of the match<\/h2>\n<p data-start=\"3349\" data-end=\"4938\">In the absence of an opponent, Liz Ngelebeya (+70kg), winner of the European Open in Prague at the end of September, brought her contribution to the home side, as did Yoann Benezra, impeccable in the heavyweight category against Amaury Cerisier, whom he surprised at the start of the last minute with an ippon\/ko-uchi-gari on the restart, scored waza-ari, then a yoko-tomoe-nage which he had the merit of not releasing before scoring yuko. At 3-0, the seventh match of the evening was already set to be decisive between L\u00e9onie Gonzalez, triple national medallist in the -52kg category, and the reigning French champion in the -48kg category, Ana\u00efs Perrot. At the controls of each seizure, the former saw her opponent collect two shidos before the mid-fight break. Not that this stopped her in her tracks, as two sequences later she launched a deep o-soto-gari to be awarded victory by the referee. Romain Valadier-Picard, vice world champion in the -60kg category in 2025, then took on Enzo Jean, selected for the latest European championships, for an intense but ultimately fruitless battle, identical to the one that closed the match between Eliot Pr\u00e8ve (-73kg) and Mathias Moreau. The final blow went to double Olympic medallist Sarah-L\u00e9onie Cysique (-57kg), who first scored Clara Wentzler waza-ari on o-soto-gari before making her give up with a supersonic elbow turn. This opening 5-0 score sent a clear message to the seventeen other teams in this fourth season: AC Boulogne-Billancourt will be a force to be reckoned with this year!<\/p>","protected":false},"excerpt":{"rendered":"<p>AM Saint-Gratien \/ Dojo B\u00e9glais : 7-2 Une entame r\u00e9ussie pour Saint-Gratien Le Parc des Sports Michel Hidalgo r\u00e9sonne encore de la belle communion entre le public gratiennois et ses dix combattants qui ont parfaitement \u00e9crit la premi\u00e8re page de leur histoire en Judo Pro League. Premier en action, le champion de France juniors 2024 [&hellip;]<\/p>\n","protected":false},"author":4,"featured_media":9949,"comment_status":"closed","ping_status":"open","sticky":false,"template":"","format":"standard","meta":{"footnotes":""},"categories":[1],"tags":[],"class_list":["post-9945","post","type-post","status-publish","format-standard","has-post-thumbnail","hentry","category-non-classe"],"acf":[],"yoast_head":"<!-- This site is optimized with the Yoast SEO plugin v27.1.1 - https:\/\/yoast.com\/product\/yoast-seo-wordpress\/ -->\n<title>Bapt\u00eame du feu r\u00e9ussi pour Saint-Gratien et Boulogne-Billancourt - Judo Pro League<\/title>\n<meta name=\"robots\" content=\"index, follow, max-snippet:-1, max-image-preview:large, max-video-preview:-1\" \/>\n<link rel=\"canonical\" href=\"https:\/\/judoproleague.com\/en\/successful-fire-baptism-for-saint-gratien-and-boulogne-billancourt\/\" \/>\n<meta property=\"og:locale\" content=\"en_US\" \/>\n<meta property=\"og:type\" content=\"article\" \/>\n<meta property=\"og:title\" content=\"Bapt\u00eame du feu r\u00e9ussi pour Saint-Gratien et Boulogne-Billancourt - Judo Pro League\" \/>\n<meta property=\"og:description\" content=\"AM Saint-Gratien \/ Dojo B\u00e9glais : 7-2 Une entame r\u00e9ussie pour Saint-Gratien Le Parc des Sports Michel Hidalgo r\u00e9sonne encore de la belle communion entre le public gratiennois et ses dix combattants qui ont parfaitement \u00e9crit la premi\u00e8re page de leur histoire en Judo Pro League. Premier en action, le champion de France juniors 2024 [&hellip;]\" \/>\n<meta property=\"og:url\" content=\"https:\/\/judoproleague.com\/en\/successful-fire-baptism-for-saint-gratien-and-boulogne-billancourt\/\" \/>\n<meta property=\"og:site_name\" content=\"Judo Pro League\" \/>\n<meta property=\"article:published_time\" content=\"2025-10-13T14:49:33+00:00\" \/>\n<meta property=\"og:image\" content=\"https:\/\/judoproleague.com\/wp-content\/uploads\/2025\/10\/HEADER-SITE-BANNIERE-scaled.jpg\" \/>\n\t<meta property=\"og:image:width\" content=\"2560\" \/>\n\t<meta property=\"og:image:height\" content=\"960\" \/>\n\t<meta property=\"og:image:type\" content=\"image\/jpeg\" \/>\n<meta name=\"author\" content=\"Alan GAUDEFROY\" \/>\n<meta name=\"twitter:card\" content=\"summary_large_image\" \/>\n<meta name=\"twitter:label1\" content=\"Written by\" \/>\n\t<meta name=\"twitter:data1\" content=\"Alan GAUDEFROY\" \/>\n\t<meta name=\"twitter:label2\" content=\"Est. reading time\" \/>\n\t<meta name=\"twitter:data2\" content=\"5 minutes\" \/>\n<script type=\"application\/ld+json\" class=\"yoast-schema-graph\">{\"@context\":\"https:\/\/schema.org\",\"@graph\":[{\"@type\":\"Article\",\"@id\":\"https:\/\/judoproleague.com\/bapteme-du-feu-reussi-pour-saint-gratien-et-boulogne-billancourt\/#article\",\"isPartOf\":{\"@id\":\"https:\/\/judoproleague.com\/bapteme-du-feu-reussi-pour-saint-gratien-et-boulogne-billancourt\/\"},\"author\":{\"name\":\"Alan GAUDEFROY\",\"@id\":\"https:\/\/judoproleague.com\/#\/schema\/person\/1cc0d3c1265a4f6956c0bf9ad6389b37\"},\"headline\":\"Bapt\u00eame du feu r\u00e9ussi pour Saint-Gratien et Boulogne-Billancourt\",\"datePublished\":\"2025-10-13T14:49:33+00:00\",\"mainEntityOfPage\":{\"@id\":\"https:\/\/judoproleague.com\/bapteme-du-feu-reussi-pour-saint-gratien-et-boulogne-billancourt\/\"},\"wordCount\":845,\"publisher\":{\"@id\":\"https:\/\/judoproleague.com\/#organization\"},\"image\":{\"@id\":\"https:\/\/judoproleague.com\/bapteme-du-feu-reussi-pour-saint-gratien-et-boulogne-billancourt\/#primaryimage\"},\"thumbnailUrl\":\"https:\/\/judoproleague.com\/wp-content\/uploads\/2025\/10\/HEADER-SITE-BANNIERE-scaled.jpg\",\"articleSection\":[\"Non class\u00e9\"],\"inLanguage\":\"en-US\"},{\"@type\":\"WebPage\",\"@id\":\"https:\/\/judoproleague.com\/bapteme-du-feu-reussi-pour-saint-gratien-et-boulogne-billancourt\/\",\"url\":\"https:\/\/judoproleague.com\/bapteme-du-feu-reussi-pour-saint-gratien-et-boulogne-billancourt\/\",\"name\":\"Bapt\u00eame du feu r\u00e9ussi pour Saint-Gratien et Boulogne-Billancourt - Judo Pro League\",\"isPartOf\":{\"@id\":\"https:\/\/judoproleague.com\/#website\"},\"primaryImageOfPage\":{\"@id\":\"https:\/\/judoproleague.com\/bapteme-du-feu-reussi-pour-saint-gratien-et-boulogne-billancourt\/#primaryimage\"},\"image\":{\"@id\":\"https:\/\/judoproleague.com\/bapteme-du-feu-reussi-pour-saint-gratien-et-boulogne-billancourt\/#primaryimage\"},\"thumbnailUrl\":\"https:\/\/judoproleague.com\/wp-content\/uploads\/2025\/10\/HEADER-SITE-BANNIERE-scaled.jpg\",\"datePublished\":\"2025-10-13T14:49:33+00:00\",\"inLanguage\":\"en-US\",\"potentialAction\":[{\"@type\":\"ReadAction\",\"target\":[\"https:\/\/judoproleague.com\/bapteme-du-feu-reussi-pour-saint-gratien-et-boulogne-billancourt\/\"]}]},{\"@type\":\"ImageObject\",\"inLanguage\":\"en-US\",\"@id\":\"https:\/\/judoproleague.com\/bapteme-du-feu-reussi-pour-saint-gratien-et-boulogne-billancourt\/#primaryimage\",\"url\":\"https:\/\/judoproleague.com\/wp-content\/uploads\/2025\/10\/HEADER-SITE-BANNIERE-scaled.jpg\",\"contentUrl\":\"https:\/\/judoproleague.com\/wp-content\/uploads\/2025\/10\/HEADER-SITE-BANNIERE-scaled.jpg\",\"width\":2560,\"height\":960},{\"@type\":\"WebSite\",\"@id\":\"https:\/\/judoproleague.com\/#website\",\"url\":\"https:\/\/judoproleague.com\/\",\"name\":\"Judo Pro League\",\"description\":\"\",\"publisher\":{\"@id\":\"https:\/\/judoproleague.com\/#organization\"},\"potentialAction\":[{\"@type\":\"SearchAction\",\"target\":{\"@type\":\"EntryPoint\",\"urlTemplate\":\"https:\/\/judoproleague.com\/?s={search_term_string}\"},\"query-input\":{\"@type\":\"PropertyValueSpecification\",\"valueRequired\":true,\"valueName\":\"search_term_string\"}}],\"inLanguage\":\"en-US\"},{\"@type\":\"Organization\",\"@id\":\"https:\/\/judoproleague.com\/#organization\",\"name\":\"Judo Pro League\",\"url\":\"https:\/\/judoproleague.com\/\",\"logo\":{\"@type\":\"ImageObject\",\"inLanguage\":\"en-US\",\"@id\":\"https:\/\/judoproleague.com\/#\/schema\/logo\/image\/\",\"url\":\"https:\/\/judoproleague.com\/wp-content\/uploads\/2024\/10\/JPL-LOGO-light-1.svg\",\"contentUrl\":\"https:\/\/judoproleague.com\/wp-content\/uploads\/2024\/10\/JPL-LOGO-light-1.svg\",\"width\":198,\"height\":83,\"caption\":\"Judo Pro League\"},\"image\":{\"@id\":\"https:\/\/judoproleague.com\/#\/schema\/logo\/image\/\"}},{\"@type\":\"Person\",\"@id\":\"https:\/\/judoproleague.com\/#\/schema\/person\/1cc0d3c1265a4f6956c0bf9ad6389b37\",\"name\":\"Alan GAUDEFROY\",\"image\":{\"@type\":\"ImageObject\",\"inLanguage\":\"en-US\",\"@id\":\"https:\/\/judoproleague.com\/#\/schema\/person\/image\/\",\"url\":\"https:\/\/secure.gravatar.com\/avatar\/f7ed2dc65f91e5fc8e3a880a460ca52653ffa31251b597d2880f1aaf5b39fdc4?s=96&d=mm&r=g\",\"contentUrl\":\"https:\/\/secure.gravatar.com\/avatar\/f7ed2dc65f91e5fc8e3a880a460ca52653ffa31251b597d2880f1aaf5b39fdc4?s=96&d=mm&r=g\",\"caption\":\"Alan GAUDEFROY\"},\"url\":\"https:\/\/judoproleague.com\/en\/author\/alanjpl\/\"}]}<\/script>\n<!-- \/ Yoast SEO plugin. -->","yoast_head_json":{"title":"Successful baptism of fire for Saint-Gratien and Boulogne-Billancourt - Judo Pro League","robots":{"index":"index","follow":"follow","max-snippet":"max-snippet:-1","max-image-preview":"max-image-preview:large","max-video-preview":"max-video-preview:-1"},"canonical":"https:\/\/judoproleague.com\/en\/successful-fire-baptism-for-saint-gratien-and-boulogne-billancourt\/","og_locale":"en_US","og_type":"article","og_title":"Bapt\u00eame du feu r\u00e9ussi pour Saint-Gratien et Boulogne-Billancourt - Judo Pro League","og_description":"AM Saint-Gratien \/ Dojo B\u00e9glais : 7-2 Une entame r\u00e9ussie pour Saint-Gratien Le Parc des Sports Michel Hidalgo r\u00e9sonne encore de la belle communion entre le public gratiennois et ses dix combattants qui ont parfaitement \u00e9crit la premi\u00e8re page de leur histoire en Judo Pro League. Premier en action, le champion de France juniors 2024 [&hellip;]","og_url":"https:\/\/judoproleague.com\/en\/successful-fire-baptism-for-saint-gratien-and-boulogne-billancourt\/","og_site_name":"Judo Pro League","article_published_time":"2025-10-13T14:49:33+00:00","og_image":[{"width":2560,"height":960,"url":"https:\/\/judoproleague.com\/wp-content\/uploads\/2025\/10\/HEADER-SITE-BANNIERE-scaled.jpg","type":"image\/jpeg"}],"author":"Alan GAUDEFROY","twitter_card":"summary_large_image","twitter_misc":{"Written by":"Alan GAUDEFROY","Est. reading time":"5 minutes"},"schema":{"@context":"https:\/\/schema.org","@graph":[{"@type":"Article","@id":"https:\/\/judoproleague.com\/bapteme-du-feu-reussi-pour-saint-gratien-et-boulogne-billancourt\/#article","isPartOf":{"@id":"https:\/\/judoproleague.com\/bapteme-du-feu-reussi-pour-saint-gratien-et-boulogne-billancourt\/"},"author":{"name":"Alan GAUDEFROY","@id":"https:\/\/judoproleague.com\/#\/schema\/person\/1cc0d3c1265a4f6956c0bf9ad6389b37"},"headline":"Bapt\u00eame du feu r\u00e9ussi pour Saint-Gratien et Boulogne-Billancourt","datePublished":"2025-10-13T14:49:33+00:00","mainEntityOfPage":{"@id":"https:\/\/judoproleague.com\/bapteme-du-feu-reussi-pour-saint-gratien-et-boulogne-billancourt\/"},"wordCount":845,"publisher":{"@id":"https:\/\/judoproleague.com\/#organization"},"image":{"@id":"https:\/\/judoproleague.com\/bapteme-du-feu-reussi-pour-saint-gratien-et-boulogne-billancourt\/#primaryimage"},"thumbnailUrl":"https:\/\/judoproleague.com\/wp-content\/uploads\/2025\/10\/HEADER-SITE-BANNIERE-scaled.jpg","articleSection":["Non class\u00e9"],"inLanguage":"en-US"},{"@type":"WebPage","@id":"https:\/\/judoproleague.com\/bapteme-du-feu-reussi-pour-saint-gratien-et-boulogne-billancourt\/","url":"https:\/\/judoproleague.com\/bapteme-du-feu-reussi-pour-saint-gratien-et-boulogne-billancourt\/","name":"Successful baptism of fire for Saint-Gratien and Boulogne-Billancourt - Judo Pro League","isPartOf":{"@id":"https:\/\/judoproleague.com\/#website"},"primaryImageOfPage":{"@id":"https:\/\/judoproleague.com\/bapteme-du-feu-reussi-pour-saint-gratien-et-boulogne-billancourt\/#primaryimage"},"image":{"@id":"https:\/\/judoproleague.com\/bapteme-du-feu-reussi-pour-saint-gratien-et-boulogne-billancourt\/#primaryimage"},"thumbnailUrl":"https:\/\/judoproleague.com\/wp-content\/uploads\/2025\/10\/HEADER-SITE-BANNIERE-scaled.jpg","datePublished":"2025-10-13T14:49:33+00:00","inLanguage":"en-US","potentialAction":[{"@type":"ReadAction","target":["https:\/\/judoproleague.com\/bapteme-du-feu-reussi-pour-saint-gratien-et-boulogne-billancourt\/"]}]},{"@type":"ImageObject","inLanguage":"en-US","@id":"https:\/\/judoproleague.com\/bapteme-du-feu-reussi-pour-saint-gratien-et-boulogne-billancourt\/#primaryimage","url":"https:\/\/judoproleague.com\/wp-content\/uploads\/2025\/10\/HEADER-SITE-BANNIERE-scaled.jpg","contentUrl":"https:\/\/judoproleague.com\/wp-content\/uploads\/2025\/10\/HEADER-SITE-BANNIERE-scaled.jpg","width":2560,"height":960},{"@type":"WebSite","@id":"https:\/\/judoproleague.com\/#website","url":"https:\/\/judoproleague.com\/","name":"Judo Pro League","description":"","publisher":{"@id":"https:\/\/judoproleague.com\/#organization"},"potentialAction":[{"@type":"SearchAction","target":{"@type":"EntryPoint","urlTemplate":"https:\/\/judoproleague.com\/?s={search_term_string}"},"query-input":{"@type":"PropertyValueSpecification","valueRequired":true,"valueName":"search_term_string"}}],"inLanguage":"en-US"},{"@type":"Organization","@id":"https:\/\/judoproleague.com\/#organization","name":"Judo Pro League","url":"https:\/\/judoproleague.com\/","logo":{"@type":"ImageObject","inLanguage":"en-US","@id":"https:\/\/judoproleague.com\/#\/schema\/logo\/image\/","url":"https:\/\/judoproleague.com\/wp-content\/uploads\/2024\/10\/JPL-LOGO-light-1.svg","contentUrl":"https:\/\/judoproleague.com\/wp-content\/uploads\/2024\/10\/JPL-LOGO-light-1.svg","width":198,"height":83,"caption":"Judo Pro League"},"image":{"@id":"https:\/\/judoproleague.com\/#\/schema\/logo\/image\/"}},{"@type":"Person","@id":"https:\/\/judoproleague.com\/#\/schema\/person\/1cc0d3c1265a4f6956c0bf9ad6389b37","name":"Alan GAUDEFROY","image":{"@type":"ImageObject","inLanguage":"en-US","@id":"https:\/\/judoproleague.com\/#\/schema\/person\/image\/","url":"https:\/\/secure.gravatar.com\/avatar\/f7ed2dc65f91e5fc8e3a880a460ca52653ffa31251b597d2880f1aaf5b39fdc4?s=96&d=mm&r=g","contentUrl":"https:\/\/secure.gravatar.com\/avatar\/f7ed2dc65f91e5fc8e3a880a460ca52653ffa31251b597d2880f1aaf5b39fdc4?s=96&d=mm&r=g","caption":"Alan GAUDEFROY"},"url":"https:\/\/judoproleague.com\/en\/author\/alanjpl\/"}]}},"_links":{"self":[{"href":"https:\/\/judoproleague.com\/en\/wp-json\/wp\/v2\/posts\/9945","targetHints":{"allow":["GET"]}}],"collection":[{"href":"https:\/\/judoproleague.com\/en\/wp-json\/wp\/v2\/posts"}],"about":[{"href":"https:\/\/judoproleague.com\/en\/wp-json\/wp\/v2\/types\/post"}],"author":[{"embeddable":true,"href":"https:\/\/judoproleague.com\/en\/wp-json\/wp\/v2\/users\/4"}],"replies":[{"embeddable":true,"href":"https:\/\/judoproleague.com\/en\/wp-json\/wp\/v2\/comments?post=9945"}],"version-history":[{"count":3,"href":"https:\/\/judoproleague.com\/en\/wp-json\/wp\/v2\/posts\/9945\/revisions"}],"predecessor-version":[{"id":9953,"href":"https:\/\/judoproleague.com\/en\/wp-json\/wp\/v2\/posts\/9945\/revisions\/9953"}],"wp:featuredmedia":[{"embeddable":true,"href":"https:\/\/judoproleague.com\/en\/wp-json\/wp\/v2\/media\/9949"}],"wp:attachment":[{"href":"https:\/\/judoproleague.com\/en\/wp-json\/wp\/v2\/media?parent=9945"}],"wp:term":[{"taxonomy":"category","embeddable":true,"href":"https:\/\/judoproleague.com\/en\/wp-json\/wp\/v2\/categories?post=9945"},{"taxonomy":"post_tag","embeddable":true,"href":"https:\/\/judoproleague.com\/en\/wp-json\/wp\/v2\/tags?post=9945"}],"curies":[{"name":"wp","href":"https:\/\/api.w.org\/{rel}","templated":true}]}}