{"id":9436,"date":"2025-10-09T10:36:35","date_gmt":"2025-10-09T08:36:35","guid":{"rendered":"https:\/\/judoproleague.com\/?p=9436"},"modified":"2025-10-09T10:39:10","modified_gmt":"2025-10-09T08:39:10","slug":"lacbb-judo-out-to-make-a-big-splash","status":"publish","type":"post","link":"https:\/\/judoproleague.com\/en\/lacbb-judo-veut-realiser-un-gros-coup\/","title":{"rendered":"ACBB Judo out to make it big!"},"content":{"rendered":"<h3 data-start=\"95\" data-end=\"136\">A historic club in French judo<\/h3>\n<p style=\"text-align: center;\"><img loading=\"lazy\" decoding=\"async\" class=\"alignnone wp-image-9561\" src=\"https:\/\/judoproleague.com\/wp-content\/uploads\/2025\/10\/f1f40362-117b-4d30-a534-f8b080882ebe-300x183.jpg\" alt=\"\" width=\"352\" height=\"215\" srcset=\"https:\/\/judoproleague.com\/wp-content\/uploads\/2025\/10\/f1f40362-117b-4d30-a534-f8b080882ebe-300x183.jpg 300w, https:\/\/judoproleague.com\/wp-content\/uploads\/2025\/10\/f1f40362-117b-4d30-a534-f8b080882ebe-1024x625.jpg 1024w, https:\/\/judoproleague.com\/wp-content\/uploads\/2025\/10\/f1f40362-117b-4d30-a534-f8b080882ebe-768x469.jpg 768w, https:\/\/judoproleague.com\/wp-content\/uploads\/2025\/10\/f1f40362-117b-4d30-a534-f8b080882ebe-18x12.jpg 18w, https:\/\/judoproleague.com\/wp-content\/uploads\/2025\/10\/f1f40362-117b-4d30-a534-f8b080882ebe.jpg 1414w\" sizes=\"auto, (max-width: 352px) 100vw, 352px\" \/><\/p>\n<p data-start=\"138\" data-end=\"488\">It's nothing less than one of France's historic judo clubs. A member of the Boulogne-Billancourt omnisports club, the judo section, founded in 1956, has a strong and fruitful relationship with the very highest level. Indeed, it was under its colors that Jean-Luc Roug\u00e9 became the first French world champion in 1975 in the -93kg class.<\/p>\n<p data-start=\"490\" data-end=\"775\">In 1992, the club won a historic double at the Barcelona Games with titles for C\u00e9cile Nowak in the -48kg class and Cathy Fleury in the -61kg class, while Pascal Tayot took silver in the -86kg class. In 2013, Lo\u00efc Pietri was also crowned world champion in -81kg under the Orange et Noir colors.<\/p>\n<p data-start=\"777\" data-end=\"1151\">More recently, Sarah-L\u00e9onie Cysique, in the -57kg class, has added two new individual Olympic medals (silver in 2021, bronze in 2024) to her prestigious trophy cabinet, after dominating Japan's Haruka Funakubo, who also won bronze at the end of the day and ... was involved with the Hauts-de-Seine club in this Judo Pro League!<\/p>\n<h3 data-start=\"1158\" data-end=\"1209\">An ambitious team for the Judo Pro League<\/h3>\n<p style=\"text-align: center;\"><img loading=\"lazy\" decoding=\"async\" class=\"alignnone wp-image-9559\" src=\"https:\/\/judoproleague.com\/wp-content\/uploads\/2025\/10\/ACBB-judo-SLC-European-Open-Prague-\u00a9Lorraine-Hoffmann-1080x675-1-300x188.jpg\" alt=\"\" width=\"371\" height=\"232\" srcset=\"https:\/\/judoproleague.com\/wp-content\/uploads\/2025\/10\/ACBB-judo-SLC-European-Open-Prague-\u00a9Lorraine-Hoffmann-1080x675-1-300x188.jpg 300w, https:\/\/judoproleague.com\/wp-content\/uploads\/2025\/10\/ACBB-judo-SLC-European-Open-Prague-\u00a9Lorraine-Hoffmann-1080x675-1-1024x640.jpg 1024w, https:\/\/judoproleague.com\/wp-content\/uploads\/2025\/10\/ACBB-judo-SLC-European-Open-Prague-\u00a9Lorraine-Hoffmann-1080x675-1-768x480.jpg 768w, https:\/\/judoproleague.com\/wp-content\/uploads\/2025\/10\/ACBB-judo-SLC-European-Open-Prague-\u00a9Lorraine-Hoffmann-1080x675-1-18x12.jpg 18w, https:\/\/judoproleague.com\/wp-content\/uploads\/2025\/10\/ACBB-judo-SLC-European-Open-Prague-\u00a9Lorraine-Hoffmann-1080x675-1.jpg 1080w\" sizes=\"auto, (max-width: 371px) 100vw, 371px\" \/><\/p>\n<p data-start=\"1211\" data-end=\"1480\">Sarah-L\u00e9onie Cysique, who, along with Romain Valadier-Picard, will be the 2025 world vice-champion, spearheads a particularly ambitious team in its first participation in the Judo Pro League, as Yoann Catherin, the section's president since 2018, explains.<\/p>\n<p data-start=\"1482\" data-end=\"1752\">\"If we've decided to take part this season, it's to win. It's an ambition shared by everyone - athletes, staff and management alike. The club has given itself the means to achieve it, thanks to strong support from the town and the omnisports.\"<\/p>\n<p data-start=\"1754\" data-end=\"2014\">The Boulonnais club, winner of the first French mixed-team first division amateur championships last May in Verquin, will be relying on a majority of its top-level licensees, as Romain Poussin, the club's sporting director, explains.<\/p>\n<p data-start=\"2016\" data-end=\"2298\">\"We wanted to take on few outsiders or foreigners, while targeting specific categories to strengthen us, such as the -63kg with Dutchwoman Joanne Van Lieshout, 2024 world champion, or the +70kg, with double European junior champion C\u00e9lia Cancan.\"<\/p>\n<p data-start=\"2300\" data-end=\"2351\">A team cut out to play the leading roles.<\/p>","protected":false},"excerpt":{"rendered":"<p>Un club historique du judo fran\u00e7ais Il ne s\u2019agit rien de moins que l\u2019un des clubs historiques du judo fran\u00e7ais. Membre de l\u2019omnisports de Boulogne-Billancourt, la section judo, cr\u00e9\u00e9e en 1956, entretient une relation forte et fructueuse avec le tr\u00e8s haut niveau. En effet, c\u2019est sous ses couleurs que Jean-Luc Roug\u00e9 devient le premier champion [&hellip;]<\/p>\n","protected":false},"author":4,"featured_media":9563,"comment_status":"closed","ping_status":"open","sticky":false,"template":"","format":"standard","meta":{"footnotes":""},"categories":[25],"tags":[],"class_list":["post-9436","post","type-post","status-publish","format-standard","has-post-thumbnail","hentry","category-acbb-boulogne"],"acf":[],"yoast_head":"<!-- This site is optimized with the Yoast SEO plugin v27.1.1 - https:\/\/yoast.com\/product\/yoast-seo-wordpress\/ -->\n<title>L\u2019ACBB Judo veut r\u00e9aliser un gros coup\u2009! - Judo Pro League<\/title>\n<meta name=\"robots\" content=\"index, follow, max-snippet:-1, max-image-preview:large, max-video-preview:-1\" \/>\n<link rel=\"canonical\" href=\"https:\/\/judoproleague.com\/en\/lacbb-judo-out-to-make-a-big-splash\/\" \/>\n<meta property=\"og:locale\" content=\"en_US\" \/>\n<meta property=\"og:type\" content=\"article\" \/>\n<meta property=\"og:title\" content=\"L\u2019ACBB Judo veut r\u00e9aliser un gros coup\u2009! - Judo Pro League\" \/>\n<meta property=\"og:description\" content=\"Un club historique du judo fran\u00e7ais Il ne s\u2019agit rien de moins que l\u2019un des clubs historiques du judo fran\u00e7ais. Membre de l\u2019omnisports de Boulogne-Billancourt, la section judo, cr\u00e9\u00e9e en 1956, entretient une relation forte et fructueuse avec le tr\u00e8s haut niveau. En effet, c\u2019est sous ses couleurs que Jean-Luc Roug\u00e9 devient le premier champion [&hellip;]\" \/>\n<meta property=\"og:url\" content=\"https:\/\/judoproleague.com\/en\/lacbb-judo-out-to-make-a-big-splash\/\" \/>\n<meta property=\"og:site_name\" content=\"Judo Pro League\" \/>\n<meta property=\"article:published_time\" content=\"2025-10-09T08:36:35+00:00\" \/>\n<meta property=\"article:modified_time\" content=\"2025-10-09T08:39:10+00:00\" \/>\n<meta property=\"og:image\" content=\"https:\/\/judoproleague.com\/wp-content\/uploads\/2025\/10\/d3b8554d-e44e-42d6-88b6-50f5e60dbb5d.jpg\" \/>\n\t<meta property=\"og:image:width\" content=\"1200\" \/>\n\t<meta property=\"og:image:height\" content=\"513\" \/>\n\t<meta property=\"og:image:type\" content=\"image\/jpeg\" \/>\n<meta name=\"author\" content=\"Alan GAUDEFROY\" \/>\n<meta name=\"twitter:card\" content=\"summary_large_image\" \/>\n<meta name=\"twitter:label1\" content=\"Written by\" \/>\n\t<meta name=\"twitter:data1\" content=\"Alan GAUDEFROY\" \/>\n\t<meta name=\"twitter:label2\" content=\"Est. reading time\" \/>\n\t<meta name=\"twitter:data2\" content=\"3 minutes\" \/>\n<script type=\"application\/ld+json\" class=\"yoast-schema-graph\">{\"@context\":\"https:\/\/schema.org\",\"@graph\":[{\"@type\":\"Article\",\"@id\":\"https:\/\/judoproleague.com\/lacbb-judo-veut-realiser-un-gros-coup\/#article\",\"isPartOf\":{\"@id\":\"https:\/\/judoproleague.com\/lacbb-judo-veut-realiser-un-gros-coup\/\"},\"author\":{\"name\":\"Alan GAUDEFROY\",\"@id\":\"https:\/\/judoproleague.com\/#\/schema\/person\/1cc0d3c1265a4f6956c0bf9ad6389b37\"},\"headline\":\"L\u2019ACBB Judo veut r\u00e9aliser un gros coup\u2009!\",\"datePublished\":\"2025-10-09T08:36:35+00:00\",\"dateModified\":\"2025-10-09T08:39:10+00:00\",\"mainEntityOfPage\":{\"@id\":\"https:\/\/judoproleague.com\/lacbb-judo-veut-realiser-un-gros-coup\/\"},\"wordCount\":400,\"publisher\":{\"@id\":\"https:\/\/judoproleague.com\/#organization\"},\"image\":{\"@id\":\"https:\/\/judoproleague.com\/lacbb-judo-veut-realiser-un-gros-coup\/#primaryimage\"},\"thumbnailUrl\":\"https:\/\/judoproleague.com\/wp-content\/uploads\/2025\/10\/d3b8554d-e44e-42d6-88b6-50f5e60dbb5d.jpg\",\"articleSection\":[\"ACBB Boulogne\"],\"inLanguage\":\"en-US\"},{\"@type\":\"WebPage\",\"@id\":\"https:\/\/judoproleague.com\/lacbb-judo-veut-realiser-un-gros-coup\/\",\"url\":\"https:\/\/judoproleague.com\/lacbb-judo-veut-realiser-un-gros-coup\/\",\"name\":\"L\u2019ACBB Judo veut r\u00e9aliser un gros coup\u2009! - Judo Pro League\",\"isPartOf\":{\"@id\":\"https:\/\/judoproleague.com\/#website\"},\"primaryImageOfPage\":{\"@id\":\"https:\/\/judoproleague.com\/lacbb-judo-veut-realiser-un-gros-coup\/#primaryimage\"},\"image\":{\"@id\":\"https:\/\/judoproleague.com\/lacbb-judo-veut-realiser-un-gros-coup\/#primaryimage\"},\"thumbnailUrl\":\"https:\/\/judoproleague.com\/wp-content\/uploads\/2025\/10\/d3b8554d-e44e-42d6-88b6-50f5e60dbb5d.jpg\",\"datePublished\":\"2025-10-09T08:36:35+00:00\",\"dateModified\":\"2025-10-09T08:39:10+00:00\",\"inLanguage\":\"en-US\",\"potentialAction\":[{\"@type\":\"ReadAction\",\"target\":[\"https:\/\/judoproleague.com\/lacbb-judo-veut-realiser-un-gros-coup\/\"]}]},{\"@type\":\"ImageObject\",\"inLanguage\":\"en-US\",\"@id\":\"https:\/\/judoproleague.com\/lacbb-judo-veut-realiser-un-gros-coup\/#primaryimage\",\"url\":\"https:\/\/judoproleague.com\/wp-content\/uploads\/2025\/10\/d3b8554d-e44e-42d6-88b6-50f5e60dbb5d.jpg\",\"contentUrl\":\"https:\/\/judoproleague.com\/wp-content\/uploads\/2025\/10\/d3b8554d-e44e-42d6-88b6-50f5e60dbb5d.jpg\",\"width\":1200,\"height\":513},{\"@type\":\"WebSite\",\"@id\":\"https:\/\/judoproleague.com\/#website\",\"url\":\"https:\/\/judoproleague.com\/\",\"name\":\"Judo Pro League\",\"description\":\"\",\"publisher\":{\"@id\":\"https:\/\/judoproleague.com\/#organization\"},\"potentialAction\":[{\"@type\":\"SearchAction\",\"target\":{\"@type\":\"EntryPoint\",\"urlTemplate\":\"https:\/\/judoproleague.com\/?s={search_term_string}\"},\"query-input\":{\"@type\":\"PropertyValueSpecification\",\"valueRequired\":true,\"valueName\":\"search_term_string\"}}],\"inLanguage\":\"en-US\"},{\"@type\":\"Organization\",\"@id\":\"https:\/\/judoproleague.com\/#organization\",\"name\":\"Judo Pro League\",\"url\":\"https:\/\/judoproleague.com\/\",\"logo\":{\"@type\":\"ImageObject\",\"inLanguage\":\"en-US\",\"@id\":\"https:\/\/judoproleague.com\/#\/schema\/logo\/image\/\",\"url\":\"https:\/\/judoproleague.com\/wp-content\/uploads\/2024\/10\/JPL-LOGO-light-1.svg\",\"contentUrl\":\"https:\/\/judoproleague.com\/wp-content\/uploads\/2024\/10\/JPL-LOGO-light-1.svg\",\"width\":198,\"height\":83,\"caption\":\"Judo Pro League\"},\"image\":{\"@id\":\"https:\/\/judoproleague.com\/#\/schema\/logo\/image\/\"}},{\"@type\":\"Person\",\"@id\":\"https:\/\/judoproleague.com\/#\/schema\/person\/1cc0d3c1265a4f6956c0bf9ad6389b37\",\"name\":\"Alan GAUDEFROY\",\"image\":{\"@type\":\"ImageObject\",\"inLanguage\":\"en-US\",\"@id\":\"https:\/\/judoproleague.com\/#\/schema\/person\/image\/\",\"url\":\"https:\/\/secure.gravatar.com\/avatar\/f7ed2dc65f91e5fc8e3a880a460ca52653ffa31251b597d2880f1aaf5b39fdc4?s=96&d=mm&r=g\",\"contentUrl\":\"https:\/\/secure.gravatar.com\/avatar\/f7ed2dc65f91e5fc8e3a880a460ca52653ffa31251b597d2880f1aaf5b39fdc4?s=96&d=mm&r=g\",\"caption\":\"Alan GAUDEFROY\"},\"url\":\"https:\/\/judoproleague.com\/en\/author\/alanjpl\/\"}]}<\/script>\n<!-- \/ Yoast SEO plugin. -->","yoast_head_json":{"title":"ACBB Judo out to make it big! - Judo Pro League","robots":{"index":"index","follow":"follow","max-snippet":"max-snippet:-1","max-image-preview":"max-image-preview:large","max-video-preview":"max-video-preview:-1"},"canonical":"https:\/\/judoproleague.com\/en\/lacbb-judo-out-to-make-a-big-splash\/","og_locale":"en_US","og_type":"article","og_title":"L\u2019ACBB Judo veut r\u00e9aliser un gros coup\u2009! - Judo Pro League","og_description":"Un club historique du judo fran\u00e7ais Il ne s\u2019agit rien de moins que l\u2019un des clubs historiques du judo fran\u00e7ais. Membre de l\u2019omnisports de Boulogne-Billancourt, la section judo, cr\u00e9\u00e9e en 1956, entretient une relation forte et fructueuse avec le tr\u00e8s haut niveau. En effet, c\u2019est sous ses couleurs que Jean-Luc Roug\u00e9 devient le premier champion [&hellip;]","og_url":"https:\/\/judoproleague.com\/en\/lacbb-judo-out-to-make-a-big-splash\/","og_site_name":"Judo Pro League","article_published_time":"2025-10-09T08:36:35+00:00","article_modified_time":"2025-10-09T08:39:10+00:00","og_image":[{"width":1200,"height":513,"url":"https:\/\/judoproleague.com\/wp-content\/uploads\/2025\/10\/d3b8554d-e44e-42d6-88b6-50f5e60dbb5d.jpg","type":"image\/jpeg"}],"author":"Alan GAUDEFROY","twitter_card":"summary_large_image","twitter_misc":{"Written by":"Alan GAUDEFROY","Est. reading time":"3 minutes"},"schema":{"@context":"https:\/\/schema.org","@graph":[{"@type":"Article","@id":"https:\/\/judoproleague.com\/lacbb-judo-veut-realiser-un-gros-coup\/#article","isPartOf":{"@id":"https:\/\/judoproleague.com\/lacbb-judo-veut-realiser-un-gros-coup\/"},"author":{"name":"Alan GAUDEFROY","@id":"https:\/\/judoproleague.com\/#\/schema\/person\/1cc0d3c1265a4f6956c0bf9ad6389b37"},"headline":"L\u2019ACBB Judo veut r\u00e9aliser un gros coup\u2009!","datePublished":"2025-10-09T08:36:35+00:00","dateModified":"2025-10-09T08:39:10+00:00","mainEntityOfPage":{"@id":"https:\/\/judoproleague.com\/lacbb-judo-veut-realiser-un-gros-coup\/"},"wordCount":400,"publisher":{"@id":"https:\/\/judoproleague.com\/#organization"},"image":{"@id":"https:\/\/judoproleague.com\/lacbb-judo-veut-realiser-un-gros-coup\/#primaryimage"},"thumbnailUrl":"https:\/\/judoproleague.com\/wp-content\/uploads\/2025\/10\/d3b8554d-e44e-42d6-88b6-50f5e60dbb5d.jpg","articleSection":["ACBB Boulogne"],"inLanguage":"en-US"},{"@type":"WebPage","@id":"https:\/\/judoproleague.com\/lacbb-judo-veut-realiser-un-gros-coup\/","url":"https:\/\/judoproleague.com\/lacbb-judo-veut-realiser-un-gros-coup\/","name":"ACBB Judo out to make it big! - Judo Pro League","isPartOf":{"@id":"https:\/\/judoproleague.com\/#website"},"primaryImageOfPage":{"@id":"https:\/\/judoproleague.com\/lacbb-judo-veut-realiser-un-gros-coup\/#primaryimage"},"image":{"@id":"https:\/\/judoproleague.com\/lacbb-judo-veut-realiser-un-gros-coup\/#primaryimage"},"thumbnailUrl":"https:\/\/judoproleague.com\/wp-content\/uploads\/2025\/10\/d3b8554d-e44e-42d6-88b6-50f5e60dbb5d.jpg","datePublished":"2025-10-09T08:36:35+00:00","dateModified":"2025-10-09T08:39:10+00:00","inLanguage":"en-US","potentialAction":[{"@type":"ReadAction","target":["https:\/\/judoproleague.com\/lacbb-judo-veut-realiser-un-gros-coup\/"]}]},{"@type":"ImageObject","inLanguage":"en-US","@id":"https:\/\/judoproleague.com\/lacbb-judo-veut-realiser-un-gros-coup\/#primaryimage","url":"https:\/\/judoproleague.com\/wp-content\/uploads\/2025\/10\/d3b8554d-e44e-42d6-88b6-50f5e60dbb5d.jpg","contentUrl":"https:\/\/judoproleague.com\/wp-content\/uploads\/2025\/10\/d3b8554d-e44e-42d6-88b6-50f5e60dbb5d.jpg","width":1200,"height":513},{"@type":"WebSite","@id":"https:\/\/judoproleague.com\/#website","url":"https:\/\/judoproleague.com\/","name":"Judo Pro League","description":"","publisher":{"@id":"https:\/\/judoproleague.com\/#organization"},"potentialAction":[{"@type":"SearchAction","target":{"@type":"EntryPoint","urlTemplate":"https:\/\/judoproleague.com\/?s={search_term_string}"},"query-input":{"@type":"PropertyValueSpecification","valueRequired":true,"valueName":"search_term_string"}}],"inLanguage":"en-US"},{"@type":"Organization","@id":"https:\/\/judoproleague.com\/#organization","name":"Judo Pro League","url":"https:\/\/judoproleague.com\/","logo":{"@type":"ImageObject","inLanguage":"en-US","@id":"https:\/\/judoproleague.com\/#\/schema\/logo\/image\/","url":"https:\/\/judoproleague.com\/wp-content\/uploads\/2024\/10\/JPL-LOGO-light-1.svg","contentUrl":"https:\/\/judoproleague.com\/wp-content\/uploads\/2024\/10\/JPL-LOGO-light-1.svg","width":198,"height":83,"caption":"Judo Pro League"},"image":{"@id":"https:\/\/judoproleague.com\/#\/schema\/logo\/image\/"}},{"@type":"Person","@id":"https:\/\/judoproleague.com\/#\/schema\/person\/1cc0d3c1265a4f6956c0bf9ad6389b37","name":"Alan GAUDEFROY","image":{"@type":"ImageObject","inLanguage":"en-US","@id":"https:\/\/judoproleague.com\/#\/schema\/person\/image\/","url":"https:\/\/secure.gravatar.com\/avatar\/f7ed2dc65f91e5fc8e3a880a460ca52653ffa31251b597d2880f1aaf5b39fdc4?s=96&d=mm&r=g","contentUrl":"https:\/\/secure.gravatar.com\/avatar\/f7ed2dc65f91e5fc8e3a880a460ca52653ffa31251b597d2880f1aaf5b39fdc4?s=96&d=mm&r=g","caption":"Alan GAUDEFROY"},"url":"https:\/\/judoproleague.com\/en\/author\/alanjpl\/"}]}},"_links":{"self":[{"href":"https:\/\/judoproleague.com\/en\/wp-json\/wp\/v2\/posts\/9436","targetHints":{"allow":["GET"]}}],"collection":[{"href":"https:\/\/judoproleague.com\/en\/wp-json\/wp\/v2\/posts"}],"about":[{"href":"https:\/\/judoproleague.com\/en\/wp-json\/wp\/v2\/types\/post"}],"author":[{"embeddable":true,"href":"https:\/\/judoproleague.com\/en\/wp-json\/wp\/v2\/users\/4"}],"replies":[{"embeddable":true,"href":"https:\/\/judoproleague.com\/en\/wp-json\/wp\/v2\/comments?post=9436"}],"version-history":[{"count":2,"href":"https:\/\/judoproleague.com\/en\/wp-json\/wp\/v2\/posts\/9436\/revisions"}],"predecessor-version":[{"id":9564,"href":"https:\/\/judoproleague.com\/en\/wp-json\/wp\/v2\/posts\/9436\/revisions\/9564"}],"wp:featuredmedia":[{"embeddable":true,"href":"https:\/\/judoproleague.com\/en\/wp-json\/wp\/v2\/media\/9563"}],"wp:attachment":[{"href":"https:\/\/judoproleague.com\/en\/wp-json\/wp\/v2\/media?parent=9436"}],"wp:term":[{"taxonomy":"category","embeddable":true,"href":"https:\/\/judoproleague.com\/en\/wp-json\/wp\/v2\/categories?post=9436"},{"taxonomy":"post_tag","embeddable":true,"href":"https:\/\/judoproleague.com\/en\/wp-json\/wp\/v2\/tags?post=9436"}],"curies":[{"name":"wp","href":"https:\/\/api.w.org\/{rel}","templated":true}]}}