{"id":8883,"date":"2025-10-06T12:34:36","date_gmt":"2025-10-06T10:34:36","guid":{"rendered":"https:\/\/judoproleague.com\/?p=8883"},"modified":"2025-10-06T12:34:36","modified_gmt":"2025-10-06T10:34:36","slug":"judo-pro-league-week-2-presentation-of-matches","status":"publish","type":"post","link":"https:\/\/judoproleague.com\/en\/judo-pro-league-semaine-2-presentation-des-rencontres\/","title":{"rendered":"Judo Pro League Week #2: Fixtures presentation"},"content":{"rendered":"<p data-start=\"351\" data-end=\"672\">The Judo Pro League enters its second week of competition with <strong data-start=\"421\" data-end=\"442\">four meetings<\/strong> which will already give valuable indications of each person's ambitions.<br data-start=\"516\" data-end=\"519\" \/>Between historic clubs, new formations and prestigious reinforcements, the season is settling in and promises some high-profile confrontations on every tatamis.<\/p>\n<hr data-start=\"674\" data-end=\"677\" \/>\n<h2 data-start=\"679\" data-end=\"734\">Tuesday, October 7: AM Saint-Gratien vs Dojo B\u00e9glais<\/h2>\n<p data-start=\"736\" data-end=\"1445\">Newcomer to the Judo Pro League, <strong data-start=\"774\" data-end=\"796\">AM Saint-Gratien<\/strong> is about to discover the competition in front of its home crowd. The Val-d'Oise club, led by <strong data-start=\"887\" data-end=\"939\">Khamzat Saparbaev, Jason Okoye and Lyse Versmisse<\/strong>is approaching its first season with determination. Their objective is clear: to establish themselves firmly in the league and aim for a place in the quarter-finals.<br data-start=\"1106\" data-end=\"1109\" \/>Opposite him, the <strong data-start=\"1124\" data-end=\"1140\">Dojo B\u00e9glais<\/strong>present since the first edition, is aiming to turn things around after a tricky 2024 season. The team led by <strong data-start=\"1255\" data-end=\"1279\">Christophe Dumontier<\/strong> relies on its experience and the presence of the <strong data-start=\"1331\" data-end=\"1375\">double world champion Barbara Matic<\/strong> to revive its momentum and return to the top of the rankings.<\/p>\n<hr data-start=\"1447\" data-end=\"1450\" \/>\n<h2 data-start=\"1452\" data-end=\"1504\">Wednesday, October 8: Normandie Judo vs SGS Judo<\/h2>\n<p data-start=\"1506\" data-end=\"2228\">Visit <strong data-start=\"1509\" data-end=\"1527\">Normandie Judo<\/strong> returns to the Judo Pro League with a view to breaking new ground. Having been eliminated at the quarter-final stage last year, the Normandy-based outfit is back on the same footing: a 100-% regional squad and an unchanged fighting spirit. Under the direction of <strong data-start=\"1770\" data-end=\"1810\">Romaric Bouda, Perrine Saint-\u00c9tienne<\/strong> and <strong data-start=\"1814\" data-end=\"1829\">Th\u00e9o Riquin<\/strong>The Normans are hoping to spring a surprise against one of the championship favourites.<br data-start=\"1910\" data-end=\"1913\" \/><strong data-start=\"1913\" data-end=\"1925\">SGS Judo<\/strong>a finalist in 2023 and semi-finalist in 2024, is aiming for the national title that still eludes it. The club from <strong data-start=\"2030\" data-end=\"2047\">Laurent Bosch<\/strong> is supported by an experienced backbone - <strong data-start=\"2089\" data-end=\"2136\">L\u00e9a Fontaine, Adam Kopecky, Quentin Joubert<\/strong> and <strong data-start=\"2140\" data-end=\"2157\">C\u00e9dric Olivar<\/strong> - and the stability of a group capable of dominating the championship.<\/p>\n<p data-start=\"1506\" data-end=\"2228\"><img loading=\"lazy\" decoding=\"async\" class=\"alignnone wp-image-8884 size-full\" src=\"https:\/\/judoproleague.com\/wp-content\/uploads\/2025\/10\/Demi-Orleans-SGS-FinalFour-210-_TA70851-1-scaled.jpg\" alt=\"\" width=\"2560\" height=\"1707\" srcset=\"https:\/\/judoproleague.com\/wp-content\/uploads\/2025\/10\/Demi-Orleans-SGS-FinalFour-210-_TA70851-1-scaled.jpg 2560w, https:\/\/judoproleague.com\/wp-content\/uploads\/2025\/10\/Demi-Orleans-SGS-FinalFour-210-_TA70851-1-300x200.jpg 300w, https:\/\/judoproleague.com\/wp-content\/uploads\/2025\/10\/Demi-Orleans-SGS-FinalFour-210-_TA70851-1-1024x683.jpg 1024w, https:\/\/judoproleague.com\/wp-content\/uploads\/2025\/10\/Demi-Orleans-SGS-FinalFour-210-_TA70851-1-768x512.jpg 768w, https:\/\/judoproleague.com\/wp-content\/uploads\/2025\/10\/Demi-Orleans-SGS-FinalFour-210-_TA70851-1-1536x1024.jpg 1536w, https:\/\/judoproleague.com\/wp-content\/uploads\/2025\/10\/Demi-Orleans-SGS-FinalFour-210-_TA70851-1-2048x1365.jpg 2048w, https:\/\/judoproleague.com\/wp-content\/uploads\/2025\/10\/Demi-Orleans-SGS-FinalFour-210-_TA70851-1-18x12.jpg 18w\" sizes=\"auto, (max-width: 2560px) 100vw, 2560px\" \/><\/p>\n<hr data-start=\"2230\" data-end=\"2233\" \/>\n<h2 data-start=\"2235\" data-end=\"2314\">Thursday, October 9: Montpellier Judo Olympic vs Juniville Marnaval Grand Est<\/h2>\n<p data-start=\"2316\" data-end=\"3058\">After a season marked by its first qualification for the quarter-finals, the <strong data-start=\"2395\" data-end=\"2423\">Montpellier Judo Olympic<\/strong> wants to confirm its progress. The<strong data-start=\"2466\" data-end=\"2482\">Angel Gustan<\/strong> is based on cohesion and the solidity of a constantly evolving team. The reception of Juniville Marnaval, one of the most reinforced teams of the off-season, will be a major test.<br data-start=\"2695\" data-end=\"2698\" \/>Facing her, <strong data-start=\"2711\" data-end=\"2743\">Juniville Marnaval Grand Est<\/strong> has new ambitions. After a promising apprenticeship season, the club has treated itself to a luxury recruitment campaign: <strong data-start=\"2869\" data-end=\"2889\">Amandine Buchard<\/strong>, <strong data-start=\"2891\" data-end=\"2911\">Miriam Butkereit<\/strong> and <strong data-start=\"2915\" data-end=\"2941\">Anne-Fatoumata M'Bairo<\/strong> join a workforce already made up of<strong data-start=\"2980\" data-end=\"2995\">Andy Granda<\/strong>, <strong data-start=\"2997\" data-end=\"3016\">M\u00e9lanie Cl\u00e9ment<\/strong> and brothers <strong data-start=\"3031\" data-end=\"3055\">Lou and T\u00e9o L'Herbier<\/strong>.<\/p>\n<hr data-start=\"3060\" data-end=\"3063\" \/>\n<h2 data-start=\"3065\" data-end=\"3137\">Thursday, October 9: AC Boulogne-Billancourt vs US Orl\u00e9ans Judo Loiret<\/h2>\n<p data-start=\"3139\" data-end=\"3892\">For his first appearance in the Judo Pro League, <strong data-start=\"3187\" data-end=\"3216\">AC Boulogne-Billancourt<\/strong> has set its sights high. The <strong data-start=\"3261\" data-end=\"3279\">Romain Poussin<\/strong> combines club-trained talent - <strong data-start=\"3313\" data-end=\"3375\">Sarah-L\u00e9onie Cysique, Romain Valadier Picard, Kenny Liv\u00e8ze<\/strong> - and prestigious international reinforcements with Japan's <strong data-start=\"3435\" data-end=\"3454\">Haruna Funakubo<\/strong> and Dutchwoman <strong data-start=\"3474\" data-end=\"3497\">Joanne Van Lieshout<\/strong>.<br data-start=\"3498\" data-end=\"3501\" \/>Visit <strong data-start=\"3504\" data-end=\"3523\">defending champion<\/strong>, <strong data-start=\"3525\" data-end=\"3551\">US Orleans Judo Loiret<\/strong>The team is virtually unchanged. Despite the departure of<strong data-start=\"3621\" data-end=\"3647\">Anne-Fatoumata M'Bairo<\/strong>the group led by <strong data-start=\"3670\" data-end=\"3691\">Anthony Rodriguez<\/strong> keeps its frames <strong data-start=\"3712\" data-end=\"3754\">Arnaud Aregba, Martha Fawaz, Enzo Jean<\/strong> and <strong data-start=\"3758\" data-end=\"3774\">Ana\u00efs Perrot<\/strong>. The Orl\u00e9anais, solid and consistent, intend to defend their crown with the same determination as last year.<\/p>\n<hr data-start=\"3060\" data-end=\"3063\" \/>\n<h2 data-start=\"3970\" data-end=\"4033\">Watch live on YouTube and judoproleague.com<\/h2>\n<p data-start=\"4035\" data-end=\"4412\">All the week's meetings will be <strong data-start=\"4080\" data-end=\"4136\">to be followed live on the France Judo YouTube channel<\/strong> and on the official website <strong data-start=\"4161\" data-end=\"4211\"><a class=\"decorated-link\" href=\"https:\/\/judoproleague.com\/en\/\" target=\"_new\" rel=\"noopener\" data-start=\"4163\" data-end=\"4209\">judoproleague.com<\/a><\/strong>.<br data-start=\"4212\" data-end=\"4215\" \/>Enthusiasts can also take part in the <strong data-start=\"4263\" data-end=\"4288\">Judo Pronos Challenge<\/strong>the league's official game, to predict the winners and earn points throughout the season.<\/p>\n<p data-start=\"4414\" data-end=\"4514\">The Judo Pro League has only just begun, and already the battle for the Final Four looks set to be fierce.<\/p>","protected":false},"excerpt":{"rendered":"<p>La Judo Pro League entre dans sa deuxi\u00e8me semaine de comp\u00e9tition avec quatre rencontres qui donneront d\u00e9j\u00e0 de pr\u00e9cieuses indications sur les ambitions de chacun.Entre clubs historiques, nouvelles formations et renforts de prestige, la saison s\u2019installe et promet des confrontations relev\u00e9es sur tous les tatamis. Mardi 7 octobre : AM Saint-Gratien vs Dojo B\u00e9glais Nouveau [&hellip;]<\/p>\n","protected":false},"author":4,"featured_media":8885,"comment_status":"closed","ping_status":"open","sticky":false,"template":"","format":"standard","meta":{"footnotes":""},"categories":[1],"tags":[],"class_list":["post-8883","post","type-post","status-publish","format-standard","has-post-thumbnail","hentry","category-non-classe"],"acf":[],"yoast_head":"<!-- This site is optimized with the Yoast SEO plugin v27.1.1 - https:\/\/yoast.com\/product\/yoast-seo-wordpress\/ -->\n<title>Judo Pro League Semaine #2 : Pr\u00e9sentation des rencontres - Judo Pro League<\/title>\n<meta name=\"robots\" content=\"index, follow, max-snippet:-1, max-image-preview:large, max-video-preview:-1\" \/>\n<link rel=\"canonical\" href=\"https:\/\/judoproleague.com\/en\/judo-pro-league-week-2-presentation-of-matches\/\" \/>\n<meta property=\"og:locale\" content=\"en_US\" \/>\n<meta property=\"og:type\" content=\"article\" \/>\n<meta property=\"og:title\" content=\"Judo Pro League Semaine #2 : Pr\u00e9sentation des rencontres - Judo Pro League\" \/>\n<meta property=\"og:description\" content=\"La Judo Pro League entre dans sa deuxi\u00e8me semaine de comp\u00e9tition avec quatre rencontres qui donneront d\u00e9j\u00e0 de pr\u00e9cieuses indications sur les ambitions de chacun.Entre clubs historiques, nouvelles formations et renforts de prestige, la saison s\u2019installe et promet des confrontations relev\u00e9es sur tous les tatamis. Mardi 7 octobre : AM Saint-Gratien vs Dojo B\u00e9glais Nouveau [&hellip;]\" \/>\n<meta property=\"og:url\" content=\"https:\/\/judoproleague.com\/en\/judo-pro-league-week-2-presentation-of-matches\/\" \/>\n<meta property=\"og:site_name\" content=\"Judo Pro League\" \/>\n<meta property=\"article:published_time\" content=\"2025-10-06T10:34:36+00:00\" \/>\n<meta property=\"og:image\" content=\"https:\/\/judoproleague.com\/wp-content\/uploads\/2025\/10\/Demi-Orleans-SGS-FinalFour-347-_TA91489-1-scaled.jpg\" \/>\n\t<meta property=\"og:image:width\" content=\"2560\" \/>\n\t<meta property=\"og:image:height\" content=\"1707\" \/>\n\t<meta property=\"og:image:type\" content=\"image\/jpeg\" \/>\n<meta name=\"author\" content=\"Alan GAUDEFROY\" \/>\n<meta name=\"twitter:card\" content=\"summary_large_image\" \/>\n<meta name=\"twitter:label1\" content=\"Written by\" \/>\n\t<meta name=\"twitter:data1\" content=\"Alan GAUDEFROY\" \/>\n\t<meta name=\"twitter:label2\" content=\"Est. reading time\" \/>\n\t<meta name=\"twitter:data2\" content=\"4 minutes\" \/>\n<script type=\"application\/ld+json\" class=\"yoast-schema-graph\">{\"@context\":\"https:\/\/schema.org\",\"@graph\":[{\"@type\":\"Article\",\"@id\":\"https:\/\/judoproleague.com\/judo-pro-league-semaine-2-presentation-des-rencontres\/#article\",\"isPartOf\":{\"@id\":\"https:\/\/judoproleague.com\/judo-pro-league-semaine-2-presentation-des-rencontres\/\"},\"author\":{\"name\":\"Alan GAUDEFROY\",\"@id\":\"https:\/\/judoproleague.com\/#\/schema\/person\/1cc0d3c1265a4f6956c0bf9ad6389b37\"},\"headline\":\"Judo Pro League Semaine #2 : Pr\u00e9sentation des rencontres\",\"datePublished\":\"2025-10-06T10:34:36+00:00\",\"mainEntityOfPage\":{\"@id\":\"https:\/\/judoproleague.com\/judo-pro-league-semaine-2-presentation-des-rencontres\/\"},\"wordCount\":667,\"publisher\":{\"@id\":\"https:\/\/judoproleague.com\/#organization\"},\"image\":{\"@id\":\"https:\/\/judoproleague.com\/judo-pro-league-semaine-2-presentation-des-rencontres\/#primaryimage\"},\"thumbnailUrl\":\"https:\/\/judoproleague.com\/wp-content\/uploads\/2025\/10\/Demi-Orleans-SGS-FinalFour-347-_TA91489-1-scaled.jpg\",\"articleSection\":[\"Non class\u00e9\"],\"inLanguage\":\"en-US\"},{\"@type\":\"WebPage\",\"@id\":\"https:\/\/judoproleague.com\/judo-pro-league-semaine-2-presentation-des-rencontres\/\",\"url\":\"https:\/\/judoproleague.com\/judo-pro-league-semaine-2-presentation-des-rencontres\/\",\"name\":\"Judo Pro League Semaine #2 : Pr\u00e9sentation des rencontres - Judo Pro League\",\"isPartOf\":{\"@id\":\"https:\/\/judoproleague.com\/#website\"},\"primaryImageOfPage\":{\"@id\":\"https:\/\/judoproleague.com\/judo-pro-league-semaine-2-presentation-des-rencontres\/#primaryimage\"},\"image\":{\"@id\":\"https:\/\/judoproleague.com\/judo-pro-league-semaine-2-presentation-des-rencontres\/#primaryimage\"},\"thumbnailUrl\":\"https:\/\/judoproleague.com\/wp-content\/uploads\/2025\/10\/Demi-Orleans-SGS-FinalFour-347-_TA91489-1-scaled.jpg\",\"datePublished\":\"2025-10-06T10:34:36+00:00\",\"inLanguage\":\"en-US\",\"potentialAction\":[{\"@type\":\"ReadAction\",\"target\":[\"https:\/\/judoproleague.com\/judo-pro-league-semaine-2-presentation-des-rencontres\/\"]}]},{\"@type\":\"ImageObject\",\"inLanguage\":\"en-US\",\"@id\":\"https:\/\/judoproleague.com\/judo-pro-league-semaine-2-presentation-des-rencontres\/#primaryimage\",\"url\":\"https:\/\/judoproleague.com\/wp-content\/uploads\/2025\/10\/Demi-Orleans-SGS-FinalFour-347-_TA91489-1-scaled.jpg\",\"contentUrl\":\"https:\/\/judoproleague.com\/wp-content\/uploads\/2025\/10\/Demi-Orleans-SGS-FinalFour-347-_TA91489-1-scaled.jpg\",\"width\":2560,\"height\":1707},{\"@type\":\"WebSite\",\"@id\":\"https:\/\/judoproleague.com\/#website\",\"url\":\"https:\/\/judoproleague.com\/\",\"name\":\"Judo Pro League\",\"description\":\"\",\"publisher\":{\"@id\":\"https:\/\/judoproleague.com\/#organization\"},\"potentialAction\":[{\"@type\":\"SearchAction\",\"target\":{\"@type\":\"EntryPoint\",\"urlTemplate\":\"https:\/\/judoproleague.com\/?s={search_term_string}\"},\"query-input\":{\"@type\":\"PropertyValueSpecification\",\"valueRequired\":true,\"valueName\":\"search_term_string\"}}],\"inLanguage\":\"en-US\"},{\"@type\":\"Organization\",\"@id\":\"https:\/\/judoproleague.com\/#organization\",\"name\":\"Judo Pro League\",\"url\":\"https:\/\/judoproleague.com\/\",\"logo\":{\"@type\":\"ImageObject\",\"inLanguage\":\"en-US\",\"@id\":\"https:\/\/judoproleague.com\/#\/schema\/logo\/image\/\",\"url\":\"https:\/\/judoproleague.com\/wp-content\/uploads\/2024\/10\/JPL-LOGO-light-1.svg\",\"contentUrl\":\"https:\/\/judoproleague.com\/wp-content\/uploads\/2024\/10\/JPL-LOGO-light-1.svg\",\"width\":198,\"height\":83,\"caption\":\"Judo Pro League\"},\"image\":{\"@id\":\"https:\/\/judoproleague.com\/#\/schema\/logo\/image\/\"}},{\"@type\":\"Person\",\"@id\":\"https:\/\/judoproleague.com\/#\/schema\/person\/1cc0d3c1265a4f6956c0bf9ad6389b37\",\"name\":\"Alan GAUDEFROY\",\"image\":{\"@type\":\"ImageObject\",\"inLanguage\":\"en-US\",\"@id\":\"https:\/\/judoproleague.com\/#\/schema\/person\/image\/\",\"url\":\"https:\/\/secure.gravatar.com\/avatar\/f7ed2dc65f91e5fc8e3a880a460ca52653ffa31251b597d2880f1aaf5b39fdc4?s=96&d=mm&r=g\",\"contentUrl\":\"https:\/\/secure.gravatar.com\/avatar\/f7ed2dc65f91e5fc8e3a880a460ca52653ffa31251b597d2880f1aaf5b39fdc4?s=96&d=mm&r=g\",\"caption\":\"Alan GAUDEFROY\"},\"url\":\"https:\/\/judoproleague.com\/en\/author\/alanjpl\/\"}]}<\/script>\n<!-- \/ Yoast SEO plugin. -->","yoast_head_json":{"title":"Judo Pro League Week #2: Match preview - Judo Pro League","robots":{"index":"index","follow":"follow","max-snippet":"max-snippet:-1","max-image-preview":"max-image-preview:large","max-video-preview":"max-video-preview:-1"},"canonical":"https:\/\/judoproleague.com\/en\/judo-pro-league-week-2-presentation-of-matches\/","og_locale":"en_US","og_type":"article","og_title":"Judo Pro League Semaine #2 : Pr\u00e9sentation des rencontres - Judo Pro League","og_description":"La Judo Pro League entre dans sa deuxi\u00e8me semaine de comp\u00e9tition avec quatre rencontres qui donneront d\u00e9j\u00e0 de pr\u00e9cieuses indications sur les ambitions de chacun.Entre clubs historiques, nouvelles formations et renforts de prestige, la saison s\u2019installe et promet des confrontations relev\u00e9es sur tous les tatamis. Mardi 7 octobre : AM Saint-Gratien vs Dojo B\u00e9glais Nouveau [&hellip;]","og_url":"https:\/\/judoproleague.com\/en\/judo-pro-league-week-2-presentation-of-matches\/","og_site_name":"Judo Pro League","article_published_time":"2025-10-06T10:34:36+00:00","og_image":[{"width":2560,"height":1707,"url":"https:\/\/judoproleague.com\/wp-content\/uploads\/2025\/10\/Demi-Orleans-SGS-FinalFour-347-_TA91489-1-scaled.jpg","type":"image\/jpeg"}],"author":"Alan GAUDEFROY","twitter_card":"summary_large_image","twitter_misc":{"Written by":"Alan GAUDEFROY","Est. reading time":"4 minutes"},"schema":{"@context":"https:\/\/schema.org","@graph":[{"@type":"Article","@id":"https:\/\/judoproleague.com\/judo-pro-league-semaine-2-presentation-des-rencontres\/#article","isPartOf":{"@id":"https:\/\/judoproleague.com\/judo-pro-league-semaine-2-presentation-des-rencontres\/"},"author":{"name":"Alan GAUDEFROY","@id":"https:\/\/judoproleague.com\/#\/schema\/person\/1cc0d3c1265a4f6956c0bf9ad6389b37"},"headline":"Judo Pro League Semaine #2 : Pr\u00e9sentation des rencontres","datePublished":"2025-10-06T10:34:36+00:00","mainEntityOfPage":{"@id":"https:\/\/judoproleague.com\/judo-pro-league-semaine-2-presentation-des-rencontres\/"},"wordCount":667,"publisher":{"@id":"https:\/\/judoproleague.com\/#organization"},"image":{"@id":"https:\/\/judoproleague.com\/judo-pro-league-semaine-2-presentation-des-rencontres\/#primaryimage"},"thumbnailUrl":"https:\/\/judoproleague.com\/wp-content\/uploads\/2025\/10\/Demi-Orleans-SGS-FinalFour-347-_TA91489-1-scaled.jpg","articleSection":["Non class\u00e9"],"inLanguage":"en-US"},{"@type":"WebPage","@id":"https:\/\/judoproleague.com\/judo-pro-league-semaine-2-presentation-des-rencontres\/","url":"https:\/\/judoproleague.com\/judo-pro-league-semaine-2-presentation-des-rencontres\/","name":"Judo Pro League Week #2: Match preview - Judo Pro League","isPartOf":{"@id":"https:\/\/judoproleague.com\/#website"},"primaryImageOfPage":{"@id":"https:\/\/judoproleague.com\/judo-pro-league-semaine-2-presentation-des-rencontres\/#primaryimage"},"image":{"@id":"https:\/\/judoproleague.com\/judo-pro-league-semaine-2-presentation-des-rencontres\/#primaryimage"},"thumbnailUrl":"https:\/\/judoproleague.com\/wp-content\/uploads\/2025\/10\/Demi-Orleans-SGS-FinalFour-347-_TA91489-1-scaled.jpg","datePublished":"2025-10-06T10:34:36+00:00","inLanguage":"en-US","potentialAction":[{"@type":"ReadAction","target":["https:\/\/judoproleague.com\/judo-pro-league-semaine-2-presentation-des-rencontres\/"]}]},{"@type":"ImageObject","inLanguage":"en-US","@id":"https:\/\/judoproleague.com\/judo-pro-league-semaine-2-presentation-des-rencontres\/#primaryimage","url":"https:\/\/judoproleague.com\/wp-content\/uploads\/2025\/10\/Demi-Orleans-SGS-FinalFour-347-_TA91489-1-scaled.jpg","contentUrl":"https:\/\/judoproleague.com\/wp-content\/uploads\/2025\/10\/Demi-Orleans-SGS-FinalFour-347-_TA91489-1-scaled.jpg","width":2560,"height":1707},{"@type":"WebSite","@id":"https:\/\/judoproleague.com\/#website","url":"https:\/\/judoproleague.com\/","name":"Judo Pro League","description":"","publisher":{"@id":"https:\/\/judoproleague.com\/#organization"},"potentialAction":[{"@type":"SearchAction","target":{"@type":"EntryPoint","urlTemplate":"https:\/\/judoproleague.com\/?s={search_term_string}"},"query-input":{"@type":"PropertyValueSpecification","valueRequired":true,"valueName":"search_term_string"}}],"inLanguage":"en-US"},{"@type":"Organization","@id":"https:\/\/judoproleague.com\/#organization","name":"Judo Pro League","url":"https:\/\/judoproleague.com\/","logo":{"@type":"ImageObject","inLanguage":"en-US","@id":"https:\/\/judoproleague.com\/#\/schema\/logo\/image\/","url":"https:\/\/judoproleague.com\/wp-content\/uploads\/2024\/10\/JPL-LOGO-light-1.svg","contentUrl":"https:\/\/judoproleague.com\/wp-content\/uploads\/2024\/10\/JPL-LOGO-light-1.svg","width":198,"height":83,"caption":"Judo Pro League"},"image":{"@id":"https:\/\/judoproleague.com\/#\/schema\/logo\/image\/"}},{"@type":"Person","@id":"https:\/\/judoproleague.com\/#\/schema\/person\/1cc0d3c1265a4f6956c0bf9ad6389b37","name":"Alan GAUDEFROY","image":{"@type":"ImageObject","inLanguage":"en-US","@id":"https:\/\/judoproleague.com\/#\/schema\/person\/image\/","url":"https:\/\/secure.gravatar.com\/avatar\/f7ed2dc65f91e5fc8e3a880a460ca52653ffa31251b597d2880f1aaf5b39fdc4?s=96&d=mm&r=g","contentUrl":"https:\/\/secure.gravatar.com\/avatar\/f7ed2dc65f91e5fc8e3a880a460ca52653ffa31251b597d2880f1aaf5b39fdc4?s=96&d=mm&r=g","caption":"Alan GAUDEFROY"},"url":"https:\/\/judoproleague.com\/en\/author\/alanjpl\/"}]}},"_links":{"self":[{"href":"https:\/\/judoproleague.com\/en\/wp-json\/wp\/v2\/posts\/8883","targetHints":{"allow":["GET"]}}],"collection":[{"href":"https:\/\/judoproleague.com\/en\/wp-json\/wp\/v2\/posts"}],"about":[{"href":"https:\/\/judoproleague.com\/en\/wp-json\/wp\/v2\/types\/post"}],"author":[{"embeddable":true,"href":"https:\/\/judoproleague.com\/en\/wp-json\/wp\/v2\/users\/4"}],"replies":[{"embeddable":true,"href":"https:\/\/judoproleague.com\/en\/wp-json\/wp\/v2\/comments?post=8883"}],"version-history":[{"count":1,"href":"https:\/\/judoproleague.com\/en\/wp-json\/wp\/v2\/posts\/8883\/revisions"}],"predecessor-version":[{"id":8887,"href":"https:\/\/judoproleague.com\/en\/wp-json\/wp\/v2\/posts\/8883\/revisions\/8887"}],"wp:featuredmedia":[{"embeddable":true,"href":"https:\/\/judoproleague.com\/en\/wp-json\/wp\/v2\/media\/8885"}],"wp:attachment":[{"href":"https:\/\/judoproleague.com\/en\/wp-json\/wp\/v2\/media?parent=8883"}],"wp:term":[{"taxonomy":"category","embeddable":true,"href":"https:\/\/judoproleague.com\/en\/wp-json\/wp\/v2\/categories?post=8883"},{"taxonomy":"post_tag","embeddable":true,"href":"https:\/\/judoproleague.com\/en\/wp-json\/wp\/v2\/tags?post=8883"}],"curies":[{"name":"wp","href":"https:\/\/api.w.org\/{rel}","templated":true}]}}