{"id":7359,"date":"2025-09-30T07:49:26","date_gmt":"2025-09-30T05:49:26","guid":{"rendered":"https:\/\/judoproleague.com\/?p=7359"},"modified":"2025-09-30T14:10:28","modified_gmt":"2025-09-30T12:10:28","slug":"the-judo-pro-league-returns-with-two-matches-in-the-first-week","status":"publish","type":"post","link":"https:\/\/judoproleague.com\/en\/la-judo-pro-league-est-de-retour-deux-rencontres-au-programme-de-la-premiere-semaine\/","title":{"rendered":"The Judo Pro League is back! Two matches on the program for the first week"},"content":{"rendered":"<p data-start=\"173\" data-end=\"511\">The Judo Pro League is back in action! This Tuesday, September 30 marks the launch of the 4\u1d49 edition of this unique competition, which brings together France's elite clubs around a mixed, fast-paced and spectacular team format. Two inaugural matches are on the program and already promise an evening rich in emotion:<\/p>\n<ul data-start=\"513\" data-end=\"627\">\n<li data-start=\"513\" data-end=\"557\">\n<p data-start=\"515\" data-end=\"557\"><strong data-start=\"515\" data-end=\"555\">7:00 pm: Auxerre Judo vs Dojo Nantais<\/strong><\/p>\n<\/li>\n<li data-start=\"558\" data-end=\"627\">\n<p data-start=\"560\" data-end=\"627\"><strong data-start=\"560\" data-end=\"625\">7:30 p.m.: Judo Nice M\u00e9tropole vs Judo Club de Pontault-Combault<\/strong><\/p>\n<\/li>\n<\/ul>\n<hr data-start=\"629\" data-end=\"632\" \/>\n<h3 data-start=\"634\" data-end=\"691\">Auxerre Judo vs Dojo Nantais: the duel of extremes<\/h3>\n<p data-start=\"692\" data-end=\"1156\">Last season's unfortunate runner-up, <strong data-start=\"733\" data-end=\"749\">Auxerre Judo<\/strong> begins a new campaign with a largely renewed squad. Several of the club's top women have left the ship, but the club has managed to attract promising young talent to bolster its ranks, most notably the two-time world junior champion <strong data-start=\"1003\" data-end=\"1024\">Melkia Auchecorne<\/strong>and<strong data-start=\"1035\" data-end=\"1055\">Alya De Carvalho<\/strong> and <strong data-start=\"1059\" data-end=\"1080\">Karie Ngosso Silo<\/strong>. With these recruits, Auxerre hopes to return to the finals.<\/p>\n<p data-start=\"1158\" data-end=\"1529\">Opposite, the <strong data-start=\"1170\" data-end=\"1186\">Dojo Nantais<\/strong>the last team in the 2024 ranking, presents itself with a mix of experience and youth. The captain <strong data-start=\"1286\" data-end=\"1301\">Manon Burel<\/strong>who is about to embark on his 4\u1d49 season of JPL, embodies continuity, while the young guard, led by <strong data-start=\"1408\" data-end=\"1424\">Lalie Pousse<\/strong>will be determined to give the Pays de la Loire club a chance to shine and stay in the competition.<\/p>\n<hr data-start=\"1531\" data-end=\"1534\" \/>\n<h3 data-start=\"1536\" data-end=\"1630\">Judo Nice M\u00e9tropole vs Judo Club de Pontault-Combault: the promoted challenge the ogre from Nice<\/h3>\n<p data-start=\"1631\" data-end=\"2119\">Crowned in 2024, the <strong data-start=\"1650\" data-end=\"1673\">Judo Nice M\u00e9tropole<\/strong> has had a busy mercato, particularly in terms of its women's squad. But the C\u00f4te d'Azur club has plenty to look forward to, with the arrival of experienced judoka such as <strong data-start=\"1835\" data-end=\"1860\">Fanny Estelle Posvite<\/strong> and <strong data-start=\"1864\" data-end=\"1884\">Oph\u00e9lie Vellozzi<\/strong>and the expected return of <strong data-start=\"1917\" data-end=\"1934\">Florine Soula<\/strong>. The team will still be able to count on its solid men's backbone, led by internationals <strong data-start=\"2032\" data-end=\"2049\">Maxime Gobert<\/strong> and <strong data-start=\"2053\" data-end=\"2070\">Tizie Gnamien<\/strong>already decisive in previous campaigns.<\/p>\n<p data-start=\"2121\" data-end=\"2515\">Opposite, the <strong data-start=\"2133\" data-end=\"2174\">Judo Club de Pontault-Combault (JCPC)<\/strong> is an ambitious newcomer. Among the six clubs joining the JPL this year, JCPC arrives with a dense, homogeneous squad featuring <strong data-start=\"2337\" data-end=\"2356\">William Cysique<\/strong>, <strong data-start=\"2358\" data-end=\"2378\">Laura Haberstock<\/strong> and the experienced <strong data-start=\"2397\" data-end=\"2419\">Valentine Marchand<\/strong>. The aim is clear: to reach at least a quarter-final on this first appearance.<\/p>\n<hr data-start=\"2517\" data-end=\"2520\" \/>\n<h3 data-start=\"2522\" data-end=\"2577\">A spectacular opening evening<\/h3>\n<p data-start=\"2578\" data-end=\"2976\">With Auxerre aiming to confirm their status, Dojo Nantais looking to redeem themselves, Nice looking to reclaim the title and Pontault-Combault dreaming of a major coup, this first week promises to get things off to a flying start.<\/p>\n<p data-start=\"2978\" data-end=\"3054\">\ud83d\udcfa Join us on Tuesday evening on France Judo's YouTube channel to experience the kick-off of this 4\u1d49 edition!<\/p>","protected":false},"excerpt":{"rendered":"<p>La Judo Pro League reprend ses droits ! Ce mardi 30 septembre marque le lancement de la 4\u1d49 \u00e9dition de cette comp\u00e9tition unique qui rassemble les clubs de l\u2019\u00e9lite fran\u00e7aise autour d\u2019un format par \u00e9quipes mixte, rapide et spectaculaire. Deux rencontres inaugurales sont au programme et promettent d\u00e9j\u00e0 une soir\u00e9e riche en \u00e9motions : 19h00 [&hellip;]<\/p>\n","protected":false},"author":4,"featured_media":7370,"comment_status":"closed","ping_status":"open","sticky":false,"template":"","format":"standard","meta":{"footnotes":""},"categories":[1],"tags":[],"class_list":["post-7359","post","type-post","status-publish","format-standard","has-post-thumbnail","hentry","category-non-classe"],"acf":[],"yoast_head":"<!-- This site is optimized with the Yoast SEO plugin v27.1.1 - https:\/\/yoast.com\/product\/yoast-seo-wordpress\/ -->\n<title>La Judo Pro League est de retour ! Deux rencontres au programme de la premi\u00e8re semaine - Judo Pro League<\/title>\n<meta name=\"robots\" content=\"index, follow, max-snippet:-1, max-image-preview:large, max-video-preview:-1\" \/>\n<link rel=\"canonical\" href=\"https:\/\/judoproleague.com\/en\/the-judo-pro-league-returns-with-two-matches-in-the-first-week\/\" \/>\n<meta property=\"og:locale\" content=\"en_US\" \/>\n<meta property=\"og:type\" content=\"article\" \/>\n<meta property=\"og:title\" content=\"La Judo Pro League est de retour ! Deux rencontres au programme de la premi\u00e8re semaine - Judo Pro League\" \/>\n<meta property=\"og:description\" content=\"La Judo Pro League reprend ses droits ! Ce mardi 30 septembre marque le lancement de la 4\u1d49 \u00e9dition de cette comp\u00e9tition unique qui rassemble les clubs de l\u2019\u00e9lite fran\u00e7aise autour d\u2019un format par \u00e9quipes mixte, rapide et spectaculaire. Deux rencontres inaugurales sont au programme et promettent d\u00e9j\u00e0 une soir\u00e9e riche en \u00e9motions : 19h00 [&hellip;]\" \/>\n<meta property=\"og:url\" content=\"https:\/\/judoproleague.com\/en\/the-judo-pro-league-returns-with-two-matches-in-the-first-week\/\" \/>\n<meta property=\"og:site_name\" content=\"Judo Pro League\" \/>\n<meta property=\"article:published_time\" content=\"2025-09-30T05:49:26+00:00\" \/>\n<meta property=\"article:modified_time\" content=\"2025-09-30T12:10:28+00:00\" \/>\n<meta property=\"og:image\" content=\"https:\/\/judoproleague.com\/wp-content\/uploads\/2025\/09\/Demi-Nice-Auxerre-FinalFour-049-_TA99647-1-scaled.jpg\" \/>\n\t<meta property=\"og:image:width\" content=\"2560\" \/>\n\t<meta property=\"og:image:height\" content=\"1707\" \/>\n\t<meta property=\"og:image:type\" content=\"image\/jpeg\" \/>\n<meta name=\"author\" content=\"Alan GAUDEFROY\" \/>\n<meta name=\"twitter:card\" content=\"summary_large_image\" \/>\n<meta name=\"twitter:label1\" content=\"Written by\" \/>\n\t<meta name=\"twitter:data1\" content=\"Alan GAUDEFROY\" \/>\n\t<meta name=\"twitter:label2\" content=\"Est. reading time\" \/>\n\t<meta name=\"twitter:data2\" content=\"3 minutes\" \/>\n<script type=\"application\/ld+json\" class=\"yoast-schema-graph\">{\"@context\":\"https:\/\/schema.org\",\"@graph\":[{\"@type\":\"Article\",\"@id\":\"https:\/\/judoproleague.com\/la-judo-pro-league-est-de-retour-deux-rencontres-au-programme-de-la-premiere-semaine\/#article\",\"isPartOf\":{\"@id\":\"https:\/\/judoproleague.com\/la-judo-pro-league-est-de-retour-deux-rencontres-au-programme-de-la-premiere-semaine\/\"},\"author\":{\"name\":\"Alan GAUDEFROY\",\"@id\":\"https:\/\/judoproleague.com\/#\/schema\/person\/1cc0d3c1265a4f6956c0bf9ad6389b37\"},\"headline\":\"La Judo Pro League est de retour ! Deux rencontres au programme de la premi\u00e8re semaine\",\"datePublished\":\"2025-09-30T05:49:26+00:00\",\"dateModified\":\"2025-09-30T12:10:28+00:00\",\"mainEntityOfPage\":{\"@id\":\"https:\/\/judoproleague.com\/la-judo-pro-league-est-de-retour-deux-rencontres-au-programme-de-la-premiere-semaine\/\"},\"wordCount\":482,\"publisher\":{\"@id\":\"https:\/\/judoproleague.com\/#organization\"},\"image\":{\"@id\":\"https:\/\/judoproleague.com\/la-judo-pro-league-est-de-retour-deux-rencontres-au-programme-de-la-premiere-semaine\/#primaryimage\"},\"thumbnailUrl\":\"https:\/\/judoproleague.com\/wp-content\/uploads\/2025\/09\/Demi-Nice-Auxerre-FinalFour-049-_TA99647-1-scaled.jpg\",\"articleSection\":[\"Non class\u00e9\"],\"inLanguage\":\"en-US\"},{\"@type\":\"WebPage\",\"@id\":\"https:\/\/judoproleague.com\/la-judo-pro-league-est-de-retour-deux-rencontres-au-programme-de-la-premiere-semaine\/\",\"url\":\"https:\/\/judoproleague.com\/la-judo-pro-league-est-de-retour-deux-rencontres-au-programme-de-la-premiere-semaine\/\",\"name\":\"La Judo Pro League est de retour ! Deux rencontres au programme de la premi\u00e8re semaine - Judo Pro League\",\"isPartOf\":{\"@id\":\"https:\/\/judoproleague.com\/#website\"},\"primaryImageOfPage\":{\"@id\":\"https:\/\/judoproleague.com\/la-judo-pro-league-est-de-retour-deux-rencontres-au-programme-de-la-premiere-semaine\/#primaryimage\"},\"image\":{\"@id\":\"https:\/\/judoproleague.com\/la-judo-pro-league-est-de-retour-deux-rencontres-au-programme-de-la-premiere-semaine\/#primaryimage\"},\"thumbnailUrl\":\"https:\/\/judoproleague.com\/wp-content\/uploads\/2025\/09\/Demi-Nice-Auxerre-FinalFour-049-_TA99647-1-scaled.jpg\",\"datePublished\":\"2025-09-30T05:49:26+00:00\",\"dateModified\":\"2025-09-30T12:10:28+00:00\",\"inLanguage\":\"en-US\",\"potentialAction\":[{\"@type\":\"ReadAction\",\"target\":[\"https:\/\/judoproleague.com\/la-judo-pro-league-est-de-retour-deux-rencontres-au-programme-de-la-premiere-semaine\/\"]}]},{\"@type\":\"ImageObject\",\"inLanguage\":\"en-US\",\"@id\":\"https:\/\/judoproleague.com\/la-judo-pro-league-est-de-retour-deux-rencontres-au-programme-de-la-premiere-semaine\/#primaryimage\",\"url\":\"https:\/\/judoproleague.com\/wp-content\/uploads\/2025\/09\/Demi-Nice-Auxerre-FinalFour-049-_TA99647-1-scaled.jpg\",\"contentUrl\":\"https:\/\/judoproleague.com\/wp-content\/uploads\/2025\/09\/Demi-Nice-Auxerre-FinalFour-049-_TA99647-1-scaled.jpg\",\"width\":2560,\"height\":1707,\"caption\":\"L'\u00e9quipe de Nice pr\u00eate \u00e0 monter sur le tapis lors de la Demi-finale Nice-Auxerre lors du Final Four 2025\"},{\"@type\":\"WebSite\",\"@id\":\"https:\/\/judoproleague.com\/#website\",\"url\":\"https:\/\/judoproleague.com\/\",\"name\":\"Judo Pro League\",\"description\":\"\",\"publisher\":{\"@id\":\"https:\/\/judoproleague.com\/#organization\"},\"potentialAction\":[{\"@type\":\"SearchAction\",\"target\":{\"@type\":\"EntryPoint\",\"urlTemplate\":\"https:\/\/judoproleague.com\/?s={search_term_string}\"},\"query-input\":{\"@type\":\"PropertyValueSpecification\",\"valueRequired\":true,\"valueName\":\"search_term_string\"}}],\"inLanguage\":\"en-US\"},{\"@type\":\"Organization\",\"@id\":\"https:\/\/judoproleague.com\/#organization\",\"name\":\"Judo Pro League\",\"url\":\"https:\/\/judoproleague.com\/\",\"logo\":{\"@type\":\"ImageObject\",\"inLanguage\":\"en-US\",\"@id\":\"https:\/\/judoproleague.com\/#\/schema\/logo\/image\/\",\"url\":\"https:\/\/judoproleague.com\/wp-content\/uploads\/2024\/10\/JPL-LOGO-light-1.svg\",\"contentUrl\":\"https:\/\/judoproleague.com\/wp-content\/uploads\/2024\/10\/JPL-LOGO-light-1.svg\",\"width\":198,\"height\":83,\"caption\":\"Judo Pro League\"},\"image\":{\"@id\":\"https:\/\/judoproleague.com\/#\/schema\/logo\/image\/\"}},{\"@type\":\"Person\",\"@id\":\"https:\/\/judoproleague.com\/#\/schema\/person\/1cc0d3c1265a4f6956c0bf9ad6389b37\",\"name\":\"Alan GAUDEFROY\",\"image\":{\"@type\":\"ImageObject\",\"inLanguage\":\"en-US\",\"@id\":\"https:\/\/judoproleague.com\/#\/schema\/person\/image\/\",\"url\":\"https:\/\/secure.gravatar.com\/avatar\/f7ed2dc65f91e5fc8e3a880a460ca52653ffa31251b597d2880f1aaf5b39fdc4?s=96&d=mm&r=g\",\"contentUrl\":\"https:\/\/secure.gravatar.com\/avatar\/f7ed2dc65f91e5fc8e3a880a460ca52653ffa31251b597d2880f1aaf5b39fdc4?s=96&d=mm&r=g\",\"caption\":\"Alan GAUDEFROY\"},\"url\":\"https:\/\/judoproleague.com\/en\/author\/alanjpl\/\"}]}<\/script>\n<!-- \/ Yoast SEO plugin. -->","yoast_head_json":{"title":"The Judo Pro League is back! Two first-week fixtures - Judo Pro League","robots":{"index":"index","follow":"follow","max-snippet":"max-snippet:-1","max-image-preview":"max-image-preview:large","max-video-preview":"max-video-preview:-1"},"canonical":"https:\/\/judoproleague.com\/en\/the-judo-pro-league-returns-with-two-matches-in-the-first-week\/","og_locale":"en_US","og_type":"article","og_title":"La Judo Pro League est de retour ! Deux rencontres au programme de la premi\u00e8re semaine - Judo Pro League","og_description":"La Judo Pro League reprend ses droits ! Ce mardi 30 septembre marque le lancement de la 4\u1d49 \u00e9dition de cette comp\u00e9tition unique qui rassemble les clubs de l\u2019\u00e9lite fran\u00e7aise autour d\u2019un format par \u00e9quipes mixte, rapide et spectaculaire. Deux rencontres inaugurales sont au programme et promettent d\u00e9j\u00e0 une soir\u00e9e riche en \u00e9motions : 19h00 [&hellip;]","og_url":"https:\/\/judoproleague.com\/en\/the-judo-pro-league-returns-with-two-matches-in-the-first-week\/","og_site_name":"Judo Pro League","article_published_time":"2025-09-30T05:49:26+00:00","article_modified_time":"2025-09-30T12:10:28+00:00","og_image":[{"width":2560,"height":1707,"url":"https:\/\/judoproleague.com\/wp-content\/uploads\/2025\/09\/Demi-Nice-Auxerre-FinalFour-049-_TA99647-1-scaled.jpg","type":"image\/jpeg"}],"author":"Alan GAUDEFROY","twitter_card":"summary_large_image","twitter_misc":{"Written by":"Alan GAUDEFROY","Est. reading time":"3 minutes"},"schema":{"@context":"https:\/\/schema.org","@graph":[{"@type":"Article","@id":"https:\/\/judoproleague.com\/la-judo-pro-league-est-de-retour-deux-rencontres-au-programme-de-la-premiere-semaine\/#article","isPartOf":{"@id":"https:\/\/judoproleague.com\/la-judo-pro-league-est-de-retour-deux-rencontres-au-programme-de-la-premiere-semaine\/"},"author":{"name":"Alan GAUDEFROY","@id":"https:\/\/judoproleague.com\/#\/schema\/person\/1cc0d3c1265a4f6956c0bf9ad6389b37"},"headline":"La Judo Pro League est de retour ! Deux rencontres au programme de la premi\u00e8re semaine","datePublished":"2025-09-30T05:49:26+00:00","dateModified":"2025-09-30T12:10:28+00:00","mainEntityOfPage":{"@id":"https:\/\/judoproleague.com\/la-judo-pro-league-est-de-retour-deux-rencontres-au-programme-de-la-premiere-semaine\/"},"wordCount":482,"publisher":{"@id":"https:\/\/judoproleague.com\/#organization"},"image":{"@id":"https:\/\/judoproleague.com\/la-judo-pro-league-est-de-retour-deux-rencontres-au-programme-de-la-premiere-semaine\/#primaryimage"},"thumbnailUrl":"https:\/\/judoproleague.com\/wp-content\/uploads\/2025\/09\/Demi-Nice-Auxerre-FinalFour-049-_TA99647-1-scaled.jpg","articleSection":["Non class\u00e9"],"inLanguage":"en-US"},{"@type":"WebPage","@id":"https:\/\/judoproleague.com\/la-judo-pro-league-est-de-retour-deux-rencontres-au-programme-de-la-premiere-semaine\/","url":"https:\/\/judoproleague.com\/la-judo-pro-league-est-de-retour-deux-rencontres-au-programme-de-la-premiere-semaine\/","name":"The Judo Pro League is back! Two first-week fixtures - Judo Pro League","isPartOf":{"@id":"https:\/\/judoproleague.com\/#website"},"primaryImageOfPage":{"@id":"https:\/\/judoproleague.com\/la-judo-pro-league-est-de-retour-deux-rencontres-au-programme-de-la-premiere-semaine\/#primaryimage"},"image":{"@id":"https:\/\/judoproleague.com\/la-judo-pro-league-est-de-retour-deux-rencontres-au-programme-de-la-premiere-semaine\/#primaryimage"},"thumbnailUrl":"https:\/\/judoproleague.com\/wp-content\/uploads\/2025\/09\/Demi-Nice-Auxerre-FinalFour-049-_TA99647-1-scaled.jpg","datePublished":"2025-09-30T05:49:26+00:00","dateModified":"2025-09-30T12:10:28+00:00","inLanguage":"en-US","potentialAction":[{"@type":"ReadAction","target":["https:\/\/judoproleague.com\/la-judo-pro-league-est-de-retour-deux-rencontres-au-programme-de-la-premiere-semaine\/"]}]},{"@type":"ImageObject","inLanguage":"en-US","@id":"https:\/\/judoproleague.com\/la-judo-pro-league-est-de-retour-deux-rencontres-au-programme-de-la-premiere-semaine\/#primaryimage","url":"https:\/\/judoproleague.com\/wp-content\/uploads\/2025\/09\/Demi-Nice-Auxerre-FinalFour-049-_TA99647-1-scaled.jpg","contentUrl":"https:\/\/judoproleague.com\/wp-content\/uploads\/2025\/09\/Demi-Nice-Auxerre-FinalFour-049-_TA99647-1-scaled.jpg","width":2560,"height":1707,"caption":"L'\u00e9quipe de Nice pr\u00eate \u00e0 monter sur le tapis lors de la Demi-finale Nice-Auxerre lors du Final Four 2025"},{"@type":"WebSite","@id":"https:\/\/judoproleague.com\/#website","url":"https:\/\/judoproleague.com\/","name":"Judo Pro League","description":"","publisher":{"@id":"https:\/\/judoproleague.com\/#organization"},"potentialAction":[{"@type":"SearchAction","target":{"@type":"EntryPoint","urlTemplate":"https:\/\/judoproleague.com\/?s={search_term_string}"},"query-input":{"@type":"PropertyValueSpecification","valueRequired":true,"valueName":"search_term_string"}}],"inLanguage":"en-US"},{"@type":"Organization","@id":"https:\/\/judoproleague.com\/#organization","name":"Judo Pro League","url":"https:\/\/judoproleague.com\/","logo":{"@type":"ImageObject","inLanguage":"en-US","@id":"https:\/\/judoproleague.com\/#\/schema\/logo\/image\/","url":"https:\/\/judoproleague.com\/wp-content\/uploads\/2024\/10\/JPL-LOGO-light-1.svg","contentUrl":"https:\/\/judoproleague.com\/wp-content\/uploads\/2024\/10\/JPL-LOGO-light-1.svg","width":198,"height":83,"caption":"Judo Pro League"},"image":{"@id":"https:\/\/judoproleague.com\/#\/schema\/logo\/image\/"}},{"@type":"Person","@id":"https:\/\/judoproleague.com\/#\/schema\/person\/1cc0d3c1265a4f6956c0bf9ad6389b37","name":"Alan GAUDEFROY","image":{"@type":"ImageObject","inLanguage":"en-US","@id":"https:\/\/judoproleague.com\/#\/schema\/person\/image\/","url":"https:\/\/secure.gravatar.com\/avatar\/f7ed2dc65f91e5fc8e3a880a460ca52653ffa31251b597d2880f1aaf5b39fdc4?s=96&d=mm&r=g","contentUrl":"https:\/\/secure.gravatar.com\/avatar\/f7ed2dc65f91e5fc8e3a880a460ca52653ffa31251b597d2880f1aaf5b39fdc4?s=96&d=mm&r=g","caption":"Alan GAUDEFROY"},"url":"https:\/\/judoproleague.com\/en\/author\/alanjpl\/"}]}},"_links":{"self":[{"href":"https:\/\/judoproleague.com\/en\/wp-json\/wp\/v2\/posts\/7359","targetHints":{"allow":["GET"]}}],"collection":[{"href":"https:\/\/judoproleague.com\/en\/wp-json\/wp\/v2\/posts"}],"about":[{"href":"https:\/\/judoproleague.com\/en\/wp-json\/wp\/v2\/types\/post"}],"author":[{"embeddable":true,"href":"https:\/\/judoproleague.com\/en\/wp-json\/wp\/v2\/users\/4"}],"replies":[{"embeddable":true,"href":"https:\/\/judoproleague.com\/en\/wp-json\/wp\/v2\/comments?post=7359"}],"version-history":[{"count":4,"href":"https:\/\/judoproleague.com\/en\/wp-json\/wp\/v2\/posts\/7359\/revisions"}],"predecessor-version":[{"id":7571,"href":"https:\/\/judoproleague.com\/en\/wp-json\/wp\/v2\/posts\/7359\/revisions\/7571"}],"wp:featuredmedia":[{"embeddable":true,"href":"https:\/\/judoproleague.com\/en\/wp-json\/wp\/v2\/media\/7370"}],"wp:attachment":[{"href":"https:\/\/judoproleague.com\/en\/wp-json\/wp\/v2\/media?parent=7359"}],"wp:term":[{"taxonomy":"category","embeddable":true,"href":"https:\/\/judoproleague.com\/en\/wp-json\/wp\/v2\/categories?post=7359"},{"taxonomy":"post_tag","embeddable":true,"href":"https:\/\/judoproleague.com\/en\/wp-json\/wp\/v2\/tags?post=7359"}],"curies":[{"name":"wp","href":"https:\/\/api.w.org\/{rel}","templated":true}]}}