{"id":7017,"date":"2025-09-29T12:36:20","date_gmt":"2025-09-29T10:36:20","guid":{"rendered":"https:\/\/judoproleague.com\/?p=7017"},"modified":"2025-09-29T17:45:20","modified_gmt":"2025-09-29T15:45:20","slug":"jc-pontault-combault-a-lassaut-du-mixte","status":"publish","type":"post","link":"https:\/\/judoproleague.com\/en\/jc-pontault-combault-a-lassaut-du-mixte\/","title":{"rendered":"JC Pontault-Combault, attacking the mixed race"},"content":{"rendered":"<h3>A historic club in French judo<\/h3>\n<h4><\/h4>\n<p>The third-largest club in the Seine-et-Marne region, with 450 members last season, Judo Club Pontault-Combault is one of France's leading women's judo clubs. Represented at the 2008 and 2012 Olympic Games by Anne-Sophie <span class=\"scayt-misspell-word\" data-scayt-word=\"Mondi\u00e8re\" data-wsc-lang=\"fr_FR\" data-wsc-id=\"mg4zi03u3hb56mfb0\">Mondi\u00e8re<\/span>a three-time world medallist and five-time European champion, has won two French women's team titles in 2011 and 2016, as well as two European club championship finals at the Golden <span class=\"scayt-misspell-word\" data-scayt-word=\"League\" data-wsc-lang=\"fr_FR\" data-wsc-id=\"mg4zi03u9x08yp0ga\">League<\/span> 2019 and the Champions <span class=\"scayt-misspell-word\" data-scayt-word=\"League\" data-wsc-lang=\"fr_FR\" data-wsc-id=\"mg4zi03tawfb8ixij\">League<\/span> 2023. A long history that began in 1967 and enters a new era with this first participation in the Judo Pro <span class=\"scayt-misspell-word\" data-scayt-word=\"League\" data-wsc-lang=\"fr_FR\" data-wsc-id=\"mg4zi03sm94wxj8pl\">League<\/span>.<\/p>\n<p><a href=\"https:\/\/judoproleague.com\/wp-content\/uploads\/2024\/09\/890499563b66ad25d3ba521541029879.jpg\"><img loading=\"lazy\" decoding=\"async\" class=\"aligncenter wp-image-7223\" src=\"https:\/\/judoproleague.com\/wp-content\/uploads\/2024\/09\/890499563b66ad25d3ba521541029879-681x1024.jpg\" alt=\"\" width=\"178\" height=\"267\" srcset=\"https:\/\/judoproleague.com\/wp-content\/uploads\/2024\/09\/890499563b66ad25d3ba521541029879-681x1024.jpg 681w, https:\/\/judoproleague.com\/wp-content\/uploads\/2024\/09\/890499563b66ad25d3ba521541029879-200x300.jpg 200w, https:\/\/judoproleague.com\/wp-content\/uploads\/2024\/09\/890499563b66ad25d3ba521541029879-768x1154.jpg 768w, https:\/\/judoproleague.com\/wp-content\/uploads\/2024\/09\/890499563b66ad25d3ba521541029879-1022x1536.jpg 1022w, https:\/\/judoproleague.com\/wp-content\/uploads\/2024\/09\/890499563b66ad25d3ba521541029879-8x12.jpg 8w, https:\/\/judoproleague.com\/wp-content\/uploads\/2024\/09\/890499563b66ad25d3ba521541029879.jpg 1280w\" sizes=\"auto, (max-width: 178px) 100vw, 178px\" \/><\/a><\/p>\n<h3>A new era with Judo Pro <span class=\"scayt-misspell-word\" data-scayt-word=\"League\" data-wsc-lang=\"fr_FR\" data-wsc-id=\"mg4zi06ve5sm0zpzk\">League<\/span><\/h3>\n<h4><\/h4>\n<p>This competition has enabled us to get back fully involved in men's judo, which would not have been possible without the strong support of the municipality,\" says Franck. <span class=\"scayt-misspell-word\" data-scayt-word=\"Party\" data-wsc-lang=\"fr_FR\" data-wsc-id=\"mg4zi0hqds2gqnn4o\">Party<\/span>the club's technical director. I see us as small <span class=\"scayt-misspell-word\" data-scayt-word=\"poucets\" data-wsc-lang=\"fr_FR\" data-wsc-id=\"mg4zi0ktbtsmkugqr\">thumbnails<\/span>But with the firm intention of achieving a great result with a young squad that is not lacking in quality. Reinforcements from the Netherlands and Belgium to strengthen the backbone <span class=\"scayt-misspell-word\" data-scayt-word=\"pontello-combalusienne\" data-wsc-lang=\"fr_FR\" data-wsc-id=\"mg4zi0ktqvp2ube52\">pontello-combalusienne<\/span>which boasts a number of athletes who have medalled at the French senior first division championships, including new recruit M\u00e9lodie <span class=\"scayt-misspell-word\" data-scayt-word=\"Turpin\" data-wsc-lang=\"fr_FR\" data-wsc-id=\"mg4zi0kt0at1oxg3l\">Turpin<\/span> (third in 2021, 2022 and 2023 in the -63kg category), Laura <span class=\"scayt-misspell-word\" data-scayt-word=\"Haberstock\" data-wsc-lang=\"fr_FR\" data-wsc-id=\"mg4zi0ks2w6gz90y9\">Haberstock<\/span> (crowned in 2022, third in 2024 in -70kg) or Valentine Marchand (victorious in 2018 and third in 2019 in +78kg). Two former French champions who know Judo Pro well <span class=\"scayt-misspell-word\" data-scayt-word=\"League\" data-wsc-lang=\"fr_FR\" data-wsc-id=\"mg4zi0ksf7obd45lh\">League<\/span>last year for Auxerre judo with coach... Franck <span class=\"scayt-misspell-word\" data-scayt-word=\"Party\" data-wsc-lang=\"fr_FR\" data-wsc-id=\"mg4zi0kr0f76metmz\">Party<\/span>. This experience will be useful in overcoming the obstacles that lie ahead, starting on September 30 with a first trip to Nice.<\/p>\n<p>&nbsp;<\/p>\n<p><a href=\"https:\/\/judoproleague.com\/wp-content\/uploads\/2024\/09\/9708f353-4d1f-4ca4-aeb0-7edfb09f85ae.jpeg\"><img loading=\"lazy\" decoding=\"async\" class=\"aligncenter wp-image-7247\" src=\"https:\/\/judoproleague.com\/wp-content\/uploads\/2024\/09\/9708f353-4d1f-4ca4-aeb0-7edfb09f85ae-1024x682.jpeg\" alt=\"\" width=\"539\" height=\"359\" srcset=\"https:\/\/judoproleague.com\/wp-content\/uploads\/2024\/09\/9708f353-4d1f-4ca4-aeb0-7edfb09f85ae-1024x682.jpeg 1024w, https:\/\/judoproleague.com\/wp-content\/uploads\/2024\/09\/9708f353-4d1f-4ca4-aeb0-7edfb09f85ae-300x200.jpeg 300w, https:\/\/judoproleague.com\/wp-content\/uploads\/2024\/09\/9708f353-4d1f-4ca4-aeb0-7edfb09f85ae-768x512.jpeg 768w, https:\/\/judoproleague.com\/wp-content\/uploads\/2024\/09\/9708f353-4d1f-4ca4-aeb0-7edfb09f85ae-1536x1023.jpeg 1536w, https:\/\/judoproleague.com\/wp-content\/uploads\/2024\/09\/9708f353-4d1f-4ca4-aeb0-7edfb09f85ae-18x12.jpeg 18w, https:\/\/judoproleague.com\/wp-content\/uploads\/2024\/09\/9708f353-4d1f-4ca4-aeb0-7edfb09f85ae.jpeg 1600w\" sizes=\"auto, (max-width: 539px) 100vw, 539px\" \/><\/a><\/p>","protected":false},"excerpt":{"rendered":"<p>Un club historique du judo fran\u00e7ais Troisi\u00e8me plus gros club de Seine-et-Marne avec 450 licenci\u00e9s la saison derni\u00e8re, le Judo Club Pontault-Combault fait partie des r\u00e9f\u00e9rences historiques du judo f\u00e9minin fran\u00e7ais. Repr\u00e9sent\u00e9 en 2008 et 2012 aux Jeux olympiques par Anne-Sophie Mondi\u00e8re, par ailleurs triple m\u00e9daill\u00e9e mondiale et quintuple championne d\u2019Europe, il compte notamment deux [&hellip;]<\/p>\n","protected":false},"author":4,"featured_media":7252,"comment_status":"closed","ping_status":"open","sticky":false,"template":"","format":"standard","meta":{"footnotes":""},"categories":[28],"tags":[],"class_list":["post-7017","post","type-post","status-publish","format-standard","has-post-thumbnail","hentry","category-jc-pontault-combault"],"acf":[],"yoast_head":"<!-- This site is optimized with the Yoast SEO plugin v27.1.1 - https:\/\/yoast.com\/product\/yoast-seo-wordpress\/ -->\n<title>JC Pontault-Combault, \u00e0 l\u2019assaut du mixte - Judo Pro League<\/title>\n<meta name=\"robots\" content=\"index, follow, max-snippet:-1, max-image-preview:large, max-video-preview:-1\" \/>\n<link rel=\"canonical\" href=\"https:\/\/judoproleague.com\/en\/jc-pontault-combault-a-lassaut-du-mixte\/\" \/>\n<meta property=\"og:locale\" content=\"en_US\" \/>\n<meta property=\"og:type\" content=\"article\" \/>\n<meta property=\"og:title\" content=\"JC Pontault-Combault, \u00e0 l\u2019assaut du mixte - Judo Pro League\" \/>\n<meta property=\"og:description\" content=\"Un club historique du judo fran\u00e7ais Troisi\u00e8me plus gros club de Seine-et-Marne avec 450 licenci\u00e9s la saison derni\u00e8re, le Judo Club Pontault-Combault fait partie des r\u00e9f\u00e9rences historiques du judo f\u00e9minin fran\u00e7ais. Repr\u00e9sent\u00e9 en 2008 et 2012 aux Jeux olympiques par Anne-Sophie Mondi\u00e8re, par ailleurs triple m\u00e9daill\u00e9e mondiale et quintuple championne d\u2019Europe, il compte notamment deux [&hellip;]\" \/>\n<meta property=\"og:url\" content=\"https:\/\/judoproleague.com\/en\/jc-pontault-combault-a-lassaut-du-mixte\/\" \/>\n<meta property=\"og:site_name\" content=\"Judo Pro League\" \/>\n<meta property=\"article:published_time\" content=\"2025-09-29T10:36:20+00:00\" \/>\n<meta property=\"article:modified_time\" content=\"2025-09-29T15:45:20+00:00\" \/>\n<meta property=\"og:image\" content=\"https:\/\/judoproleague.com\/wp-content\/uploads\/2025\/09\/Design-sans-titre-2.jpg\" \/>\n\t<meta property=\"og:image:width\" content=\"1920\" \/>\n\t<meta property=\"og:image:height\" content=\"1080\" \/>\n\t<meta property=\"og:image:type\" content=\"image\/jpeg\" \/>\n<meta name=\"author\" content=\"Alan GAUDEFROY\" \/>\n<meta name=\"twitter:card\" content=\"summary_large_image\" \/>\n<meta name=\"twitter:label1\" content=\"Written by\" \/>\n\t<meta name=\"twitter:data1\" content=\"Alan GAUDEFROY\" \/>\n\t<meta name=\"twitter:label2\" content=\"Est. reading time\" \/>\n\t<meta name=\"twitter:data2\" content=\"3 minutes\" \/>\n<script type=\"application\/ld+json\" class=\"yoast-schema-graph\">{\"@context\":\"https:\/\/schema.org\",\"@graph\":[{\"@type\":\"Article\",\"@id\":\"https:\/\/judoproleague.com\/jc-pontault-combault-a-lassaut-du-mixte\/#article\",\"isPartOf\":{\"@id\":\"https:\/\/judoproleague.com\/jc-pontault-combault-a-lassaut-du-mixte\/\"},\"author\":{\"name\":\"Alan GAUDEFROY\",\"@id\":\"https:\/\/judoproleague.com\/#\/schema\/person\/1cc0d3c1265a4f6956c0bf9ad6389b37\"},\"headline\":\"JC Pontault-Combault, \u00e0 l\u2019assaut du mixte\",\"datePublished\":\"2025-09-29T10:36:20+00:00\",\"dateModified\":\"2025-09-29T15:45:20+00:00\",\"mainEntityOfPage\":{\"@id\":\"https:\/\/judoproleague.com\/jc-pontault-combault-a-lassaut-du-mixte\/\"},\"wordCount\":316,\"publisher\":{\"@id\":\"https:\/\/judoproleague.com\/#organization\"},\"image\":{\"@id\":\"https:\/\/judoproleague.com\/jc-pontault-combault-a-lassaut-du-mixte\/#primaryimage\"},\"thumbnailUrl\":\"https:\/\/judoproleague.com\/wp-content\/uploads\/2025\/09\/Design-sans-titre-2.jpg\",\"articleSection\":[\"JC Pontault-Combault\"],\"inLanguage\":\"en-US\"},{\"@type\":\"WebPage\",\"@id\":\"https:\/\/judoproleague.com\/jc-pontault-combault-a-lassaut-du-mixte\/\",\"url\":\"https:\/\/judoproleague.com\/jc-pontault-combault-a-lassaut-du-mixte\/\",\"name\":\"JC Pontault-Combault, \u00e0 l\u2019assaut du mixte - Judo Pro League\",\"isPartOf\":{\"@id\":\"https:\/\/judoproleague.com\/#website\"},\"primaryImageOfPage\":{\"@id\":\"https:\/\/judoproleague.com\/jc-pontault-combault-a-lassaut-du-mixte\/#primaryimage\"},\"image\":{\"@id\":\"https:\/\/judoproleague.com\/jc-pontault-combault-a-lassaut-du-mixte\/#primaryimage\"},\"thumbnailUrl\":\"https:\/\/judoproleague.com\/wp-content\/uploads\/2025\/09\/Design-sans-titre-2.jpg\",\"datePublished\":\"2025-09-29T10:36:20+00:00\",\"dateModified\":\"2025-09-29T15:45:20+00:00\",\"inLanguage\":\"en-US\",\"potentialAction\":[{\"@type\":\"ReadAction\",\"target\":[\"https:\/\/judoproleague.com\/jc-pontault-combault-a-lassaut-du-mixte\/\"]}]},{\"@type\":\"ImageObject\",\"inLanguage\":\"en-US\",\"@id\":\"https:\/\/judoproleague.com\/jc-pontault-combault-a-lassaut-du-mixte\/#primaryimage\",\"url\":\"https:\/\/judoproleague.com\/wp-content\/uploads\/2025\/09\/Design-sans-titre-2.jpg\",\"contentUrl\":\"https:\/\/judoproleague.com\/wp-content\/uploads\/2025\/09\/Design-sans-titre-2.jpg\",\"width\":1920,\"height\":1080},{\"@type\":\"WebSite\",\"@id\":\"https:\/\/judoproleague.com\/#website\",\"url\":\"https:\/\/judoproleague.com\/\",\"name\":\"Judo Pro League\",\"description\":\"\",\"publisher\":{\"@id\":\"https:\/\/judoproleague.com\/#organization\"},\"potentialAction\":[{\"@type\":\"SearchAction\",\"target\":{\"@type\":\"EntryPoint\",\"urlTemplate\":\"https:\/\/judoproleague.com\/?s={search_term_string}\"},\"query-input\":{\"@type\":\"PropertyValueSpecification\",\"valueRequired\":true,\"valueName\":\"search_term_string\"}}],\"inLanguage\":\"en-US\"},{\"@type\":\"Organization\",\"@id\":\"https:\/\/judoproleague.com\/#organization\",\"name\":\"Judo Pro League\",\"url\":\"https:\/\/judoproleague.com\/\",\"logo\":{\"@type\":\"ImageObject\",\"inLanguage\":\"en-US\",\"@id\":\"https:\/\/judoproleague.com\/#\/schema\/logo\/image\/\",\"url\":\"https:\/\/judoproleague.com\/wp-content\/uploads\/2024\/10\/JPL-LOGO-light-1.svg\",\"contentUrl\":\"https:\/\/judoproleague.com\/wp-content\/uploads\/2024\/10\/JPL-LOGO-light-1.svg\",\"width\":198,\"height\":83,\"caption\":\"Judo Pro League\"},\"image\":{\"@id\":\"https:\/\/judoproleague.com\/#\/schema\/logo\/image\/\"}},{\"@type\":\"Person\",\"@id\":\"https:\/\/judoproleague.com\/#\/schema\/person\/1cc0d3c1265a4f6956c0bf9ad6389b37\",\"name\":\"Alan GAUDEFROY\",\"image\":{\"@type\":\"ImageObject\",\"inLanguage\":\"en-US\",\"@id\":\"https:\/\/judoproleague.com\/#\/schema\/person\/image\/\",\"url\":\"https:\/\/secure.gravatar.com\/avatar\/f7ed2dc65f91e5fc8e3a880a460ca52653ffa31251b597d2880f1aaf5b39fdc4?s=96&d=mm&r=g\",\"contentUrl\":\"https:\/\/secure.gravatar.com\/avatar\/f7ed2dc65f91e5fc8e3a880a460ca52653ffa31251b597d2880f1aaf5b39fdc4?s=96&d=mm&r=g\",\"caption\":\"Alan GAUDEFROY\"},\"url\":\"https:\/\/judoproleague.com\/en\/author\/alanjpl\/\"}]}<\/script>\n<!-- \/ Yoast SEO plugin. -->","yoast_head_json":{"title":"JC Pontault-Combault takes on the mixed - Judo Pro League","robots":{"index":"index","follow":"follow","max-snippet":"max-snippet:-1","max-image-preview":"max-image-preview:large","max-video-preview":"max-video-preview:-1"},"canonical":"https:\/\/judoproleague.com\/en\/jc-pontault-combault-a-lassaut-du-mixte\/","og_locale":"en_US","og_type":"article","og_title":"JC Pontault-Combault, \u00e0 l\u2019assaut du mixte - Judo Pro League","og_description":"Un club historique du judo fran\u00e7ais Troisi\u00e8me plus gros club de Seine-et-Marne avec 450 licenci\u00e9s la saison derni\u00e8re, le Judo Club Pontault-Combault fait partie des r\u00e9f\u00e9rences historiques du judo f\u00e9minin fran\u00e7ais. Repr\u00e9sent\u00e9 en 2008 et 2012 aux Jeux olympiques par Anne-Sophie Mondi\u00e8re, par ailleurs triple m\u00e9daill\u00e9e mondiale et quintuple championne d\u2019Europe, il compte notamment deux [&hellip;]","og_url":"https:\/\/judoproleague.com\/en\/jc-pontault-combault-a-lassaut-du-mixte\/","og_site_name":"Judo Pro League","article_published_time":"2025-09-29T10:36:20+00:00","article_modified_time":"2025-09-29T15:45:20+00:00","og_image":[{"width":1920,"height":1080,"url":"https:\/\/judoproleague.com\/wp-content\/uploads\/2025\/09\/Design-sans-titre-2.jpg","type":"image\/jpeg"}],"author":"Alan GAUDEFROY","twitter_card":"summary_large_image","twitter_misc":{"Written by":"Alan GAUDEFROY","Est. reading time":"3 minutes"},"schema":{"@context":"https:\/\/schema.org","@graph":[{"@type":"Article","@id":"https:\/\/judoproleague.com\/jc-pontault-combault-a-lassaut-du-mixte\/#article","isPartOf":{"@id":"https:\/\/judoproleague.com\/jc-pontault-combault-a-lassaut-du-mixte\/"},"author":{"name":"Alan GAUDEFROY","@id":"https:\/\/judoproleague.com\/#\/schema\/person\/1cc0d3c1265a4f6956c0bf9ad6389b37"},"headline":"JC Pontault-Combault, \u00e0 l\u2019assaut du mixte","datePublished":"2025-09-29T10:36:20+00:00","dateModified":"2025-09-29T15:45:20+00:00","mainEntityOfPage":{"@id":"https:\/\/judoproleague.com\/jc-pontault-combault-a-lassaut-du-mixte\/"},"wordCount":316,"publisher":{"@id":"https:\/\/judoproleague.com\/#organization"},"image":{"@id":"https:\/\/judoproleague.com\/jc-pontault-combault-a-lassaut-du-mixte\/#primaryimage"},"thumbnailUrl":"https:\/\/judoproleague.com\/wp-content\/uploads\/2025\/09\/Design-sans-titre-2.jpg","articleSection":["JC Pontault-Combault"],"inLanguage":"en-US"},{"@type":"WebPage","@id":"https:\/\/judoproleague.com\/jc-pontault-combault-a-lassaut-du-mixte\/","url":"https:\/\/judoproleague.com\/jc-pontault-combault-a-lassaut-du-mixte\/","name":"JC Pontault-Combault takes on the mixed - Judo Pro League","isPartOf":{"@id":"https:\/\/judoproleague.com\/#website"},"primaryImageOfPage":{"@id":"https:\/\/judoproleague.com\/jc-pontault-combault-a-lassaut-du-mixte\/#primaryimage"},"image":{"@id":"https:\/\/judoproleague.com\/jc-pontault-combault-a-lassaut-du-mixte\/#primaryimage"},"thumbnailUrl":"https:\/\/judoproleague.com\/wp-content\/uploads\/2025\/09\/Design-sans-titre-2.jpg","datePublished":"2025-09-29T10:36:20+00:00","dateModified":"2025-09-29T15:45:20+00:00","inLanguage":"en-US","potentialAction":[{"@type":"ReadAction","target":["https:\/\/judoproleague.com\/jc-pontault-combault-a-lassaut-du-mixte\/"]}]},{"@type":"ImageObject","inLanguage":"en-US","@id":"https:\/\/judoproleague.com\/jc-pontault-combault-a-lassaut-du-mixte\/#primaryimage","url":"https:\/\/judoproleague.com\/wp-content\/uploads\/2025\/09\/Design-sans-titre-2.jpg","contentUrl":"https:\/\/judoproleague.com\/wp-content\/uploads\/2025\/09\/Design-sans-titre-2.jpg","width":1920,"height":1080},{"@type":"WebSite","@id":"https:\/\/judoproleague.com\/#website","url":"https:\/\/judoproleague.com\/","name":"Judo Pro League","description":"","publisher":{"@id":"https:\/\/judoproleague.com\/#organization"},"potentialAction":[{"@type":"SearchAction","target":{"@type":"EntryPoint","urlTemplate":"https:\/\/judoproleague.com\/?s={search_term_string}"},"query-input":{"@type":"PropertyValueSpecification","valueRequired":true,"valueName":"search_term_string"}}],"inLanguage":"en-US"},{"@type":"Organization","@id":"https:\/\/judoproleague.com\/#organization","name":"Judo Pro League","url":"https:\/\/judoproleague.com\/","logo":{"@type":"ImageObject","inLanguage":"en-US","@id":"https:\/\/judoproleague.com\/#\/schema\/logo\/image\/","url":"https:\/\/judoproleague.com\/wp-content\/uploads\/2024\/10\/JPL-LOGO-light-1.svg","contentUrl":"https:\/\/judoproleague.com\/wp-content\/uploads\/2024\/10\/JPL-LOGO-light-1.svg","width":198,"height":83,"caption":"Judo Pro League"},"image":{"@id":"https:\/\/judoproleague.com\/#\/schema\/logo\/image\/"}},{"@type":"Person","@id":"https:\/\/judoproleague.com\/#\/schema\/person\/1cc0d3c1265a4f6956c0bf9ad6389b37","name":"Alan GAUDEFROY","image":{"@type":"ImageObject","inLanguage":"en-US","@id":"https:\/\/judoproleague.com\/#\/schema\/person\/image\/","url":"https:\/\/secure.gravatar.com\/avatar\/f7ed2dc65f91e5fc8e3a880a460ca52653ffa31251b597d2880f1aaf5b39fdc4?s=96&d=mm&r=g","contentUrl":"https:\/\/secure.gravatar.com\/avatar\/f7ed2dc65f91e5fc8e3a880a460ca52653ffa31251b597d2880f1aaf5b39fdc4?s=96&d=mm&r=g","caption":"Alan GAUDEFROY"},"url":"https:\/\/judoproleague.com\/en\/author\/alanjpl\/"}]}},"_links":{"self":[{"href":"https:\/\/judoproleague.com\/en\/wp-json\/wp\/v2\/posts\/7017","targetHints":{"allow":["GET"]}}],"collection":[{"href":"https:\/\/judoproleague.com\/en\/wp-json\/wp\/v2\/posts"}],"about":[{"href":"https:\/\/judoproleague.com\/en\/wp-json\/wp\/v2\/types\/post"}],"author":[{"embeddable":true,"href":"https:\/\/judoproleague.com\/en\/wp-json\/wp\/v2\/users\/4"}],"replies":[{"embeddable":true,"href":"https:\/\/judoproleague.com\/en\/wp-json\/wp\/v2\/comments?post=7017"}],"version-history":[{"count":6,"href":"https:\/\/judoproleague.com\/en\/wp-json\/wp\/v2\/posts\/7017\/revisions"}],"predecessor-version":[{"id":7019,"href":"https:\/\/judoproleague.com\/en\/wp-json\/wp\/v2\/posts\/7017\/revisions\/7019"}],"wp:featuredmedia":[{"embeddable":true,"href":"https:\/\/judoproleague.com\/en\/wp-json\/wp\/v2\/media\/7252"}],"wp:attachment":[{"href":"https:\/\/judoproleague.com\/en\/wp-json\/wp\/v2\/media?parent=7017"}],"wp:term":[{"taxonomy":"category","embeddable":true,"href":"https:\/\/judoproleague.com\/en\/wp-json\/wp\/v2\/categories?post=7017"},{"taxonomy":"post_tag","embeddable":true,"href":"https:\/\/judoproleague.com\/en\/wp-json\/wp\/v2\/tags?post=7017"}],"curies":[{"name":"wp","href":"https:\/\/api.w.org\/{rel}","templated":true}]}}