{"id":4747,"date":"2025-01-09T00:47:42","date_gmt":"2025-01-08T23:47:42","guid":{"rendered":"https:\/\/judoproleague.com\/?p=4747"},"modified":"2025-01-09T00:51:07","modified_gmt":"2025-01-08T23:51:07","slug":"lorleans-judo-loiret-back-in-the-final-four","status":"publish","type":"post","link":"https:\/\/judoproleague.com\/en\/lorleans-judo-loiret-de-retour-au-final-four\/","title":{"rendered":"US Orl\u00e9ans Judo Loiret back in the Final Four"},"content":{"rendered":"<p><strong>Two years after reaching the last four of the Judo Pro League in its inaugural season, Orl\u00e9ans Judo Loiret will be making its return to the Paris Dojo on January 18. The Loiret outfit beat Montpellier Judo Olympic 5-2 in a match that was more competitive than the final result would suggest.<\/strong><\/p>\n<p>On Wednesday evening, the Dojo Jean-Claude Rousseau was fully booked for the quarter-final of the US Orl\u00e9ans Judo Loiret. After a near-perfect performance in the elimination phase, the Orl\u00e9ans team had to defend their status against Montpellier Judo Olympic, who were competing in their first Judo Pro League final.<\/p>\n<p>The first two bouts, which were very close, were won on kinzas by both teams. We had to wait for the intervention of Martha Fawaz, recent medalist at the Tokyo Grand Slam, to see the first striking attacks of the evening. In the next bout, Zakary Ainseba scored a waza-ari in the opening minutes, before holding on to his advantage to give his team a third point.<\/p>\n<p>Montpellier and Orl\u00e9ans then neutralized each other in the next two bouts. But England's Kelly Petersen Pollard scored the first ippon of the evening, confirming Orl\u00e9ans' advantage, before the experienced Anne M'Bairo sealed her team's victory. Although the French +100 kg champion Angel Gustan won his bout for Montpellier, it was only a minor success.<\/p>\n<p>US Orl\u00e9ans Judo Loiret thus set their sights on the Final Four, while Montpellier's fine run came to an end in the quarter-finals.<\/p>\n<p><a href=\"https:\/\/judoproleague.com\/en\/rencontre\/2024-2025\/qf-2-us-orleans-judo-loiret-vs-montpellier-judo-olympic\/\"><strong>Relive US Orl\u00e9ans Judo Loiret vs Montpellier Judo Olympic<\/strong><\/a><\/p>\n<figure id=\"attachment_4749\" aria-describedby=\"caption-attachment-4749\" style=\"width: 1024px\" class=\"wp-caption aligncenter\"><a href=\"https:\/\/judoproleague.com\/wp-content\/uploads\/2025\/01\/Image-3.jpeg\"><img loading=\"lazy\" decoding=\"async\" class=\"size-full wp-image-4749\" src=\"https:\/\/judoproleague.com\/wp-content\/uploads\/2025\/01\/Image-3.jpeg\" alt=\"\" width=\"1024\" height=\"683\" srcset=\"https:\/\/judoproleague.com\/wp-content\/uploads\/2025\/01\/Image-3.jpeg 1024w, https:\/\/judoproleague.com\/wp-content\/uploads\/2025\/01\/Image-3-300x200.jpeg 300w, https:\/\/judoproleague.com\/wp-content\/uploads\/2025\/01\/Image-3-768x512.jpeg 768w, https:\/\/judoproleague.com\/wp-content\/uploads\/2025\/01\/Image-3-18x12.jpeg 18w\" sizes=\"auto, (max-width: 1024px) 100vw, 1024px\" \/><\/a><figcaption id=\"caption-attachment-4749\" class=\"wp-caption-text\">France Judo \/ Pauce<\/figcaption><\/figure>","protected":false},"excerpt":{"rendered":"<p>Deux ans apr\u00e8s avoir atteint le dernier carr\u00e9 de la Judo Pro League lors de la saison inaugurale, l\u2019Orl\u00e9ans Judo Loiret fera son retour au Dojo de Paris le 18 janvier prochain. La formation du Loiret s\u2019est impos\u00e9e face au Montpellier Judo Olympic sur le score de 5-2, dans une rencontre plus disput\u00e9e que le [&hellip;]<\/p>\n","protected":false},"author":4,"featured_media":4748,"comment_status":"closed","ping_status":"open","sticky":false,"template":"","format":"standard","meta":{"footnotes":""},"categories":[1],"tags":[],"class_list":["post-4747","post","type-post","status-publish","format-standard","has-post-thumbnail","hentry","category-non-classe"],"acf":[],"yoast_head":"<!-- This site is optimized with the Yoast SEO plugin v27.1.1 - https:\/\/yoast.com\/product\/yoast-seo-wordpress\/ -->\n<title>L&#039;US Orl\u00e9ans Judo Loiret de retour au Final Four - Judo Pro League<\/title>\n<meta name=\"robots\" content=\"index, follow, max-snippet:-1, max-image-preview:large, max-video-preview:-1\" \/>\n<link rel=\"canonical\" href=\"https:\/\/judoproleague.com\/en\/lorleans-judo-loiret-back-in-the-final-four\/\" \/>\n<meta property=\"og:locale\" content=\"en_US\" \/>\n<meta property=\"og:type\" content=\"article\" \/>\n<meta property=\"og:title\" content=\"L&#039;US Orl\u00e9ans Judo Loiret de retour au Final Four - Judo Pro League\" \/>\n<meta property=\"og:description\" content=\"Deux ans apr\u00e8s avoir atteint le dernier carr\u00e9 de la Judo Pro League lors de la saison inaugurale, l\u2019Orl\u00e9ans Judo Loiret fera son retour au Dojo de Paris le 18 janvier prochain. La formation du Loiret s\u2019est impos\u00e9e face au Montpellier Judo Olympic sur le score de 5-2, dans une rencontre plus disput\u00e9e que le [&hellip;]\" \/>\n<meta property=\"og:url\" content=\"https:\/\/judoproleague.com\/en\/lorleans-judo-loiret-back-in-the-final-four\/\" \/>\n<meta property=\"og:site_name\" content=\"Judo Pro League\" \/>\n<meta property=\"article:published_time\" content=\"2025-01-08T23:47:42+00:00\" \/>\n<meta property=\"article:modified_time\" content=\"2025-01-08T23:51:07+00:00\" \/>\n<meta property=\"og:image\" content=\"https:\/\/judoproleague.com\/wp-content\/uploads\/2025\/01\/Image-2.jpeg\" \/>\n\t<meta property=\"og:image:width\" content=\"1024\" \/>\n\t<meta property=\"og:image:height\" content=\"682\" \/>\n\t<meta property=\"og:image:type\" content=\"image\/jpeg\" \/>\n<meta name=\"author\" content=\"Alan GAUDEFROY\" \/>\n<meta name=\"twitter:card\" content=\"summary_large_image\" \/>\n<meta name=\"twitter:label1\" content=\"Written by\" \/>\n\t<meta name=\"twitter:data1\" content=\"Alan GAUDEFROY\" \/>\n\t<meta name=\"twitter:label2\" content=\"Est. reading time\" \/>\n\t<meta name=\"twitter:data2\" content=\"2 minutes\" \/>\n<script type=\"application\/ld+json\" class=\"yoast-schema-graph\">{\"@context\":\"https:\/\/schema.org\",\"@graph\":[{\"@type\":\"Article\",\"@id\":\"https:\/\/judoproleague.com\/lorleans-judo-loiret-de-retour-au-final-four\/#article\",\"isPartOf\":{\"@id\":\"https:\/\/judoproleague.com\/lorleans-judo-loiret-de-retour-au-final-four\/\"},\"author\":{\"name\":\"Alan GAUDEFROY\",\"@id\":\"https:\/\/judoproleague.com\/#\/schema\/person\/1cc0d3c1265a4f6956c0bf9ad6389b37\"},\"headline\":\"L&rsquo;US Orl\u00e9ans Judo Loiret de retour au Final Four\",\"datePublished\":\"2025-01-08T23:47:42+00:00\",\"dateModified\":\"2025-01-08T23:51:07+00:00\",\"mainEntityOfPage\":{\"@id\":\"https:\/\/judoproleague.com\/lorleans-judo-loiret-de-retour-au-final-four\/\"},\"wordCount\":334,\"publisher\":{\"@id\":\"https:\/\/judoproleague.com\/#organization\"},\"image\":{\"@id\":\"https:\/\/judoproleague.com\/lorleans-judo-loiret-de-retour-au-final-four\/#primaryimage\"},\"thumbnailUrl\":\"https:\/\/judoproleague.com\/wp-content\/uploads\/2025\/01\/Image-2.jpeg\",\"articleSection\":[\"Non class\u00e9\"],\"inLanguage\":\"en-US\"},{\"@type\":\"WebPage\",\"@id\":\"https:\/\/judoproleague.com\/lorleans-judo-loiret-de-retour-au-final-four\/\",\"url\":\"https:\/\/judoproleague.com\/lorleans-judo-loiret-de-retour-au-final-four\/\",\"name\":\"L'US Orl\u00e9ans Judo Loiret de retour au Final Four - Judo Pro League\",\"isPartOf\":{\"@id\":\"https:\/\/judoproleague.com\/#website\"},\"primaryImageOfPage\":{\"@id\":\"https:\/\/judoproleague.com\/lorleans-judo-loiret-de-retour-au-final-four\/#primaryimage\"},\"image\":{\"@id\":\"https:\/\/judoproleague.com\/lorleans-judo-loiret-de-retour-au-final-four\/#primaryimage\"},\"thumbnailUrl\":\"https:\/\/judoproleague.com\/wp-content\/uploads\/2025\/01\/Image-2.jpeg\",\"datePublished\":\"2025-01-08T23:47:42+00:00\",\"dateModified\":\"2025-01-08T23:51:07+00:00\",\"inLanguage\":\"en-US\",\"potentialAction\":[{\"@type\":\"ReadAction\",\"target\":[\"https:\/\/judoproleague.com\/lorleans-judo-loiret-de-retour-au-final-four\/\"]}]},{\"@type\":\"ImageObject\",\"inLanguage\":\"en-US\",\"@id\":\"https:\/\/judoproleague.com\/lorleans-judo-loiret-de-retour-au-final-four\/#primaryimage\",\"url\":\"https:\/\/judoproleague.com\/wp-content\/uploads\/2025\/01\/Image-2.jpeg\",\"contentUrl\":\"https:\/\/judoproleague.com\/wp-content\/uploads\/2025\/01\/Image-2.jpeg\",\"width\":1024,\"height\":682},{\"@type\":\"WebSite\",\"@id\":\"https:\/\/judoproleague.com\/#website\",\"url\":\"https:\/\/judoproleague.com\/\",\"name\":\"Judo Pro League\",\"description\":\"\",\"publisher\":{\"@id\":\"https:\/\/judoproleague.com\/#organization\"},\"potentialAction\":[{\"@type\":\"SearchAction\",\"target\":{\"@type\":\"EntryPoint\",\"urlTemplate\":\"https:\/\/judoproleague.com\/?s={search_term_string}\"},\"query-input\":{\"@type\":\"PropertyValueSpecification\",\"valueRequired\":true,\"valueName\":\"search_term_string\"}}],\"inLanguage\":\"en-US\"},{\"@type\":\"Organization\",\"@id\":\"https:\/\/judoproleague.com\/#organization\",\"name\":\"Judo Pro League\",\"url\":\"https:\/\/judoproleague.com\/\",\"logo\":{\"@type\":\"ImageObject\",\"inLanguage\":\"en-US\",\"@id\":\"https:\/\/judoproleague.com\/#\/schema\/logo\/image\/\",\"url\":\"https:\/\/judoproleague.com\/wp-content\/uploads\/2024\/10\/JPL-LOGO-light-1.svg\",\"contentUrl\":\"https:\/\/judoproleague.com\/wp-content\/uploads\/2024\/10\/JPL-LOGO-light-1.svg\",\"width\":198,\"height\":83,\"caption\":\"Judo Pro League\"},\"image\":{\"@id\":\"https:\/\/judoproleague.com\/#\/schema\/logo\/image\/\"}},{\"@type\":\"Person\",\"@id\":\"https:\/\/judoproleague.com\/#\/schema\/person\/1cc0d3c1265a4f6956c0bf9ad6389b37\",\"name\":\"Alan GAUDEFROY\",\"image\":{\"@type\":\"ImageObject\",\"inLanguage\":\"en-US\",\"@id\":\"https:\/\/judoproleague.com\/#\/schema\/person\/image\/\",\"url\":\"https:\/\/secure.gravatar.com\/avatar\/f7ed2dc65f91e5fc8e3a880a460ca52653ffa31251b597d2880f1aaf5b39fdc4?s=96&d=mm&r=g\",\"contentUrl\":\"https:\/\/secure.gravatar.com\/avatar\/f7ed2dc65f91e5fc8e3a880a460ca52653ffa31251b597d2880f1aaf5b39fdc4?s=96&d=mm&r=g\",\"caption\":\"Alan GAUDEFROY\"},\"url\":\"https:\/\/judoproleague.com\/en\/author\/alanjpl\/\"}]}<\/script>\n<!-- \/ Yoast SEO plugin. -->","yoast_head_json":{"title":"US Orl\u00e9ans Judo Loiret back in the Final Four - Judo Pro League","robots":{"index":"index","follow":"follow","max-snippet":"max-snippet:-1","max-image-preview":"max-image-preview:large","max-video-preview":"max-video-preview:-1"},"canonical":"https:\/\/judoproleague.com\/en\/lorleans-judo-loiret-back-in-the-final-four\/","og_locale":"en_US","og_type":"article","og_title":"L'US Orl\u00e9ans Judo Loiret de retour au Final Four - Judo Pro League","og_description":"Deux ans apr\u00e8s avoir atteint le dernier carr\u00e9 de la Judo Pro League lors de la saison inaugurale, l\u2019Orl\u00e9ans Judo Loiret fera son retour au Dojo de Paris le 18 janvier prochain. La formation du Loiret s\u2019est impos\u00e9e face au Montpellier Judo Olympic sur le score de 5-2, dans une rencontre plus disput\u00e9e que le [&hellip;]","og_url":"https:\/\/judoproleague.com\/en\/lorleans-judo-loiret-back-in-the-final-four\/","og_site_name":"Judo Pro League","article_published_time":"2025-01-08T23:47:42+00:00","article_modified_time":"2025-01-08T23:51:07+00:00","og_image":[{"width":1024,"height":682,"url":"https:\/\/judoproleague.com\/wp-content\/uploads\/2025\/01\/Image-2.jpeg","type":"image\/jpeg"}],"author":"Alan GAUDEFROY","twitter_card":"summary_large_image","twitter_misc":{"Written by":"Alan GAUDEFROY","Est. reading time":"2 minutes"},"schema":{"@context":"https:\/\/schema.org","@graph":[{"@type":"Article","@id":"https:\/\/judoproleague.com\/lorleans-judo-loiret-de-retour-au-final-four\/#article","isPartOf":{"@id":"https:\/\/judoproleague.com\/lorleans-judo-loiret-de-retour-au-final-four\/"},"author":{"name":"Alan GAUDEFROY","@id":"https:\/\/judoproleague.com\/#\/schema\/person\/1cc0d3c1265a4f6956c0bf9ad6389b37"},"headline":"L&rsquo;US Orl\u00e9ans Judo Loiret de retour au Final Four","datePublished":"2025-01-08T23:47:42+00:00","dateModified":"2025-01-08T23:51:07+00:00","mainEntityOfPage":{"@id":"https:\/\/judoproleague.com\/lorleans-judo-loiret-de-retour-au-final-four\/"},"wordCount":334,"publisher":{"@id":"https:\/\/judoproleague.com\/#organization"},"image":{"@id":"https:\/\/judoproleague.com\/lorleans-judo-loiret-de-retour-au-final-four\/#primaryimage"},"thumbnailUrl":"https:\/\/judoproleague.com\/wp-content\/uploads\/2025\/01\/Image-2.jpeg","articleSection":["Non class\u00e9"],"inLanguage":"en-US"},{"@type":"WebPage","@id":"https:\/\/judoproleague.com\/lorleans-judo-loiret-de-retour-au-final-four\/","url":"https:\/\/judoproleague.com\/lorleans-judo-loiret-de-retour-au-final-four\/","name":"US Orl\u00e9ans Judo Loiret back in the Final Four - Judo Pro League","isPartOf":{"@id":"https:\/\/judoproleague.com\/#website"},"primaryImageOfPage":{"@id":"https:\/\/judoproleague.com\/lorleans-judo-loiret-de-retour-au-final-four\/#primaryimage"},"image":{"@id":"https:\/\/judoproleague.com\/lorleans-judo-loiret-de-retour-au-final-four\/#primaryimage"},"thumbnailUrl":"https:\/\/judoproleague.com\/wp-content\/uploads\/2025\/01\/Image-2.jpeg","datePublished":"2025-01-08T23:47:42+00:00","dateModified":"2025-01-08T23:51:07+00:00","inLanguage":"en-US","potentialAction":[{"@type":"ReadAction","target":["https:\/\/judoproleague.com\/lorleans-judo-loiret-de-retour-au-final-four\/"]}]},{"@type":"ImageObject","inLanguage":"en-US","@id":"https:\/\/judoproleague.com\/lorleans-judo-loiret-de-retour-au-final-four\/#primaryimage","url":"https:\/\/judoproleague.com\/wp-content\/uploads\/2025\/01\/Image-2.jpeg","contentUrl":"https:\/\/judoproleague.com\/wp-content\/uploads\/2025\/01\/Image-2.jpeg","width":1024,"height":682},{"@type":"WebSite","@id":"https:\/\/judoproleague.com\/#website","url":"https:\/\/judoproleague.com\/","name":"Judo Pro League","description":"","publisher":{"@id":"https:\/\/judoproleague.com\/#organization"},"potentialAction":[{"@type":"SearchAction","target":{"@type":"EntryPoint","urlTemplate":"https:\/\/judoproleague.com\/?s={search_term_string}"},"query-input":{"@type":"PropertyValueSpecification","valueRequired":true,"valueName":"search_term_string"}}],"inLanguage":"en-US"},{"@type":"Organization","@id":"https:\/\/judoproleague.com\/#organization","name":"Judo Pro League","url":"https:\/\/judoproleague.com\/","logo":{"@type":"ImageObject","inLanguage":"en-US","@id":"https:\/\/judoproleague.com\/#\/schema\/logo\/image\/","url":"https:\/\/judoproleague.com\/wp-content\/uploads\/2024\/10\/JPL-LOGO-light-1.svg","contentUrl":"https:\/\/judoproleague.com\/wp-content\/uploads\/2024\/10\/JPL-LOGO-light-1.svg","width":198,"height":83,"caption":"Judo Pro League"},"image":{"@id":"https:\/\/judoproleague.com\/#\/schema\/logo\/image\/"}},{"@type":"Person","@id":"https:\/\/judoproleague.com\/#\/schema\/person\/1cc0d3c1265a4f6956c0bf9ad6389b37","name":"Alan GAUDEFROY","image":{"@type":"ImageObject","inLanguage":"en-US","@id":"https:\/\/judoproleague.com\/#\/schema\/person\/image\/","url":"https:\/\/secure.gravatar.com\/avatar\/f7ed2dc65f91e5fc8e3a880a460ca52653ffa31251b597d2880f1aaf5b39fdc4?s=96&d=mm&r=g","contentUrl":"https:\/\/secure.gravatar.com\/avatar\/f7ed2dc65f91e5fc8e3a880a460ca52653ffa31251b597d2880f1aaf5b39fdc4?s=96&d=mm&r=g","caption":"Alan GAUDEFROY"},"url":"https:\/\/judoproleague.com\/en\/author\/alanjpl\/"}]}},"_links":{"self":[{"href":"https:\/\/judoproleague.com\/en\/wp-json\/wp\/v2\/posts\/4747","targetHints":{"allow":["GET"]}}],"collection":[{"href":"https:\/\/judoproleague.com\/en\/wp-json\/wp\/v2\/posts"}],"about":[{"href":"https:\/\/judoproleague.com\/en\/wp-json\/wp\/v2\/types\/post"}],"author":[{"embeddable":true,"href":"https:\/\/judoproleague.com\/en\/wp-json\/wp\/v2\/users\/4"}],"replies":[{"embeddable":true,"href":"https:\/\/judoproleague.com\/en\/wp-json\/wp\/v2\/comments?post=4747"}],"version-history":[{"count":4,"href":"https:\/\/judoproleague.com\/en\/wp-json\/wp\/v2\/posts\/4747\/revisions"}],"predecessor-version":[{"id":4753,"href":"https:\/\/judoproleague.com\/en\/wp-json\/wp\/v2\/posts\/4747\/revisions\/4753"}],"wp:featuredmedia":[{"embeddable":true,"href":"https:\/\/judoproleague.com\/en\/wp-json\/wp\/v2\/media\/4748"}],"wp:attachment":[{"href":"https:\/\/judoproleague.com\/en\/wp-json\/wp\/v2\/media?parent=4747"}],"wp:term":[{"taxonomy":"category","embeddable":true,"href":"https:\/\/judoproleague.com\/en\/wp-json\/wp\/v2\/categories?post=4747"},{"taxonomy":"post_tag","embeddable":true,"href":"https:\/\/judoproleague.com\/en\/wp-json\/wp\/v2\/tags?post=4747"}],"curies":[{"name":"wp","href":"https:\/\/api.w.org\/{rel}","templated":true}]}}