{"id":4610,"date":"2024-11-14T11:23:40","date_gmt":"2024-11-14T10:23:40","guid":{"rendered":"https:\/\/judoproleague.com\/?p=4610"},"modified":"2024-11-14T16:43:09","modified_gmt":"2024-11-14T15:43:09","slug":"angel-gustan-latout-fresh-from-montpellier-judo-olympic","status":"publish","type":"post","link":"https:\/\/judoproleague.com\/en\/angel-gustan-latout-fraicheur-du-montpellier-judo-olympic\/","title":{"rendered":"Angel Gustan, Montpellier Judo Olympic's fresh asset"},"content":{"rendered":"<p>His title of French 1st division champion in +100kg at Chalon-sur-Sa\u00f4ne will go down as one of the highlights of the senior national event at the beginning of November. His name? Angel Gustan, twenty-one years old, brown belt, member of the Montpellier Judo Olympic franchise, currently sixth in the Judo Pro League standings after three rounds. A colossus of one meter ninety-seven centimeters and one hundred and eighty kilograms who impressed, even stunned, on the tatamis of the Colis\u00e9e Chalonnais! In four bouts, he spent just one minute and thirty seconds on the mat,\" explains Arthur Combeau, technical director of the Montpellier-based structure. In Chalon-sur-Sa\u00f4ne, he had the perfect day, impeccably managing the break between the preliminaries and the final block, and staying focused, something he had lacked a little in Malaga three weeks earlier.\"<\/p>\n<p><a href=\"https:\/\/judoproleague.com\/wp-content\/uploads\/2024\/11\/JBD0037-scaled.jpg\"><img loading=\"lazy\" decoding=\"async\" class=\"aligncenter size-large wp-image-4615\" src=\"https:\/\/judoproleague.com\/wp-content\/uploads\/2024\/11\/JBD0037-1024x683.jpg\" alt=\"\" width=\"640\" height=\"427\" srcset=\"https:\/\/judoproleague.com\/wp-content\/uploads\/2024\/11\/JBD0037-1024x683.jpg 1024w, https:\/\/judoproleague.com\/wp-content\/uploads\/2024\/11\/JBD0037-300x200.jpg 300w, https:\/\/judoproleague.com\/wp-content\/uploads\/2024\/11\/JBD0037-768x512.jpg 768w, https:\/\/judoproleague.com\/wp-content\/uploads\/2024\/11\/JBD0037-1536x1024.jpg 1536w, https:\/\/judoproleague.com\/wp-content\/uploads\/2024\/11\/JBD0037-2048x1365.jpg 2048w, https:\/\/judoproleague.com\/wp-content\/uploads\/2024\/11\/JBD0037-18x12.jpg 18w\" sizes=\"auto, (max-width: 640px) 100vw, 640px\" \/><\/a><\/p>\n<p>But who is Angel Gustan? Unknown to the general public until a few weeks ago, Arthur Combeau tells us more about the new nugget of the French +100kg. \"Angel started judo in Martinique at the age of seven. In 2019, as a second-year cadet, he finished fifth in the French championships in -90kg. But he had to stop judo for three years because of covid. In September 2023, he moved to Montpellier to study engineering. He joined the club in December of that year. Two training sessions a week on the p\u00f4le espoirs mat, a game on the club's own mat and physical preparation: there's nothing revolutionary about the weekly program. But where does the secret lie behind this success that almost nobody saw coming? He doesn't ask himself any questions,\" suggests Arthur Combeau. He has great judo skills and is always on the attack. I also think that the club culture is another explanation. I have the weakness to think that he feels good with us, that he's happy to train at the club. One thing's for sure though: Angel is an extremely pleasant boy, who always has a smile on his face. It's a real pleasure to train him.<\/p>\n<p><a href=\"https:\/\/judoproleague.com\/wp-content\/uploads\/2024\/11\/JBD1605-scaled.jpg\"><img loading=\"lazy\" decoding=\"async\" class=\"aligncenter size-large wp-image-4612\" src=\"https:\/\/judoproleague.com\/wp-content\/uploads\/2024\/11\/JBD1605-1024x683.jpg\" alt=\"\" width=\"640\" height=\"427\" srcset=\"https:\/\/judoproleague.com\/wp-content\/uploads\/2024\/11\/JBD1605-1024x683.jpg 1024w, https:\/\/judoproleague.com\/wp-content\/uploads\/2024\/11\/JBD1605-300x200.jpg 300w, https:\/\/judoproleague.com\/wp-content\/uploads\/2024\/11\/JBD1605-768x512.jpg 768w, https:\/\/judoproleague.com\/wp-content\/uploads\/2024\/11\/JBD1605-1536x1024.jpg 1536w, https:\/\/judoproleague.com\/wp-content\/uploads\/2024\/11\/JBD1605-2048x1365.jpg 2048w, https:\/\/judoproleague.com\/wp-content\/uploads\/2024\/11\/JBD1605-18x12.jpg 18w\" sizes=\"auto, (max-width: 640px) 100vw, 640px\" \/><\/a><\/p>\n<p>Very good with his legs, this right-hander had already caught the eye of the specialists at the start of the season. \"At the beginning of October, he won the Noisy-le-Grand tournament, then followed it up a week later with a fine silver medal at the Spanish European Cup in Malaga. The momentum was therefore very positive before the French championships.<\/p>\n<p>A national senior title - the club's first - which takes Angel Gustan into another dimension. Thanks to the magic of his national title, he has become the assertive leader of a Montpellier team which will travel twice in November, to the Dojo B\u00e9glais on Tuesday November 12 and to the Dojo Nantais a week later. These two encounters will be decisive if they are to remain in the top eight, which is synonymous with qualification for the quarter-finals. We're right on schedule,\" continues Arthur Combeau. We're up against two home teams who lost their first two games. For our third participation, our objective is clear: at least the quarter-finals. An ambition for which President Christel Boxberger-Lavaud's club has not wished to depart from its philosophy: to rely essentially on the club's own judokas, and to strengthen the categories that needed strengthening. \"Alongside Angel, we also have two other club members who are shining: Emma Melis, still a junior, who has just finished seventh at the French championships in -57kg, and Hugo David, fifth at the French juniors 2024 championships in -73kg.\"<\/p>\n<p>And while Angel Gustan had lost his first two Judo Pro League matches, against JC Chilly-Mazarin Morangis and Arts Martiaux d'Asni\u00e8res 92, the outcome of the matches had already been decided before he took to the ring - \"I'm going to propose that, for the next edition of the Judo Pro League, the category that starts should be drawn by lot\", adds the Montpellier technical director - he more than made up for it on the third day against the Dojo B\u00e9glais. His magnificent ko-soto-gari inflicted on Alex Khouma in five seconds enabled the Montpellier club to win five to four and consolidate its place in the top 8. The Gustan \"hype\" in French judo has definitely taken off!<\/p>\n<p><iframe loading=\"lazy\" width=\"560\" height=\"315\" src=\"https:\/\/www.youtube.com\/embed\/boiny8MmX9c?si=UCofImu6GKuK7kBg\" title=\"YouTube video player\" frameborder=\"0\" allow=\"accelerometer; autoplay; clipboard-write; encrypted-media; gyroscope; picture-in-picture; web-share\" referrerpolicy=\"strict-origin-when-cross-origin\" allowfullscreen><\/iframe><\/p>","protected":false},"excerpt":{"rendered":"<p>Son titre de champion de France 1re division en +100kg \u00e0 Chalon-sur-Sa\u00f4ne restera comme l\u2019un des moments forts de l\u2019\u00e9v\u00e9nement national seniors de ce d\u00e9but novembre. Lui\u2009? Angel Gustan, vingt-et-un ans, ceinture marron, licenci\u00e9 et titulaire au sein de la franchise du Montpellier Judo Olympic, actuellement sixi\u00e8me au classement de la Judo Pro League apr\u00e8s [&hellip;]<\/p>\n","protected":false},"author":4,"featured_media":4614,"comment_status":"closed","ping_status":"open","sticky":false,"template":"","format":"standard","meta":{"footnotes":""},"categories":[10],"tags":[],"class_list":["post-4610","post","type-post","status-publish","format-standard","has-post-thumbnail","hentry","category-montpellier-olympic"],"acf":[],"yoast_head":"<!-- This site is optimized with the Yoast SEO plugin v27.1.1 - https:\/\/yoast.com\/product\/yoast-seo-wordpress\/ -->\n<title>Angel Gustan, l\u2019atout fra\u00eecheur du Montpellier Judo Olympic - Judo Pro League<\/title>\n<meta name=\"robots\" content=\"index, follow, max-snippet:-1, max-image-preview:large, max-video-preview:-1\" \/>\n<link rel=\"canonical\" href=\"https:\/\/judoproleague.com\/en\/angel-gustan-latout-fresh-from-montpellier-judo-olympic\/\" \/>\n<meta property=\"og:locale\" content=\"en_US\" \/>\n<meta property=\"og:type\" content=\"article\" \/>\n<meta property=\"og:title\" content=\"Angel Gustan, l\u2019atout fra\u00eecheur du Montpellier Judo Olympic - Judo Pro League\" \/>\n<meta property=\"og:description\" content=\"Son titre de champion de France 1re division en +100kg \u00e0 Chalon-sur-Sa\u00f4ne restera comme l\u2019un des moments forts de l\u2019\u00e9v\u00e9nement national seniors de ce d\u00e9but novembre. Lui\u2009? Angel Gustan, vingt-et-un ans, ceinture marron, licenci\u00e9 et titulaire au sein de la franchise du Montpellier Judo Olympic, actuellement sixi\u00e8me au classement de la Judo Pro League apr\u00e8s [&hellip;]\" \/>\n<meta property=\"og:url\" content=\"https:\/\/judoproleague.com\/en\/angel-gustan-latout-fresh-from-montpellier-judo-olympic\/\" \/>\n<meta property=\"og:site_name\" content=\"Judo Pro League\" \/>\n<meta property=\"article:published_time\" content=\"2024-11-14T10:23:40+00:00\" \/>\n<meta property=\"article:modified_time\" content=\"2024-11-14T15:43:09+00:00\" \/>\n<meta property=\"og:image\" content=\"https:\/\/judoproleague.com\/wp-content\/uploads\/2024\/11\/JBD1568-1-scaled.jpg\" \/>\n\t<meta property=\"og:image:width\" content=\"2560\" \/>\n\t<meta property=\"og:image:height\" content=\"1707\" \/>\n\t<meta property=\"og:image:type\" content=\"image\/jpeg\" \/>\n<meta name=\"author\" content=\"Alan GAUDEFROY\" \/>\n<meta name=\"twitter:card\" content=\"summary_large_image\" \/>\n<meta name=\"twitter:label1\" content=\"Written by\" \/>\n\t<meta name=\"twitter:data1\" content=\"Alan GAUDEFROY\" \/>\n\t<meta name=\"twitter:label2\" content=\"Est. reading time\" \/>\n\t<meta name=\"twitter:data2\" content=\"5 minutes\" \/>\n<script type=\"application\/ld+json\" class=\"yoast-schema-graph\">{\"@context\":\"https:\/\/schema.org\",\"@graph\":[{\"@type\":\"Article\",\"@id\":\"https:\/\/judoproleague.com\/angel-gustan-latout-fraicheur-du-montpellier-judo-olympic\/#article\",\"isPartOf\":{\"@id\":\"https:\/\/judoproleague.com\/angel-gustan-latout-fraicheur-du-montpellier-judo-olympic\/\"},\"author\":{\"name\":\"Alan GAUDEFROY\",\"@id\":\"https:\/\/judoproleague.com\/#\/schema\/person\/1cc0d3c1265a4f6956c0bf9ad6389b37\"},\"headline\":\"Angel Gustan, l\u2019atout fra\u00eecheur du Montpellier Judo Olympic\",\"datePublished\":\"2024-11-14T10:23:40+00:00\",\"dateModified\":\"2024-11-14T15:43:09+00:00\",\"mainEntityOfPage\":{\"@id\":\"https:\/\/judoproleague.com\/angel-gustan-latout-fraicheur-du-montpellier-judo-olympic\/\"},\"wordCount\":832,\"publisher\":{\"@id\":\"https:\/\/judoproleague.com\/#organization\"},\"image\":{\"@id\":\"https:\/\/judoproleague.com\/angel-gustan-latout-fraicheur-du-montpellier-judo-olympic\/#primaryimage\"},\"thumbnailUrl\":\"https:\/\/judoproleague.com\/wp-content\/uploads\/2024\/11\/JBD1568-1-scaled.jpg\",\"articleSection\":[\"Montpellier Olympic\"],\"inLanguage\":\"en-US\"},{\"@type\":\"WebPage\",\"@id\":\"https:\/\/judoproleague.com\/angel-gustan-latout-fraicheur-du-montpellier-judo-olympic\/\",\"url\":\"https:\/\/judoproleague.com\/angel-gustan-latout-fraicheur-du-montpellier-judo-olympic\/\",\"name\":\"Angel Gustan, l\u2019atout fra\u00eecheur du Montpellier Judo Olympic - Judo Pro League\",\"isPartOf\":{\"@id\":\"https:\/\/judoproleague.com\/#website\"},\"primaryImageOfPage\":{\"@id\":\"https:\/\/judoproleague.com\/angel-gustan-latout-fraicheur-du-montpellier-judo-olympic\/#primaryimage\"},\"image\":{\"@id\":\"https:\/\/judoproleague.com\/angel-gustan-latout-fraicheur-du-montpellier-judo-olympic\/#primaryimage\"},\"thumbnailUrl\":\"https:\/\/judoproleague.com\/wp-content\/uploads\/2024\/11\/JBD1568-1-scaled.jpg\",\"datePublished\":\"2024-11-14T10:23:40+00:00\",\"dateModified\":\"2024-11-14T15:43:09+00:00\",\"inLanguage\":\"en-US\",\"potentialAction\":[{\"@type\":\"ReadAction\",\"target\":[\"https:\/\/judoproleague.com\/angel-gustan-latout-fraicheur-du-montpellier-judo-olympic\/\"]}]},{\"@type\":\"ImageObject\",\"inLanguage\":\"en-US\",\"@id\":\"https:\/\/judoproleague.com\/angel-gustan-latout-fraicheur-du-montpellier-judo-olympic\/#primaryimage\",\"url\":\"https:\/\/judoproleague.com\/wp-content\/uploads\/2024\/11\/JBD1568-1-scaled.jpg\",\"contentUrl\":\"https:\/\/judoproleague.com\/wp-content\/uploads\/2024\/11\/JBD1568-1-scaled.jpg\",\"width\":2560,\"height\":1707},{\"@type\":\"WebSite\",\"@id\":\"https:\/\/judoproleague.com\/#website\",\"url\":\"https:\/\/judoproleague.com\/\",\"name\":\"Judo Pro League\",\"description\":\"\",\"publisher\":{\"@id\":\"https:\/\/judoproleague.com\/#organization\"},\"potentialAction\":[{\"@type\":\"SearchAction\",\"target\":{\"@type\":\"EntryPoint\",\"urlTemplate\":\"https:\/\/judoproleague.com\/?s={search_term_string}\"},\"query-input\":{\"@type\":\"PropertyValueSpecification\",\"valueRequired\":true,\"valueName\":\"search_term_string\"}}],\"inLanguage\":\"en-US\"},{\"@type\":\"Organization\",\"@id\":\"https:\/\/judoproleague.com\/#organization\",\"name\":\"Judo Pro League\",\"url\":\"https:\/\/judoproleague.com\/\",\"logo\":{\"@type\":\"ImageObject\",\"inLanguage\":\"en-US\",\"@id\":\"https:\/\/judoproleague.com\/#\/schema\/logo\/image\/\",\"url\":\"https:\/\/judoproleague.com\/wp-content\/uploads\/2024\/10\/JPL-LOGO-light-1.svg\",\"contentUrl\":\"https:\/\/judoproleague.com\/wp-content\/uploads\/2024\/10\/JPL-LOGO-light-1.svg\",\"width\":198,\"height\":83,\"caption\":\"Judo Pro League\"},\"image\":{\"@id\":\"https:\/\/judoproleague.com\/#\/schema\/logo\/image\/\"}},{\"@type\":\"Person\",\"@id\":\"https:\/\/judoproleague.com\/#\/schema\/person\/1cc0d3c1265a4f6956c0bf9ad6389b37\",\"name\":\"Alan GAUDEFROY\",\"image\":{\"@type\":\"ImageObject\",\"inLanguage\":\"en-US\",\"@id\":\"https:\/\/judoproleague.com\/#\/schema\/person\/image\/\",\"url\":\"https:\/\/secure.gravatar.com\/avatar\/f7ed2dc65f91e5fc8e3a880a460ca52653ffa31251b597d2880f1aaf5b39fdc4?s=96&d=mm&r=g\",\"contentUrl\":\"https:\/\/secure.gravatar.com\/avatar\/f7ed2dc65f91e5fc8e3a880a460ca52653ffa31251b597d2880f1aaf5b39fdc4?s=96&d=mm&r=g\",\"caption\":\"Alan GAUDEFROY\"},\"url\":\"https:\/\/judoproleague.com\/en\/author\/alanjpl\/\"}]}<\/script>\n<!-- \/ Yoast SEO plugin. -->","yoast_head_json":{"title":"Angel Gustan, Montpellier Judo Olympic's fresh asset - Judo Pro League","robots":{"index":"index","follow":"follow","max-snippet":"max-snippet:-1","max-image-preview":"max-image-preview:large","max-video-preview":"max-video-preview:-1"},"canonical":"https:\/\/judoproleague.com\/en\/angel-gustan-latout-fresh-from-montpellier-judo-olympic\/","og_locale":"en_US","og_type":"article","og_title":"Angel Gustan, l\u2019atout fra\u00eecheur du Montpellier Judo Olympic - Judo Pro League","og_description":"Son titre de champion de France 1re division en +100kg \u00e0 Chalon-sur-Sa\u00f4ne restera comme l\u2019un des moments forts de l\u2019\u00e9v\u00e9nement national seniors de ce d\u00e9but novembre. Lui\u2009? Angel Gustan, vingt-et-un ans, ceinture marron, licenci\u00e9 et titulaire au sein de la franchise du Montpellier Judo Olympic, actuellement sixi\u00e8me au classement de la Judo Pro League apr\u00e8s [&hellip;]","og_url":"https:\/\/judoproleague.com\/en\/angel-gustan-latout-fresh-from-montpellier-judo-olympic\/","og_site_name":"Judo Pro League","article_published_time":"2024-11-14T10:23:40+00:00","article_modified_time":"2024-11-14T15:43:09+00:00","og_image":[{"width":2560,"height":1707,"url":"https:\/\/judoproleague.com\/wp-content\/uploads\/2024\/11\/JBD1568-1-scaled.jpg","type":"image\/jpeg"}],"author":"Alan GAUDEFROY","twitter_card":"summary_large_image","twitter_misc":{"Written by":"Alan GAUDEFROY","Est. reading time":"5 minutes"},"schema":{"@context":"https:\/\/schema.org","@graph":[{"@type":"Article","@id":"https:\/\/judoproleague.com\/angel-gustan-latout-fraicheur-du-montpellier-judo-olympic\/#article","isPartOf":{"@id":"https:\/\/judoproleague.com\/angel-gustan-latout-fraicheur-du-montpellier-judo-olympic\/"},"author":{"name":"Alan GAUDEFROY","@id":"https:\/\/judoproleague.com\/#\/schema\/person\/1cc0d3c1265a4f6956c0bf9ad6389b37"},"headline":"Angel Gustan, l\u2019atout fra\u00eecheur du Montpellier Judo Olympic","datePublished":"2024-11-14T10:23:40+00:00","dateModified":"2024-11-14T15:43:09+00:00","mainEntityOfPage":{"@id":"https:\/\/judoproleague.com\/angel-gustan-latout-fraicheur-du-montpellier-judo-olympic\/"},"wordCount":832,"publisher":{"@id":"https:\/\/judoproleague.com\/#organization"},"image":{"@id":"https:\/\/judoproleague.com\/angel-gustan-latout-fraicheur-du-montpellier-judo-olympic\/#primaryimage"},"thumbnailUrl":"https:\/\/judoproleague.com\/wp-content\/uploads\/2024\/11\/JBD1568-1-scaled.jpg","articleSection":["Montpellier Olympic"],"inLanguage":"en-US"},{"@type":"WebPage","@id":"https:\/\/judoproleague.com\/angel-gustan-latout-fraicheur-du-montpellier-judo-olympic\/","url":"https:\/\/judoproleague.com\/angel-gustan-latout-fraicheur-du-montpellier-judo-olympic\/","name":"Angel Gustan, Montpellier Judo Olympic's fresh asset - Judo Pro League","isPartOf":{"@id":"https:\/\/judoproleague.com\/#website"},"primaryImageOfPage":{"@id":"https:\/\/judoproleague.com\/angel-gustan-latout-fraicheur-du-montpellier-judo-olympic\/#primaryimage"},"image":{"@id":"https:\/\/judoproleague.com\/angel-gustan-latout-fraicheur-du-montpellier-judo-olympic\/#primaryimage"},"thumbnailUrl":"https:\/\/judoproleague.com\/wp-content\/uploads\/2024\/11\/JBD1568-1-scaled.jpg","datePublished":"2024-11-14T10:23:40+00:00","dateModified":"2024-11-14T15:43:09+00:00","inLanguage":"en-US","potentialAction":[{"@type":"ReadAction","target":["https:\/\/judoproleague.com\/angel-gustan-latout-fraicheur-du-montpellier-judo-olympic\/"]}]},{"@type":"ImageObject","inLanguage":"en-US","@id":"https:\/\/judoproleague.com\/angel-gustan-latout-fraicheur-du-montpellier-judo-olympic\/#primaryimage","url":"https:\/\/judoproleague.com\/wp-content\/uploads\/2024\/11\/JBD1568-1-scaled.jpg","contentUrl":"https:\/\/judoproleague.com\/wp-content\/uploads\/2024\/11\/JBD1568-1-scaled.jpg","width":2560,"height":1707},{"@type":"WebSite","@id":"https:\/\/judoproleague.com\/#website","url":"https:\/\/judoproleague.com\/","name":"Judo Pro League","description":"","publisher":{"@id":"https:\/\/judoproleague.com\/#organization"},"potentialAction":[{"@type":"SearchAction","target":{"@type":"EntryPoint","urlTemplate":"https:\/\/judoproleague.com\/?s={search_term_string}"},"query-input":{"@type":"PropertyValueSpecification","valueRequired":true,"valueName":"search_term_string"}}],"inLanguage":"en-US"},{"@type":"Organization","@id":"https:\/\/judoproleague.com\/#organization","name":"Judo Pro League","url":"https:\/\/judoproleague.com\/","logo":{"@type":"ImageObject","inLanguage":"en-US","@id":"https:\/\/judoproleague.com\/#\/schema\/logo\/image\/","url":"https:\/\/judoproleague.com\/wp-content\/uploads\/2024\/10\/JPL-LOGO-light-1.svg","contentUrl":"https:\/\/judoproleague.com\/wp-content\/uploads\/2024\/10\/JPL-LOGO-light-1.svg","width":198,"height":83,"caption":"Judo Pro League"},"image":{"@id":"https:\/\/judoproleague.com\/#\/schema\/logo\/image\/"}},{"@type":"Person","@id":"https:\/\/judoproleague.com\/#\/schema\/person\/1cc0d3c1265a4f6956c0bf9ad6389b37","name":"Alan GAUDEFROY","image":{"@type":"ImageObject","inLanguage":"en-US","@id":"https:\/\/judoproleague.com\/#\/schema\/person\/image\/","url":"https:\/\/secure.gravatar.com\/avatar\/f7ed2dc65f91e5fc8e3a880a460ca52653ffa31251b597d2880f1aaf5b39fdc4?s=96&d=mm&r=g","contentUrl":"https:\/\/secure.gravatar.com\/avatar\/f7ed2dc65f91e5fc8e3a880a460ca52653ffa31251b597d2880f1aaf5b39fdc4?s=96&d=mm&r=g","caption":"Alan GAUDEFROY"},"url":"https:\/\/judoproleague.com\/en\/author\/alanjpl\/"}]}},"_links":{"self":[{"href":"https:\/\/judoproleague.com\/en\/wp-json\/wp\/v2\/posts\/4610","targetHints":{"allow":["GET"]}}],"collection":[{"href":"https:\/\/judoproleague.com\/en\/wp-json\/wp\/v2\/posts"}],"about":[{"href":"https:\/\/judoproleague.com\/en\/wp-json\/wp\/v2\/types\/post"}],"author":[{"embeddable":true,"href":"https:\/\/judoproleague.com\/en\/wp-json\/wp\/v2\/users\/4"}],"replies":[{"embeddable":true,"href":"https:\/\/judoproleague.com\/en\/wp-json\/wp\/v2\/comments?post=4610"}],"version-history":[{"count":3,"href":"https:\/\/judoproleague.com\/en\/wp-json\/wp\/v2\/posts\/4610\/revisions"}],"predecessor-version":[{"id":4618,"href":"https:\/\/judoproleague.com\/en\/wp-json\/wp\/v2\/posts\/4610\/revisions\/4618"}],"wp:featuredmedia":[{"embeddable":true,"href":"https:\/\/judoproleague.com\/en\/wp-json\/wp\/v2\/media\/4614"}],"wp:attachment":[{"href":"https:\/\/judoproleague.com\/en\/wp-json\/wp\/v2\/media?parent=4610"}],"wp:term":[{"taxonomy":"category","embeddable":true,"href":"https:\/\/judoproleague.com\/en\/wp-json\/wp\/v2\/categories?post=4610"},{"taxonomy":"post_tag","embeddable":true,"href":"https:\/\/judoproleague.com\/en\/wp-json\/wp\/v2\/tags?post=4610"}],"curies":[{"name":"wp","href":"https:\/\/api.w.org\/{rel}","templated":true}]}}