{"id":4542,"date":"2024-11-07T14:47:34","date_gmt":"2024-11-07T13:47:34","guid":{"rendered":"https:\/\/judoproleague.com\/?p=4542"},"modified":"2024-11-15T12:46:45","modified_gmt":"2024-11-15T11:46:45","slug":"jc-chilly-mazarin-morangis-talented-jeunesse-chiroquoise","status":"publish","type":"post","link":"https:\/\/judoproleague.com\/en\/jc-chilly-mazarin-morangis-talentueuse-jeunesse-chiroquoise\/","title":{"rendered":"JC Chilly-Mazarin Morangis - Talented young people from Chilly-Mazarin"},"content":{"rendered":"<p>Last season's two magnificent victories at the French team championships - thanks to the cadet girls, led by Emma Benghezal, who is currently in the process of recovering from her summer's European and world championships, and the junior boys, after a crazy scenario that unraveled in the final seconds - were justly acclaimed. Winning two national youth titles in the same season is an unusual feat. All the more reason for JC Chilly-Mazarin Morangis to put its faith in its young talents for its return to the Judo Pro League - after having won the first edition in agreement with FLAM 91 under the name \"Paris-Saclay\", as Abderrahim Alaoui, head of the Essonne club's high-level teams, explains. \"After discussions with club president Bruno Morel, we decided to bet on them at the start of this Olympiad. Bringing promising young judokas up to the highest level is part of the club's DNA. This Judo Pro League has the enormous advantage of enabling them to compete against the best judokas in France - with whom they don't train, as many of them are at a provincial \"P\u00f4le France\" - and to situate themselves, the juniors, in relation to the best seniors\". The example set by Joan-Benjamin Gaba, the Chiroquois who became Olympic vice-champion this summer, is certainly echoing in everyone's minds.<\/p>\n<p><a href=\"https:\/\/judoproleague.com\/wp-content\/uploads\/2024\/11\/241016-2025-SB6_0643-FFJUDO-1.jpg\"><img loading=\"lazy\" decoding=\"async\" class=\"aligncenter size-large wp-image-4584\" src=\"https:\/\/judoproleague.com\/wp-content\/uploads\/2024\/11\/241016-2025-SB6_0643-FFJUDO-1-1024x683.jpg\" alt=\"\" width=\"640\" height=\"427\" srcset=\"https:\/\/judoproleague.com\/wp-content\/uploads\/2024\/11\/241016-2025-SB6_0643-FFJUDO-1-1024x683.jpg 1024w, https:\/\/judoproleague.com\/wp-content\/uploads\/2024\/11\/241016-2025-SB6_0643-FFJUDO-1-300x200.jpg 300w, https:\/\/judoproleague.com\/wp-content\/uploads\/2024\/11\/241016-2025-SB6_0643-FFJUDO-1-768x512.jpg 768w, https:\/\/judoproleague.com\/wp-content\/uploads\/2024\/11\/241016-2025-SB6_0643-FFJUDO-1-1536x1024.jpg 1536w, https:\/\/judoproleague.com\/wp-content\/uploads\/2024\/11\/241016-2025-SB6_0643-FFJUDO-1-18x12.jpg 18w, https:\/\/judoproleague.com\/wp-content\/uploads\/2024\/11\/241016-2025-SB6_0643-FFJUDO-1.jpg 2048w\" sizes=\"auto, (max-width: 640px) 100vw, 640px\" \/><\/a><\/p>\n<p>This policy once again proved its worth, with third-year junior Peter Jean winning the national bronze medal at the French 1st division senior championships in early November. Convalescing since Chalon-sur-Sa\u00f4ne, the 2024 French junior champion was missed by the Chiroquois team in their defeat by US Orl\u00e9ans Loiret Judo Jujitsu. But Bruno Morel's team will still have plenty of talented juniors to tempt them into the quarter-finals at home against neighbors Sainte-Genevi\u00e8ve Sports Judo. Currently in 8th place, Judo Club Chilly Mazarin must win to continue their adventure.<\/p>\n<p>But who are these juniors who could well be heard of at the highest level in a few years' time? They include second-year Cl\u00e9mentine Lenoir (-57kg), silver medallist at the Cormelles-le-Royal Excellence tournament in mid-October, and Jeanne Gastrin (-63kg), bronze medallist at the 2024 French Cadet Championships and winner of her two Judo Pro League bouts, against a national junior medallist and the 2024 \u00cele-de-France seniors champion! Quite a performance for the first-year junior who has just joined the P\u00f4le France in Ch\u00e2tenay-Malabry. And in the men's category? Third-year junior Marin Chabon (-66kg), a fighter with explosive shoulder movements, Livio Pistol (-73kg), a judoka from Guadeloupe who arrived in mainland France this season and came third at the 2023 French cadet championships, or Kassim Brosseau in the same weight category, a resident of the Strasbourg France center who has just won the Cormelles-le-Royal tournament, thanks to a devastating uchi-mata.<\/p>\n<p>A group of youngsters \"who already have a winning culture\", says Abderrahim Alaoui, who knows he can count on this positive and conquering state of mind to face the favourites SGS, secure a place in the quarter-finals, and try to reach the Final Four, JC Chilly-Mazarin Morangis' objective for this Judo Pro League 2024-2025.<\/p>\n<p><a href=\"https:\/\/judoproleague.com\/wp-content\/uploads\/2024\/11\/241016-1927-SB6_0329-FFJUDO.jpg\"><img loading=\"lazy\" decoding=\"async\" class=\"aligncenter size-large wp-image-4585\" src=\"https:\/\/judoproleague.com\/wp-content\/uploads\/2024\/11\/241016-1927-SB6_0329-FFJUDO-1024x683.jpg\" alt=\"\" width=\"640\" height=\"427\" srcset=\"https:\/\/judoproleague.com\/wp-content\/uploads\/2024\/11\/241016-1927-SB6_0329-FFJUDO-1024x683.jpg 1024w, https:\/\/judoproleague.com\/wp-content\/uploads\/2024\/11\/241016-1927-SB6_0329-FFJUDO-300x200.jpg 300w, https:\/\/judoproleague.com\/wp-content\/uploads\/2024\/11\/241016-1927-SB6_0329-FFJUDO-768x512.jpg 768w, https:\/\/judoproleague.com\/wp-content\/uploads\/2024\/11\/241016-1927-SB6_0329-FFJUDO-1536x1024.jpg 1536w, https:\/\/judoproleague.com\/wp-content\/uploads\/2024\/11\/241016-1927-SB6_0329-FFJUDO-18x12.jpg 18w, https:\/\/judoproleague.com\/wp-content\/uploads\/2024\/11\/241016-1927-SB6_0329-FFJUDO.jpg 2048w\" sizes=\"auto, (max-width: 640px) 100vw, 640px\" \/><\/a><\/p>","protected":false},"excerpt":{"rendered":"<p>Ses deux magnifiques victoires de la saison derni\u00e8re aux championnats de France par \u00e9quipes \u2013 gr\u00e2ce \u00e0 ses cadettes, men\u00e9es par Emma Benghezal, actuellement en phase de reprise sportive apr\u00e8s avoir \u00e9t\u00e9 titulaire aux championnats d\u2019Europe et du monde cet \u00e9t\u00e9, et ses juniors masculins, au terme d\u2019un scenario fou qui s\u2019est d\u00e9nou\u00e9 dans les [&hellip;]<\/p>\n","protected":false},"author":4,"featured_media":4545,"comment_status":"closed","ping_status":"open","sticky":false,"template":"","format":"standard","meta":{"footnotes":""},"categories":[23],"tags":[],"class_list":["post-4542","post","type-post","status-publish","format-standard","has-post-thumbnail","hentry","category-jc-chilly-mazarin-morangis"],"acf":[],"yoast_head":"<!-- This site is optimized with the Yoast SEO plugin v27.1.1 - https:\/\/yoast.com\/product\/yoast-seo-wordpress\/ -->\n<title>JC Chilly-Mazarin Morangis - Talentueuse jeunesse chiroquoise - Judo Pro League<\/title>\n<meta name=\"robots\" content=\"index, follow, max-snippet:-1, max-image-preview:large, max-video-preview:-1\" \/>\n<link rel=\"canonical\" href=\"https:\/\/judoproleague.com\/en\/jc-chilly-mazarin-morangis-talented-jeunesse-chiroquoise\/\" \/>\n<meta property=\"og:locale\" content=\"en_US\" \/>\n<meta property=\"og:type\" content=\"article\" \/>\n<meta property=\"og:title\" content=\"JC Chilly-Mazarin Morangis - Talentueuse jeunesse chiroquoise - Judo Pro League\" \/>\n<meta property=\"og:description\" content=\"Ses deux magnifiques victoires de la saison derni\u00e8re aux championnats de France par \u00e9quipes \u2013 gr\u00e2ce \u00e0 ses cadettes, men\u00e9es par Emma Benghezal, actuellement en phase de reprise sportive apr\u00e8s avoir \u00e9t\u00e9 titulaire aux championnats d\u2019Europe et du monde cet \u00e9t\u00e9, et ses juniors masculins, au terme d\u2019un scenario fou qui s\u2019est d\u00e9nou\u00e9 dans les [&hellip;]\" \/>\n<meta property=\"og:url\" content=\"https:\/\/judoproleague.com\/en\/jc-chilly-mazarin-morangis-talented-jeunesse-chiroquoise\/\" \/>\n<meta property=\"og:site_name\" content=\"Judo Pro League\" \/>\n<meta property=\"article:published_time\" content=\"2024-11-07T13:47:34+00:00\" \/>\n<meta property=\"article:modified_time\" content=\"2024-11-15T11:46:45+00:00\" \/>\n<meta property=\"og:image\" content=\"https:\/\/judoproleague.com\/wp-content\/uploads\/2024\/11\/241016-1927-SB6_0337-FFJUDO-1024x683.jpg\" \/>\n\t<meta property=\"og:image:width\" content=\"1024\" \/>\n\t<meta property=\"og:image:height\" content=\"683\" \/>\n\t<meta property=\"og:image:type\" content=\"image\/jpeg\" \/>\n<meta name=\"author\" content=\"Alan GAUDEFROY\" \/>\n<meta name=\"twitter:card\" content=\"summary_large_image\" \/>\n<meta name=\"twitter:label1\" content=\"Written by\" \/>\n\t<meta name=\"twitter:data1\" content=\"Alan GAUDEFROY\" \/>\n\t<meta name=\"twitter:label2\" content=\"Est. reading time\" \/>\n\t<meta name=\"twitter:data2\" content=\"4 minutes\" \/>\n<script type=\"application\/ld+json\" class=\"yoast-schema-graph\">{\"@context\":\"https:\/\/schema.org\",\"@graph\":[{\"@type\":\"Article\",\"@id\":\"https:\/\/judoproleague.com\/jc-chilly-mazarin-morangis-talentueuse-jeunesse-chiroquoise\/#article\",\"isPartOf\":{\"@id\":\"https:\/\/judoproleague.com\/jc-chilly-mazarin-morangis-talentueuse-jeunesse-chiroquoise\/\"},\"author\":{\"name\":\"Alan GAUDEFROY\",\"@id\":\"https:\/\/judoproleague.com\/#\/schema\/person\/1cc0d3c1265a4f6956c0bf9ad6389b37\"},\"headline\":\"JC Chilly-Mazarin Morangis &#8211; Talentueuse jeunesse chiroquoise\",\"datePublished\":\"2024-11-07T13:47:34+00:00\",\"dateModified\":\"2024-11-15T11:46:45+00:00\",\"mainEntityOfPage\":{\"@id\":\"https:\/\/judoproleague.com\/jc-chilly-mazarin-morangis-talentueuse-jeunesse-chiroquoise\/\"},\"wordCount\":616,\"publisher\":{\"@id\":\"https:\/\/judoproleague.com\/#organization\"},\"image\":{\"@id\":\"https:\/\/judoproleague.com\/jc-chilly-mazarin-morangis-talentueuse-jeunesse-chiroquoise\/#primaryimage\"},\"thumbnailUrl\":\"https:\/\/judoproleague.com\/wp-content\/uploads\/2024\/11\/241016-1927-SB6_0337-FFJUDO.jpg\",\"articleSection\":[\"JC Chilly Mazarin Morangis\"],\"inLanguage\":\"en-US\"},{\"@type\":\"WebPage\",\"@id\":\"https:\/\/judoproleague.com\/jc-chilly-mazarin-morangis-talentueuse-jeunesse-chiroquoise\/\",\"url\":\"https:\/\/judoproleague.com\/jc-chilly-mazarin-morangis-talentueuse-jeunesse-chiroquoise\/\",\"name\":\"JC Chilly-Mazarin Morangis - Talentueuse jeunesse chiroquoise - Judo Pro League\",\"isPartOf\":{\"@id\":\"https:\/\/judoproleague.com\/#website\"},\"primaryImageOfPage\":{\"@id\":\"https:\/\/judoproleague.com\/jc-chilly-mazarin-morangis-talentueuse-jeunesse-chiroquoise\/#primaryimage\"},\"image\":{\"@id\":\"https:\/\/judoproleague.com\/jc-chilly-mazarin-morangis-talentueuse-jeunesse-chiroquoise\/#primaryimage\"},\"thumbnailUrl\":\"https:\/\/judoproleague.com\/wp-content\/uploads\/2024\/11\/241016-1927-SB6_0337-FFJUDO.jpg\",\"datePublished\":\"2024-11-07T13:47:34+00:00\",\"dateModified\":\"2024-11-15T11:46:45+00:00\",\"inLanguage\":\"en-US\",\"potentialAction\":[{\"@type\":\"ReadAction\",\"target\":[\"https:\/\/judoproleague.com\/jc-chilly-mazarin-morangis-talentueuse-jeunesse-chiroquoise\/\"]}]},{\"@type\":\"ImageObject\",\"inLanguage\":\"en-US\",\"@id\":\"https:\/\/judoproleague.com\/jc-chilly-mazarin-morangis-talentueuse-jeunesse-chiroquoise\/#primaryimage\",\"url\":\"https:\/\/judoproleague.com\/wp-content\/uploads\/2024\/11\/241016-1927-SB6_0337-FFJUDO.jpg\",\"contentUrl\":\"https:\/\/judoproleague.com\/wp-content\/uploads\/2024\/11\/241016-1927-SB6_0337-FFJUDO.jpg\",\"width\":2048,\"height\":1365},{\"@type\":\"WebSite\",\"@id\":\"https:\/\/judoproleague.com\/#website\",\"url\":\"https:\/\/judoproleague.com\/\",\"name\":\"Judo Pro League\",\"description\":\"\",\"publisher\":{\"@id\":\"https:\/\/judoproleague.com\/#organization\"},\"potentialAction\":[{\"@type\":\"SearchAction\",\"target\":{\"@type\":\"EntryPoint\",\"urlTemplate\":\"https:\/\/judoproleague.com\/?s={search_term_string}\"},\"query-input\":{\"@type\":\"PropertyValueSpecification\",\"valueRequired\":true,\"valueName\":\"search_term_string\"}}],\"inLanguage\":\"en-US\"},{\"@type\":\"Organization\",\"@id\":\"https:\/\/judoproleague.com\/#organization\",\"name\":\"Judo Pro League\",\"url\":\"https:\/\/judoproleague.com\/\",\"logo\":{\"@type\":\"ImageObject\",\"inLanguage\":\"en-US\",\"@id\":\"https:\/\/judoproleague.com\/#\/schema\/logo\/image\/\",\"url\":\"https:\/\/judoproleague.com\/wp-content\/uploads\/2024\/10\/JPL-LOGO-light-1.svg\",\"contentUrl\":\"https:\/\/judoproleague.com\/wp-content\/uploads\/2024\/10\/JPL-LOGO-light-1.svg\",\"width\":198,\"height\":83,\"caption\":\"Judo Pro League\"},\"image\":{\"@id\":\"https:\/\/judoproleague.com\/#\/schema\/logo\/image\/\"}},{\"@type\":\"Person\",\"@id\":\"https:\/\/judoproleague.com\/#\/schema\/person\/1cc0d3c1265a4f6956c0bf9ad6389b37\",\"name\":\"Alan GAUDEFROY\",\"image\":{\"@type\":\"ImageObject\",\"inLanguage\":\"en-US\",\"@id\":\"https:\/\/judoproleague.com\/#\/schema\/person\/image\/\",\"url\":\"https:\/\/secure.gravatar.com\/avatar\/f7ed2dc65f91e5fc8e3a880a460ca52653ffa31251b597d2880f1aaf5b39fdc4?s=96&d=mm&r=g\",\"contentUrl\":\"https:\/\/secure.gravatar.com\/avatar\/f7ed2dc65f91e5fc8e3a880a460ca52653ffa31251b597d2880f1aaf5b39fdc4?s=96&d=mm&r=g\",\"caption\":\"Alan GAUDEFROY\"},\"url\":\"https:\/\/judoproleague.com\/en\/author\/alanjpl\/\"}]}<\/script>\n<!-- \/ Yoast SEO plugin. -->","yoast_head_json":{"title":"JC Chilly-Mazarin Morangis - Talented youth from Chilly-Mazarin - Judo Pro League","robots":{"index":"index","follow":"follow","max-snippet":"max-snippet:-1","max-image-preview":"max-image-preview:large","max-video-preview":"max-video-preview:-1"},"canonical":"https:\/\/judoproleague.com\/en\/jc-chilly-mazarin-morangis-talented-jeunesse-chiroquoise\/","og_locale":"en_US","og_type":"article","og_title":"JC Chilly-Mazarin Morangis - Talentueuse jeunesse chiroquoise - Judo Pro League","og_description":"Ses deux magnifiques victoires de la saison derni\u00e8re aux championnats de France par \u00e9quipes \u2013 gr\u00e2ce \u00e0 ses cadettes, men\u00e9es par Emma Benghezal, actuellement en phase de reprise sportive apr\u00e8s avoir \u00e9t\u00e9 titulaire aux championnats d\u2019Europe et du monde cet \u00e9t\u00e9, et ses juniors masculins, au terme d\u2019un scenario fou qui s\u2019est d\u00e9nou\u00e9 dans les [&hellip;]","og_url":"https:\/\/judoproleague.com\/en\/jc-chilly-mazarin-morangis-talented-jeunesse-chiroquoise\/","og_site_name":"Judo Pro League","article_published_time":"2024-11-07T13:47:34+00:00","article_modified_time":"2024-11-15T11:46:45+00:00","og_image":[{"width":1024,"height":683,"url":"https:\/\/judoproleague.com\/wp-content\/uploads\/2024\/11\/241016-1927-SB6_0337-FFJUDO-1024x683.jpg","type":"image\/jpeg"}],"author":"Alan GAUDEFROY","twitter_card":"summary_large_image","twitter_misc":{"Written by":"Alan GAUDEFROY","Est. reading time":"4 minutes"},"schema":{"@context":"https:\/\/schema.org","@graph":[{"@type":"Article","@id":"https:\/\/judoproleague.com\/jc-chilly-mazarin-morangis-talentueuse-jeunesse-chiroquoise\/#article","isPartOf":{"@id":"https:\/\/judoproleague.com\/jc-chilly-mazarin-morangis-talentueuse-jeunesse-chiroquoise\/"},"author":{"name":"Alan GAUDEFROY","@id":"https:\/\/judoproleague.com\/#\/schema\/person\/1cc0d3c1265a4f6956c0bf9ad6389b37"},"headline":"JC Chilly-Mazarin Morangis &#8211; Talentueuse jeunesse chiroquoise","datePublished":"2024-11-07T13:47:34+00:00","dateModified":"2024-11-15T11:46:45+00:00","mainEntityOfPage":{"@id":"https:\/\/judoproleague.com\/jc-chilly-mazarin-morangis-talentueuse-jeunesse-chiroquoise\/"},"wordCount":616,"publisher":{"@id":"https:\/\/judoproleague.com\/#organization"},"image":{"@id":"https:\/\/judoproleague.com\/jc-chilly-mazarin-morangis-talentueuse-jeunesse-chiroquoise\/#primaryimage"},"thumbnailUrl":"https:\/\/judoproleague.com\/wp-content\/uploads\/2024\/11\/241016-1927-SB6_0337-FFJUDO.jpg","articleSection":["JC Chilly Mazarin Morangis"],"inLanguage":"en-US"},{"@type":"WebPage","@id":"https:\/\/judoproleague.com\/jc-chilly-mazarin-morangis-talentueuse-jeunesse-chiroquoise\/","url":"https:\/\/judoproleague.com\/jc-chilly-mazarin-morangis-talentueuse-jeunesse-chiroquoise\/","name":"JC Chilly-Mazarin Morangis - Talented youth from Chilly-Mazarin - Judo Pro League","isPartOf":{"@id":"https:\/\/judoproleague.com\/#website"},"primaryImageOfPage":{"@id":"https:\/\/judoproleague.com\/jc-chilly-mazarin-morangis-talentueuse-jeunesse-chiroquoise\/#primaryimage"},"image":{"@id":"https:\/\/judoproleague.com\/jc-chilly-mazarin-morangis-talentueuse-jeunesse-chiroquoise\/#primaryimage"},"thumbnailUrl":"https:\/\/judoproleague.com\/wp-content\/uploads\/2024\/11\/241016-1927-SB6_0337-FFJUDO.jpg","datePublished":"2024-11-07T13:47:34+00:00","dateModified":"2024-11-15T11:46:45+00:00","inLanguage":"en-US","potentialAction":[{"@type":"ReadAction","target":["https:\/\/judoproleague.com\/jc-chilly-mazarin-morangis-talentueuse-jeunesse-chiroquoise\/"]}]},{"@type":"ImageObject","inLanguage":"en-US","@id":"https:\/\/judoproleague.com\/jc-chilly-mazarin-morangis-talentueuse-jeunesse-chiroquoise\/#primaryimage","url":"https:\/\/judoproleague.com\/wp-content\/uploads\/2024\/11\/241016-1927-SB6_0337-FFJUDO.jpg","contentUrl":"https:\/\/judoproleague.com\/wp-content\/uploads\/2024\/11\/241016-1927-SB6_0337-FFJUDO.jpg","width":2048,"height":1365},{"@type":"WebSite","@id":"https:\/\/judoproleague.com\/#website","url":"https:\/\/judoproleague.com\/","name":"Judo Pro League","description":"","publisher":{"@id":"https:\/\/judoproleague.com\/#organization"},"potentialAction":[{"@type":"SearchAction","target":{"@type":"EntryPoint","urlTemplate":"https:\/\/judoproleague.com\/?s={search_term_string}"},"query-input":{"@type":"PropertyValueSpecification","valueRequired":true,"valueName":"search_term_string"}}],"inLanguage":"en-US"},{"@type":"Organization","@id":"https:\/\/judoproleague.com\/#organization","name":"Judo Pro League","url":"https:\/\/judoproleague.com\/","logo":{"@type":"ImageObject","inLanguage":"en-US","@id":"https:\/\/judoproleague.com\/#\/schema\/logo\/image\/","url":"https:\/\/judoproleague.com\/wp-content\/uploads\/2024\/10\/JPL-LOGO-light-1.svg","contentUrl":"https:\/\/judoproleague.com\/wp-content\/uploads\/2024\/10\/JPL-LOGO-light-1.svg","width":198,"height":83,"caption":"Judo Pro League"},"image":{"@id":"https:\/\/judoproleague.com\/#\/schema\/logo\/image\/"}},{"@type":"Person","@id":"https:\/\/judoproleague.com\/#\/schema\/person\/1cc0d3c1265a4f6956c0bf9ad6389b37","name":"Alan GAUDEFROY","image":{"@type":"ImageObject","inLanguage":"en-US","@id":"https:\/\/judoproleague.com\/#\/schema\/person\/image\/","url":"https:\/\/secure.gravatar.com\/avatar\/f7ed2dc65f91e5fc8e3a880a460ca52653ffa31251b597d2880f1aaf5b39fdc4?s=96&d=mm&r=g","contentUrl":"https:\/\/secure.gravatar.com\/avatar\/f7ed2dc65f91e5fc8e3a880a460ca52653ffa31251b597d2880f1aaf5b39fdc4?s=96&d=mm&r=g","caption":"Alan GAUDEFROY"},"url":"https:\/\/judoproleague.com\/en\/author\/alanjpl\/"}]}},"_links":{"self":[{"href":"https:\/\/judoproleague.com\/en\/wp-json\/wp\/v2\/posts\/4542","targetHints":{"allow":["GET"]}}],"collection":[{"href":"https:\/\/judoproleague.com\/en\/wp-json\/wp\/v2\/posts"}],"about":[{"href":"https:\/\/judoproleague.com\/en\/wp-json\/wp\/v2\/types\/post"}],"author":[{"embeddable":true,"href":"https:\/\/judoproleague.com\/en\/wp-json\/wp\/v2\/users\/4"}],"replies":[{"embeddable":true,"href":"https:\/\/judoproleague.com\/en\/wp-json\/wp\/v2\/comments?post=4542"}],"version-history":[{"count":9,"href":"https:\/\/judoproleague.com\/en\/wp-json\/wp\/v2\/posts\/4542\/revisions"}],"predecessor-version":[{"id":4622,"href":"https:\/\/judoproleague.com\/en\/wp-json\/wp\/v2\/posts\/4542\/revisions\/4622"}],"wp:featuredmedia":[{"embeddable":true,"href":"https:\/\/judoproleague.com\/en\/wp-json\/wp\/v2\/media\/4545"}],"wp:attachment":[{"href":"https:\/\/judoproleague.com\/en\/wp-json\/wp\/v2\/media?parent=4542"}],"wp:term":[{"taxonomy":"category","embeddable":true,"href":"https:\/\/judoproleague.com\/en\/wp-json\/wp\/v2\/categories?post=4542"},{"taxonomy":"post_tag","embeddable":true,"href":"https:\/\/judoproleague.com\/en\/wp-json\/wp\/v2\/tags?post=4542"}],"curies":[{"name":"wp","href":"https:\/\/api.w.org\/{rel}","templated":true}]}}