{"id":4532,"date":"2024-11-01T15:23:23","date_gmt":"2024-11-01T14:23:23","guid":{"rendered":"https:\/\/judoproleague.com\/?p=4532"},"modified":"2024-11-01T15:23:23","modified_gmt":"2024-11-01T14:23:23","slug":"juniville-marnaval-grand-est-les-lherbier-fratrie-de-choc","status":"publish","type":"post","link":"https:\/\/judoproleague.com\/en\/juniville-marnaval-grand-est-les-lherbier-fratrie-de-choc\/","title":{"rendered":"Juniville Marnaval Grand Est - The L'Herbier family, a powerhouse of a family"},"content":{"rendered":"<p>Inseparable. Merged. Bound by the same passion. Their name? L'Herbier. Lou is twenty-five, T\u00e9o soon to be twenty-eight. Members of JC Juniville, the two brothers, sons of the teacher at Judo Club Jasseines (Aube) where they started out aged five and four respectively, are key players in the Grand Est franchise, which joined the Judo Pro League this season. One name for two names accustomed to the top national level... and to this Judo Pro League. T\u00e9o was one of the pillars of Judo Nice M\u00e9tropole, winner of the 2023-2024 edition, while Lou fought for Auxerre Judo, quarter-finalists last year.<\/p>\n<p>Finding themselves competing under the same banner this time around, they're super-motivated by the idea of carrying the team's colors as high as possible. This team was born of the desire of Adrien Guilloux, their club coach, to see judo from the Grand Est league represented at this event. It's a privilege to have the Ardennes shine in this competition, where many of France's top clubs are present,\" says T\u00e9o. Last year, I experienced the atmosphere of the Final Four, and I really liked the logistics, which were designed to showcase the teams and give the athletes an important dimension that is rarely seen in France.\" Lou is equally convinced by the formula. \"I love the show aspect of the Judo Pro League, which has everything going for it: the white tatami, the format, the refereeing rules which, this season, completely encourage commitment, and the public who push hard because the match doesn't last too long.\"<\/p>\n<p>&nbsp;<\/p>\n<p>T\u00e9o was on the podium at the 2023 French Championships, finishing in bronze in the -90kg category, as he was last June at the European Open in Spain. Meanwhile, his younger brother has just finished in silver at the Label Excellence national tournaments in Noisy-le-Grand and Besan\u00e7on in early October. These good performances will be built on at the French 1st division championships in Chalon-sur-Sa\u00f4ne in early November, before they return to the Judo Pro League for two matches against FLAM 91 on November 13 and Judo Nice M\u00e9tropole on November 19. After two early-season setbacks against Hauts-de-France and Sainte-Genevi\u00e8ve Sports Judo, these will be two duels not to be missed if we hope to continue the adventure in this third edition. The good news is that T\u00e9o will be back in the squad. My brother was absent through injury for the first two matches,\" explains Lou. It was detrimental for us because he's a leader. Not only in terms of his results, but also in terms of his personality: although he's rather reserved, he always gives good advice. I listen to him a lot, as do the younger members of the team. His presence for the next two games will do us a lot of good.It will also enable us to get back into our routines, as we're used to warming up and practicing technique together at the INSEP or the Paris Dojo.\" Juniville Marnaval Grand Est has not said its last word with its reconstituted pairing.<\/p>","protected":false},"excerpt":{"rendered":"<p>Ins\u00e9parables. Fusionnel. Li\u00e9s par une m\u00eame passion. Leur nom ? L\u2019Herbier. Lou a vingt-cinq ans, T\u00e9o bient\u00f4t vingt-huit ans. Licenci\u00e9s au JC Juniville, les deux fr\u00e8res, fils du professeur du Judo Club Jasseines (Aube) o\u00f9 ils d\u00e9but\u00e8rent respectivement \u00e0 cinq et quatre ans, font partie des \u00e9l\u00e9ments cl\u00e9s de la franchise du Grand Est qui [&hellip;]<\/p>\n","protected":false},"author":4,"featured_media":4534,"comment_status":"closed","ping_status":"open","sticky":false,"template":"","format":"standard","meta":{"footnotes":""},"categories":[24],"tags":[],"class_list":["post-4532","post","type-post","status-publish","format-standard","has-post-thumbnail","hentry","category-juniville-marnaval-grand-est"],"acf":[],"yoast_head":"<!-- This site is optimized with the Yoast SEO plugin v27.1.1 - https:\/\/yoast.com\/product\/yoast-seo-wordpress\/ -->\n<title>Juniville Marnaval Grand Est - Les L\u2019Herbier, fratrie de choc - Judo Pro League<\/title>\n<meta name=\"robots\" content=\"index, follow, max-snippet:-1, max-image-preview:large, max-video-preview:-1\" \/>\n<link rel=\"canonical\" href=\"https:\/\/judoproleague.com\/en\/juniville-marnaval-grand-est-les-lherbier-fratrie-de-choc\/\" \/>\n<meta property=\"og:locale\" content=\"en_US\" \/>\n<meta property=\"og:type\" content=\"article\" \/>\n<meta property=\"og:title\" content=\"Juniville Marnaval Grand Est - Les L\u2019Herbier, fratrie de choc - Judo Pro League\" \/>\n<meta property=\"og:description\" content=\"Ins\u00e9parables. Fusionnel. Li\u00e9s par une m\u00eame passion. Leur nom ? L\u2019Herbier. Lou a vingt-cinq ans, T\u00e9o bient\u00f4t vingt-huit ans. Licenci\u00e9s au JC Juniville, les deux fr\u00e8res, fils du professeur du Judo Club Jasseines (Aube) o\u00f9 ils d\u00e9but\u00e8rent respectivement \u00e0 cinq et quatre ans, font partie des \u00e9l\u00e9ments cl\u00e9s de la franchise du Grand Est qui [&hellip;]\" \/>\n<meta property=\"og:url\" content=\"https:\/\/judoproleague.com\/en\/juniville-marnaval-grand-est-les-lherbier-fratrie-de-choc\/\" \/>\n<meta property=\"og:site_name\" content=\"Judo Pro League\" \/>\n<meta property=\"article:published_time\" content=\"2024-11-01T14:23:23+00:00\" \/>\n<meta property=\"og:image\" content=\"https:\/\/judoproleague.com\/wp-content\/uploads\/2024\/10\/241015-1900-SB5_8198-FFJUDO-1024x683.jpg\" \/>\n\t<meta property=\"og:image:width\" content=\"1024\" \/>\n\t<meta property=\"og:image:height\" content=\"683\" \/>\n\t<meta property=\"og:image:type\" content=\"image\/jpeg\" \/>\n<meta name=\"author\" content=\"Alan GAUDEFROY\" \/>\n<meta name=\"twitter:card\" content=\"summary_large_image\" \/>\n<meta name=\"twitter:label1\" content=\"Written by\" \/>\n\t<meta name=\"twitter:data1\" content=\"Alan GAUDEFROY\" \/>\n\t<meta name=\"twitter:label2\" content=\"Est. reading time\" \/>\n\t<meta name=\"twitter:data2\" content=\"3 minutes\" \/>\n<script type=\"application\/ld+json\" class=\"yoast-schema-graph\">{\"@context\":\"https:\/\/schema.org\",\"@graph\":[{\"@type\":\"Article\",\"@id\":\"https:\/\/judoproleague.com\/juniville-marnaval-grand-est-les-lherbier-fratrie-de-choc\/#article\",\"isPartOf\":{\"@id\":\"https:\/\/judoproleague.com\/juniville-marnaval-grand-est-les-lherbier-fratrie-de-choc\/\"},\"author\":{\"name\":\"Alan GAUDEFROY\",\"@id\":\"https:\/\/judoproleague.com\/#\/schema\/person\/1cc0d3c1265a4f6956c0bf9ad6389b37\"},\"headline\":\"Juniville Marnaval Grand Est &#8211; Les L\u2019Herbier, fratrie de choc\",\"datePublished\":\"2024-11-01T14:23:23+00:00\",\"mainEntityOfPage\":{\"@id\":\"https:\/\/judoproleague.com\/juniville-marnaval-grand-est-les-lherbier-fratrie-de-choc\/\"},\"wordCount\":614,\"publisher\":{\"@id\":\"https:\/\/judoproleague.com\/#organization\"},\"image\":{\"@id\":\"https:\/\/judoproleague.com\/juniville-marnaval-grand-est-les-lherbier-fratrie-de-choc\/#primaryimage\"},\"thumbnailUrl\":\"https:\/\/judoproleague.com\/wp-content\/uploads\/2024\/10\/241015-1900-SB5_8198-FFJUDO.jpg\",\"articleSection\":[\"Juniville Marnaval Grand Est\"],\"inLanguage\":\"en-US\"},{\"@type\":\"WebPage\",\"@id\":\"https:\/\/judoproleague.com\/juniville-marnaval-grand-est-les-lherbier-fratrie-de-choc\/\",\"url\":\"https:\/\/judoproleague.com\/juniville-marnaval-grand-est-les-lherbier-fratrie-de-choc\/\",\"name\":\"Juniville Marnaval Grand Est - Les L\u2019Herbier, fratrie de choc - Judo Pro League\",\"isPartOf\":{\"@id\":\"https:\/\/judoproleague.com\/#website\"},\"primaryImageOfPage\":{\"@id\":\"https:\/\/judoproleague.com\/juniville-marnaval-grand-est-les-lherbier-fratrie-de-choc\/#primaryimage\"},\"image\":{\"@id\":\"https:\/\/judoproleague.com\/juniville-marnaval-grand-est-les-lherbier-fratrie-de-choc\/#primaryimage\"},\"thumbnailUrl\":\"https:\/\/judoproleague.com\/wp-content\/uploads\/2024\/10\/241015-1900-SB5_8198-FFJUDO.jpg\",\"datePublished\":\"2024-11-01T14:23:23+00:00\",\"inLanguage\":\"en-US\",\"potentialAction\":[{\"@type\":\"ReadAction\",\"target\":[\"https:\/\/judoproleague.com\/juniville-marnaval-grand-est-les-lherbier-fratrie-de-choc\/\"]}]},{\"@type\":\"ImageObject\",\"inLanguage\":\"en-US\",\"@id\":\"https:\/\/judoproleague.com\/juniville-marnaval-grand-est-les-lherbier-fratrie-de-choc\/#primaryimage\",\"url\":\"https:\/\/judoproleague.com\/wp-content\/uploads\/2024\/10\/241015-1900-SB5_8198-FFJUDO.jpg\",\"contentUrl\":\"https:\/\/judoproleague.com\/wp-content\/uploads\/2024\/10\/241015-1900-SB5_8198-FFJUDO.jpg\",\"width\":2048,\"height\":1365},{\"@type\":\"WebSite\",\"@id\":\"https:\/\/judoproleague.com\/#website\",\"url\":\"https:\/\/judoproleague.com\/\",\"name\":\"Judo Pro League\",\"description\":\"\",\"publisher\":{\"@id\":\"https:\/\/judoproleague.com\/#organization\"},\"potentialAction\":[{\"@type\":\"SearchAction\",\"target\":{\"@type\":\"EntryPoint\",\"urlTemplate\":\"https:\/\/judoproleague.com\/?s={search_term_string}\"},\"query-input\":{\"@type\":\"PropertyValueSpecification\",\"valueRequired\":true,\"valueName\":\"search_term_string\"}}],\"inLanguage\":\"en-US\"},{\"@type\":\"Organization\",\"@id\":\"https:\/\/judoproleague.com\/#organization\",\"name\":\"Judo Pro League\",\"url\":\"https:\/\/judoproleague.com\/\",\"logo\":{\"@type\":\"ImageObject\",\"inLanguage\":\"en-US\",\"@id\":\"https:\/\/judoproleague.com\/#\/schema\/logo\/image\/\",\"url\":\"https:\/\/judoproleague.com\/wp-content\/uploads\/2024\/10\/JPL-LOGO-light-1.svg\",\"contentUrl\":\"https:\/\/judoproleague.com\/wp-content\/uploads\/2024\/10\/JPL-LOGO-light-1.svg\",\"width\":198,\"height\":83,\"caption\":\"Judo Pro League\"},\"image\":{\"@id\":\"https:\/\/judoproleague.com\/#\/schema\/logo\/image\/\"}},{\"@type\":\"Person\",\"@id\":\"https:\/\/judoproleague.com\/#\/schema\/person\/1cc0d3c1265a4f6956c0bf9ad6389b37\",\"name\":\"Alan GAUDEFROY\",\"image\":{\"@type\":\"ImageObject\",\"inLanguage\":\"en-US\",\"@id\":\"https:\/\/judoproleague.com\/#\/schema\/person\/image\/\",\"url\":\"https:\/\/secure.gravatar.com\/avatar\/f7ed2dc65f91e5fc8e3a880a460ca52653ffa31251b597d2880f1aaf5b39fdc4?s=96&d=mm&r=g\",\"contentUrl\":\"https:\/\/secure.gravatar.com\/avatar\/f7ed2dc65f91e5fc8e3a880a460ca52653ffa31251b597d2880f1aaf5b39fdc4?s=96&d=mm&r=g\",\"caption\":\"Alan GAUDEFROY\"},\"url\":\"https:\/\/judoproleague.com\/en\/author\/alanjpl\/\"}]}<\/script>\n<!-- \/ Yoast SEO plugin. -->","yoast_head_json":{"title":"Juniville Marnaval Grand Est - Les L'Herbier, siblings - Judo Pro League","robots":{"index":"index","follow":"follow","max-snippet":"max-snippet:-1","max-image-preview":"max-image-preview:large","max-video-preview":"max-video-preview:-1"},"canonical":"https:\/\/judoproleague.com\/en\/juniville-marnaval-grand-est-les-lherbier-fratrie-de-choc\/","og_locale":"en_US","og_type":"article","og_title":"Juniville Marnaval Grand Est - Les L\u2019Herbier, fratrie de choc - Judo Pro League","og_description":"Ins\u00e9parables. Fusionnel. Li\u00e9s par une m\u00eame passion. Leur nom ? L\u2019Herbier. Lou a vingt-cinq ans, T\u00e9o bient\u00f4t vingt-huit ans. Licenci\u00e9s au JC Juniville, les deux fr\u00e8res, fils du professeur du Judo Club Jasseines (Aube) o\u00f9 ils d\u00e9but\u00e8rent respectivement \u00e0 cinq et quatre ans, font partie des \u00e9l\u00e9ments cl\u00e9s de la franchise du Grand Est qui [&hellip;]","og_url":"https:\/\/judoproleague.com\/en\/juniville-marnaval-grand-est-les-lherbier-fratrie-de-choc\/","og_site_name":"Judo Pro League","article_published_time":"2024-11-01T14:23:23+00:00","og_image":[{"width":1024,"height":683,"url":"https:\/\/judoproleague.com\/wp-content\/uploads\/2024\/10\/241015-1900-SB5_8198-FFJUDO-1024x683.jpg","type":"image\/jpeg"}],"author":"Alan GAUDEFROY","twitter_card":"summary_large_image","twitter_misc":{"Written by":"Alan GAUDEFROY","Est. reading time":"3 minutes"},"schema":{"@context":"https:\/\/schema.org","@graph":[{"@type":"Article","@id":"https:\/\/judoproleague.com\/juniville-marnaval-grand-est-les-lherbier-fratrie-de-choc\/#article","isPartOf":{"@id":"https:\/\/judoproleague.com\/juniville-marnaval-grand-est-les-lherbier-fratrie-de-choc\/"},"author":{"name":"Alan GAUDEFROY","@id":"https:\/\/judoproleague.com\/#\/schema\/person\/1cc0d3c1265a4f6956c0bf9ad6389b37"},"headline":"Juniville Marnaval Grand Est &#8211; Les L\u2019Herbier, fratrie de choc","datePublished":"2024-11-01T14:23:23+00:00","mainEntityOfPage":{"@id":"https:\/\/judoproleague.com\/juniville-marnaval-grand-est-les-lherbier-fratrie-de-choc\/"},"wordCount":614,"publisher":{"@id":"https:\/\/judoproleague.com\/#organization"},"image":{"@id":"https:\/\/judoproleague.com\/juniville-marnaval-grand-est-les-lherbier-fratrie-de-choc\/#primaryimage"},"thumbnailUrl":"https:\/\/judoproleague.com\/wp-content\/uploads\/2024\/10\/241015-1900-SB5_8198-FFJUDO.jpg","articleSection":["Juniville Marnaval Grand Est"],"inLanguage":"en-US"},{"@type":"WebPage","@id":"https:\/\/judoproleague.com\/juniville-marnaval-grand-est-les-lherbier-fratrie-de-choc\/","url":"https:\/\/judoproleague.com\/juniville-marnaval-grand-est-les-lherbier-fratrie-de-choc\/","name":"Juniville Marnaval Grand Est - Les L'Herbier, siblings - Judo Pro League","isPartOf":{"@id":"https:\/\/judoproleague.com\/#website"},"primaryImageOfPage":{"@id":"https:\/\/judoproleague.com\/juniville-marnaval-grand-est-les-lherbier-fratrie-de-choc\/#primaryimage"},"image":{"@id":"https:\/\/judoproleague.com\/juniville-marnaval-grand-est-les-lherbier-fratrie-de-choc\/#primaryimage"},"thumbnailUrl":"https:\/\/judoproleague.com\/wp-content\/uploads\/2024\/10\/241015-1900-SB5_8198-FFJUDO.jpg","datePublished":"2024-11-01T14:23:23+00:00","inLanguage":"en-US","potentialAction":[{"@type":"ReadAction","target":["https:\/\/judoproleague.com\/juniville-marnaval-grand-est-les-lherbier-fratrie-de-choc\/"]}]},{"@type":"ImageObject","inLanguage":"en-US","@id":"https:\/\/judoproleague.com\/juniville-marnaval-grand-est-les-lherbier-fratrie-de-choc\/#primaryimage","url":"https:\/\/judoproleague.com\/wp-content\/uploads\/2024\/10\/241015-1900-SB5_8198-FFJUDO.jpg","contentUrl":"https:\/\/judoproleague.com\/wp-content\/uploads\/2024\/10\/241015-1900-SB5_8198-FFJUDO.jpg","width":2048,"height":1365},{"@type":"WebSite","@id":"https:\/\/judoproleague.com\/#website","url":"https:\/\/judoproleague.com\/","name":"Judo Pro League","description":"","publisher":{"@id":"https:\/\/judoproleague.com\/#organization"},"potentialAction":[{"@type":"SearchAction","target":{"@type":"EntryPoint","urlTemplate":"https:\/\/judoproleague.com\/?s={search_term_string}"},"query-input":{"@type":"PropertyValueSpecification","valueRequired":true,"valueName":"search_term_string"}}],"inLanguage":"en-US"},{"@type":"Organization","@id":"https:\/\/judoproleague.com\/#organization","name":"Judo Pro League","url":"https:\/\/judoproleague.com\/","logo":{"@type":"ImageObject","inLanguage":"en-US","@id":"https:\/\/judoproleague.com\/#\/schema\/logo\/image\/","url":"https:\/\/judoproleague.com\/wp-content\/uploads\/2024\/10\/JPL-LOGO-light-1.svg","contentUrl":"https:\/\/judoproleague.com\/wp-content\/uploads\/2024\/10\/JPL-LOGO-light-1.svg","width":198,"height":83,"caption":"Judo Pro League"},"image":{"@id":"https:\/\/judoproleague.com\/#\/schema\/logo\/image\/"}},{"@type":"Person","@id":"https:\/\/judoproleague.com\/#\/schema\/person\/1cc0d3c1265a4f6956c0bf9ad6389b37","name":"Alan GAUDEFROY","image":{"@type":"ImageObject","inLanguage":"en-US","@id":"https:\/\/judoproleague.com\/#\/schema\/person\/image\/","url":"https:\/\/secure.gravatar.com\/avatar\/f7ed2dc65f91e5fc8e3a880a460ca52653ffa31251b597d2880f1aaf5b39fdc4?s=96&d=mm&r=g","contentUrl":"https:\/\/secure.gravatar.com\/avatar\/f7ed2dc65f91e5fc8e3a880a460ca52653ffa31251b597d2880f1aaf5b39fdc4?s=96&d=mm&r=g","caption":"Alan GAUDEFROY"},"url":"https:\/\/judoproleague.com\/en\/author\/alanjpl\/"}]}},"_links":{"self":[{"href":"https:\/\/judoproleague.com\/en\/wp-json\/wp\/v2\/posts\/4532","targetHints":{"allow":["GET"]}}],"collection":[{"href":"https:\/\/judoproleague.com\/en\/wp-json\/wp\/v2\/posts"}],"about":[{"href":"https:\/\/judoproleague.com\/en\/wp-json\/wp\/v2\/types\/post"}],"author":[{"embeddable":true,"href":"https:\/\/judoproleague.com\/en\/wp-json\/wp\/v2\/users\/4"}],"replies":[{"embeddable":true,"href":"https:\/\/judoproleague.com\/en\/wp-json\/wp\/v2\/comments?post=4532"}],"version-history":[{"count":1,"href":"https:\/\/judoproleague.com\/en\/wp-json\/wp\/v2\/posts\/4532\/revisions"}],"predecessor-version":[{"id":4535,"href":"https:\/\/judoproleague.com\/en\/wp-json\/wp\/v2\/posts\/4532\/revisions\/4535"}],"wp:featuredmedia":[{"embeddable":true,"href":"https:\/\/judoproleague.com\/en\/wp-json\/wp\/v2\/media\/4534"}],"wp:attachment":[{"href":"https:\/\/judoproleague.com\/en\/wp-json\/wp\/v2\/media?parent=4532"}],"wp:term":[{"taxonomy":"category","embeddable":true,"href":"https:\/\/judoproleague.com\/en\/wp-json\/wp\/v2\/categories?post=4532"},{"taxonomy":"post_tag","embeddable":true,"href":"https:\/\/judoproleague.com\/en\/wp-json\/wp\/v2\/tags?post=4532"}],"curies":[{"name":"wp","href":"https:\/\/api.w.org\/{rel}","templated":true}]}}