{"id":3840,"date":"2024-01-06T21:14:06","date_gmt":"2024-01-06T20:14:06","guid":{"rendered":"https:\/\/judoproleague.com\/?p=3840"},"modified":"2024-01-06T21:14:06","modified_gmt":"2024-01-06T20:14:06","slug":"le-judo-nice-metropole-sacre-champion-de-france-mixteam","status":"publish","type":"post","link":"https:\/\/judoproleague.com\/en\/le-judo-nice-metropole-sacre-champion-de-france-mixteam\/","title":{"rendered":"JUDO NICE M\u00c9TROPOLE CROWNED MIXED TEAM CHAMPION OF FRANCE"},"content":{"rendered":"<p><strong>Les Ni\u00e7ois tiennent leur victoire ! Finaliste l&rsquo;an dernier, le Judo Nice M\u00e9tropole a pris sa revanche en s&rsquo;offrant, au terme d&rsquo;une finale accroch\u00e9e et remport\u00e9e 2-1 face au SGS Judo, le premier titre de champion de France par \u00e9quipe mixte de l&rsquo;histoire du judo Fran\u00e7ais.\u00a0<\/strong><\/p>\n<h2>Les scores :<\/h2>\n<p>Demi-Finale #1 : SGS Judo vs ES Blanc Mesnil Judo : 3-2 &#8211; <a href=\"https:\/\/judoproleague.com\/rencontre\/2023\/demi-finale-1\/\">Les d\u00e9tails de la rencontre\u00a0<\/a><\/p>\n<p>Demi-Finale #2 : AM Asni\u00e8res Judo 92 vs Judo Nice M\u00e9tropole : 1-8 &#8211; <a href=\"https:\/\/judoproleague.com\/rencontre\/2023\/demi-finale-2\/\">Les d\u00e9tails de la rencontre<\/a><\/p>\n<p>Finale : SGS Judo vs Judo Nice M\u00e9tropole : 1-2 &#8211; <a href=\"https:\/\/judoproleague.com\/rencontre\/2024\/finale\/\">Les d\u00e9tails de la rencontre\u00a0<\/a><\/p>\n<h2>Le replay<\/h2>\n<p><a href=\"https:\/\/www.youtube.com\/live\/oJkx52s9DGo?feature=shared\">Revivez le Final Four dans son int\u00e9gralit\u00e9<\/a><\/p>\n<h2>Les r\u00e9compenses individuelles :<\/h2>\n<div class=\"x11i5rnm xat24cr x1mh8g0r x1vvkbs xtlvy1s x126k92a\">\n<div dir=\"auto\">Meilleur judoka : Maxime Gobert (Judo Nice M\u00e9tropole)<\/div>\n<div dir=\"auto\">Plus beau ippon remis par<a class=\"x1i10hfl xjbqb8w x6umtig x1b1mbwd xaqea5y xav7gou x9f619 x1ypdohk xt0psk2 xe8uvvx xdj266r x11i5rnm xat24cr x1mh8g0r xexx8yu x4uap5 x18d9i69 xkhd6sd x16tdsg8 x1hl2dhg xggy1nq x1a2a7pz xt0b8zv x1qq9wsj xo1l8bm\" tabindex=\"0\" role=\"link\" href=\"https:\/\/www.facebook.com\/Renault?__cft__[0]=AZXi3QUoe6oFXPRwIs5aXQsQ3DuzbNefYUc7jN08XWRme22QP8LVGLJwlIC-Pmay_Ge1gYpt-FmrmD-TBAqwPMYFjP3S83_w6PW0cG3rotIWcyY48gEj068JqamEjEqMWkkyEJFo-jo70zKXTdIgvIYmWaEFsKPtIwTxcPA8_l9X8sFejQ9tzWIEI0_Pvjf3Y5igm2jm9kSI0oe8rcWXYv0X&amp;__tn__=-]K-y-R\"><span class=\"xt0psk2\"> Renaul<\/span><\/a>t : Savatina Russo (Judo Nice M\u00e9tropole)<\/div>\n<div dir=\"auto\">Judoka le plus fair-play : C\u00e9dric Olivar (SGS Judo)<\/div>\n<\/div>\n<h2>Photos :<\/h2>\n<figure id=\"attachment_3853\" aria-describedby=\"caption-attachment-3853\" style=\"width: 640px\" class=\"wp-caption aligncenter\"><img loading=\"lazy\" decoding=\"async\" class=\"wp-image-3853 size-large\" src=\"https:\/\/judoproleague.com\/wp-content\/uploads\/2024\/01\/240106-2013-sb6_2593-3096-1024x683.webp\" alt=\"\" width=\"640\" height=\"427\" \/><figcaption id=\"caption-attachment-3853\" class=\"wp-caption-text\">\u00a9 St\u00e9phane Bonnet \/ France Judo<\/figcaption><\/figure>\n<figure id=\"attachment_3854\" aria-describedby=\"caption-attachment-3854\" style=\"width: 640px\" class=\"wp-caption aligncenter\"><img loading=\"lazy\" decoding=\"async\" class=\"wp-image-3854 size-large\" src=\"https:\/\/judoproleague.com\/wp-content\/uploads\/2024\/01\/240106-2014-sb6_2602-3096-1024x683.webp\" alt=\"\" width=\"640\" height=\"427\" \/><figcaption id=\"caption-attachment-3854\" class=\"wp-caption-text\">\u00a9 St\u00e9phane Bonnet \/ France Judo<\/figcaption><\/figure>\n<figure id=\"attachment_3855\" aria-describedby=\"caption-attachment-3855\" style=\"width: 640px\" class=\"wp-caption aligncenter\"><img loading=\"lazy\" decoding=\"async\" class=\"wp-image-3855 size-large\" src=\"https:\/\/judoproleague.com\/wp-content\/uploads\/2024\/01\/240106-2015-sb6_2611-3096-1024x683.webp\" alt=\"\" width=\"640\" height=\"427\" \/><figcaption id=\"caption-attachment-3855\" class=\"wp-caption-text\">\u00a9 St\u00e9phane Bonnet \/ France Judo<\/figcaption><\/figure>\n<figure id=\"attachment_3850\" aria-describedby=\"caption-attachment-3850\" style=\"width: 640px\" class=\"wp-caption aligncenter\"><img loading=\"lazy\" decoding=\"async\" class=\"wp-image-3850 size-large\" src=\"https:\/\/judoproleague.com\/wp-content\/uploads\/2024\/01\/240106-1908-sb6_2159-3096-1024x683.webp\" alt=\"\" width=\"640\" height=\"427\" \/><figcaption id=\"caption-attachment-3850\" class=\"wp-caption-text\">\u00a9 St\u00e9phane Bonnet \/ France Judo<\/figcaption><\/figure>\n<figure id=\"attachment_3857\" aria-describedby=\"caption-attachment-3857\" style=\"width: 640px\" class=\"wp-caption aligncenter\"><img loading=\"lazy\" decoding=\"async\" class=\"wp-image-3857 size-large\" src=\"https:\/\/judoproleague.com\/wp-content\/uploads\/2024\/01\/hd-proleague-finalfour-asnieres-nice-030-tal07725-1-1024x683.webp\" alt=\"\" width=\"640\" height=\"427\" \/><figcaption id=\"caption-attachment-3857\" class=\"wp-caption-text\">\u00a9 Thierry Albisetti \/ France Judo<\/figcaption><\/figure>\n<figure id=\"attachment_3852\" aria-describedby=\"caption-attachment-3852\" style=\"width: 640px\" class=\"wp-caption aligncenter\"><img loading=\"lazy\" decoding=\"async\" class=\"wp-image-3852 size-large\" src=\"https:\/\/judoproleague.com\/wp-content\/uploads\/2024\/01\/240106-2000-sb6_2554-3096-1024x683.webp\" alt=\"\" width=\"640\" height=\"427\" \/><figcaption id=\"caption-attachment-3852\" class=\"wp-caption-text\">\u00a9 St\u00e9phane Bonnet \/ France Judo<\/figcaption><\/figure>\n<figure id=\"attachment_3858\" aria-describedby=\"caption-attachment-3858\" style=\"width: 640px\" class=\"wp-caption aligncenter\"><img loading=\"lazy\" decoding=\"async\" class=\"wp-image-3858 size-large\" src=\"https:\/\/judoproleague.com\/wp-content\/uploads\/2024\/01\/hd-proleague-finalfour-asnieres-nice-033-tal08165-1-1024x683.webp\" alt=\"\" width=\"640\" height=\"427\" \/><figcaption id=\"caption-attachment-3858\" class=\"wp-caption-text\">\u00a9 Thierry Albisetti \/ France Judo<\/figcaption><\/figure>\n","protected":false},"excerpt":{"rendered":"<p>Les Ni\u00e7ois tiennent leur victoire ! Finaliste l&rsquo;an dernier, le Judo Nice M\u00e9tropole a pris sa revanche en s&rsquo;offrant, au terme d&rsquo;une finale accroch\u00e9e et remport\u00e9e 2-1 face au SGS Judo, le premier titre de champion de France par \u00e9quipe mixte de l&rsquo;histoire du judo Fran\u00e7ais.\u00a0 Les scores : Demi-Finale #1 : SGS Judo vs [&hellip;]<\/p>\n","protected":false},"author":4,"featured_media":3841,"comment_status":"closed","ping_status":"open","sticky":false,"template":"","format":"standard","meta":{"footnotes":""},"categories":[1],"tags":[],"class_list":["post-3840","post","type-post","status-publish","format-standard","has-post-thumbnail","hentry","category-non-classe"],"acf":[],"yoast_head":"<!-- This site is optimized with the Yoast SEO plugin v27.1.1 - https:\/\/yoast.com\/product\/yoast-seo-wordpress\/ -->\n<title>LE JUDO NICE M\u00c9TROPOLE SACR\u00c9 CHAMPION DE FRANCE PAR \u00c9QUIPE MIXTE - Judo Pro League<\/title>\n<meta name=\"robots\" content=\"index, follow, max-snippet:-1, max-image-preview:large, max-video-preview:-1\" \/>\n<link rel=\"canonical\" href=\"https:\/\/judoproleague.com\/en\/le-judo-nice-metropole-sacre-champion-de-france-mixteam\/\" \/>\n<meta property=\"og:locale\" content=\"en_US\" \/>\n<meta property=\"og:type\" content=\"article\" \/>\n<meta property=\"og:title\" content=\"LE JUDO NICE M\u00c9TROPOLE SACR\u00c9 CHAMPION DE FRANCE PAR \u00c9QUIPE MIXTE - Judo Pro League\" \/>\n<meta property=\"og:description\" content=\"Les Ni\u00e7ois tiennent leur victoire ! Finaliste l&rsquo;an dernier, le Judo Nice M\u00e9tropole a pris sa revanche en s&rsquo;offrant, au terme d&rsquo;une finale accroch\u00e9e et remport\u00e9e 2-1 face au SGS Judo, le premier titre de champion de France par \u00e9quipe mixte de l&rsquo;histoire du judo Fran\u00e7ais.\u00a0 Les scores : Demi-Finale #1 : SGS Judo vs [&hellip;]\" \/>\n<meta property=\"og:url\" content=\"https:\/\/judoproleague.com\/en\/le-judo-nice-metropole-sacre-champion-de-france-mixteam\/\" \/>\n<meta property=\"og:site_name\" content=\"Judo Pro League\" \/>\n<meta property=\"article:published_time\" content=\"2024-01-06T20:14:06+00:00\" \/>\n<meta property=\"og:image\" content=\"https:\/\/judoproleague.com\/wp-content\/uploads\/2024\/01\/240106-2007-sb5_6787-3096.webp\" \/>\n\t<meta property=\"og:image:width\" content=\"1620\" \/>\n\t<meta property=\"og:image:height\" content=\"1080\" \/>\n\t<meta property=\"og:image:type\" content=\"image\/webp\" \/>\n<meta name=\"author\" content=\"Alan GAUDEFROY\" \/>\n<meta name=\"twitter:card\" content=\"summary_large_image\" \/>\n<meta name=\"twitter:label1\" content=\"Written by\" \/>\n\t<meta name=\"twitter:data1\" content=\"Alan GAUDEFROY\" \/>\n\t<meta name=\"twitter:label2\" content=\"Est. reading time\" \/>\n\t<meta name=\"twitter:data2\" content=\"3 minutes\" \/>\n<script type=\"application\/ld+json\" class=\"yoast-schema-graph\">{\"@context\":\"https:\/\/schema.org\",\"@graph\":[{\"@type\":\"Article\",\"@id\":\"https:\/\/judoproleague.com\/le-judo-nice-metropole-sacre-champion-de-france-mixteam\/#article\",\"isPartOf\":{\"@id\":\"https:\/\/judoproleague.com\/le-judo-nice-metropole-sacre-champion-de-france-mixteam\/\"},\"author\":{\"name\":\"Alan GAUDEFROY\",\"@id\":\"https:\/\/judoproleague.com\/#\/schema\/person\/1cc0d3c1265a4f6956c0bf9ad6389b37\"},\"headline\":\"LE JUDO NICE M\u00c9TROPOLE SACR\u00c9 CHAMPION DE FRANCE PAR \u00c9QUIPE MIXTE\",\"datePublished\":\"2024-01-06T20:14:06+00:00\",\"mainEntityOfPage\":{\"@id\":\"https:\/\/judoproleague.com\/le-judo-nice-metropole-sacre-champion-de-france-mixteam\/\"},\"wordCount\":245,\"publisher\":{\"@id\":\"https:\/\/judoproleague.com\/#organization\"},\"image\":{\"@id\":\"https:\/\/judoproleague.com\/le-judo-nice-metropole-sacre-champion-de-france-mixteam\/#primaryimage\"},\"thumbnailUrl\":\"https:\/\/judoproleague.com\/wp-content\/uploads\/2024\/01\/240106-2007-sb5_6787-3096.webp\",\"articleSection\":[\"Non class\u00e9\"],\"inLanguage\":\"en-US\"},{\"@type\":\"WebPage\",\"@id\":\"https:\/\/judoproleague.com\/le-judo-nice-metropole-sacre-champion-de-france-mixteam\/\",\"url\":\"https:\/\/judoproleague.com\/le-judo-nice-metropole-sacre-champion-de-france-mixteam\/\",\"name\":\"LE JUDO NICE M\u00c9TROPOLE SACR\u00c9 CHAMPION DE FRANCE PAR \u00c9QUIPE MIXTE - Judo Pro League\",\"isPartOf\":{\"@id\":\"https:\/\/judoproleague.com\/#website\"},\"primaryImageOfPage\":{\"@id\":\"https:\/\/judoproleague.com\/le-judo-nice-metropole-sacre-champion-de-france-mixteam\/#primaryimage\"},\"image\":{\"@id\":\"https:\/\/judoproleague.com\/le-judo-nice-metropole-sacre-champion-de-france-mixteam\/#primaryimage\"},\"thumbnailUrl\":\"https:\/\/judoproleague.com\/wp-content\/uploads\/2024\/01\/240106-2007-sb5_6787-3096.webp\",\"datePublished\":\"2024-01-06T20:14:06+00:00\",\"inLanguage\":\"en-US\",\"potentialAction\":[{\"@type\":\"ReadAction\",\"target\":[\"https:\/\/judoproleague.com\/le-judo-nice-metropole-sacre-champion-de-france-mixteam\/\"]}]},{\"@type\":\"ImageObject\",\"inLanguage\":\"en-US\",\"@id\":\"https:\/\/judoproleague.com\/le-judo-nice-metropole-sacre-champion-de-france-mixteam\/#primaryimage\",\"url\":\"https:\/\/judoproleague.com\/wp-content\/uploads\/2024\/01\/240106-2007-sb5_6787-3096.webp\",\"contentUrl\":\"https:\/\/judoproleague.com\/wp-content\/uploads\/2024\/01\/240106-2007-sb5_6787-3096.webp\",\"width\":1620,\"height\":1080},{\"@type\":\"WebSite\",\"@id\":\"https:\/\/judoproleague.com\/#website\",\"url\":\"https:\/\/judoproleague.com\/\",\"name\":\"Judo Pro League\",\"description\":\"\",\"publisher\":{\"@id\":\"https:\/\/judoproleague.com\/#organization\"},\"potentialAction\":[{\"@type\":\"SearchAction\",\"target\":{\"@type\":\"EntryPoint\",\"urlTemplate\":\"https:\/\/judoproleague.com\/?s={search_term_string}\"},\"query-input\":{\"@type\":\"PropertyValueSpecification\",\"valueRequired\":true,\"valueName\":\"search_term_string\"}}],\"inLanguage\":\"en-US\"},{\"@type\":\"Organization\",\"@id\":\"https:\/\/judoproleague.com\/#organization\",\"name\":\"Judo Pro League\",\"url\":\"https:\/\/judoproleague.com\/\",\"logo\":{\"@type\":\"ImageObject\",\"inLanguage\":\"en-US\",\"@id\":\"https:\/\/judoproleague.com\/#\/schema\/logo\/image\/\",\"url\":\"https:\/\/judoproleague.com\/wp-content\/uploads\/2024\/10\/JPL-LOGO-light-1.svg\",\"contentUrl\":\"https:\/\/judoproleague.com\/wp-content\/uploads\/2024\/10\/JPL-LOGO-light-1.svg\",\"width\":198,\"height\":83,\"caption\":\"Judo Pro League\"},\"image\":{\"@id\":\"https:\/\/judoproleague.com\/#\/schema\/logo\/image\/\"}},{\"@type\":\"Person\",\"@id\":\"https:\/\/judoproleague.com\/#\/schema\/person\/1cc0d3c1265a4f6956c0bf9ad6389b37\",\"name\":\"Alan GAUDEFROY\",\"image\":{\"@type\":\"ImageObject\",\"inLanguage\":\"en-US\",\"@id\":\"https:\/\/judoproleague.com\/#\/schema\/person\/image\/\",\"url\":\"https:\/\/secure.gravatar.com\/avatar\/f7ed2dc65f91e5fc8e3a880a460ca52653ffa31251b597d2880f1aaf5b39fdc4?s=96&d=mm&r=g\",\"contentUrl\":\"https:\/\/secure.gravatar.com\/avatar\/f7ed2dc65f91e5fc8e3a880a460ca52653ffa31251b597d2880f1aaf5b39fdc4?s=96&d=mm&r=g\",\"caption\":\"Alan GAUDEFROY\"},\"url\":\"https:\/\/judoproleague.com\/en\/author\/alanjpl\/\"}]}<\/script>\n<!-- \/ Yoast SEO plugin. -->","yoast_head_json":{"title":"JUDO NICE M\u00c9TROPOLE SACR\u00c9 CHAMPION DE FRANCE PAR \u00c9QUIPE MIXTE - Judo Pro League","robots":{"index":"index","follow":"follow","max-snippet":"max-snippet:-1","max-image-preview":"max-image-preview:large","max-video-preview":"max-video-preview:-1"},"canonical":"https:\/\/judoproleague.com\/en\/le-judo-nice-metropole-sacre-champion-de-france-mixteam\/","og_locale":"en_US","og_type":"article","og_title":"LE JUDO NICE M\u00c9TROPOLE SACR\u00c9 CHAMPION DE FRANCE PAR \u00c9QUIPE MIXTE - Judo Pro League","og_description":"Les Ni\u00e7ois tiennent leur victoire ! Finaliste l&rsquo;an dernier, le Judo Nice M\u00e9tropole a pris sa revanche en s&rsquo;offrant, au terme d&rsquo;une finale accroch\u00e9e et remport\u00e9e 2-1 face au SGS Judo, le premier titre de champion de France par \u00e9quipe mixte de l&rsquo;histoire du judo Fran\u00e7ais.\u00a0 Les scores : Demi-Finale #1 : SGS Judo vs [&hellip;]","og_url":"https:\/\/judoproleague.com\/en\/le-judo-nice-metropole-sacre-champion-de-france-mixteam\/","og_site_name":"Judo Pro League","article_published_time":"2024-01-06T20:14:06+00:00","og_image":[{"width":1620,"height":1080,"url":"https:\/\/judoproleague.com\/wp-content\/uploads\/2024\/01\/240106-2007-sb5_6787-3096.webp","type":"image\/webp"}],"author":"Alan GAUDEFROY","twitter_card":"summary_large_image","twitter_misc":{"Written by":"Alan GAUDEFROY","Est. reading time":"3 minutes"},"schema":{"@context":"https:\/\/schema.org","@graph":[{"@type":"Article","@id":"https:\/\/judoproleague.com\/le-judo-nice-metropole-sacre-champion-de-france-mixteam\/#article","isPartOf":{"@id":"https:\/\/judoproleague.com\/le-judo-nice-metropole-sacre-champion-de-france-mixteam\/"},"author":{"name":"Alan GAUDEFROY","@id":"https:\/\/judoproleague.com\/#\/schema\/person\/1cc0d3c1265a4f6956c0bf9ad6389b37"},"headline":"LE JUDO NICE M\u00c9TROPOLE SACR\u00c9 CHAMPION DE FRANCE PAR \u00c9QUIPE MIXTE","datePublished":"2024-01-06T20:14:06+00:00","mainEntityOfPage":{"@id":"https:\/\/judoproleague.com\/le-judo-nice-metropole-sacre-champion-de-france-mixteam\/"},"wordCount":245,"publisher":{"@id":"https:\/\/judoproleague.com\/#organization"},"image":{"@id":"https:\/\/judoproleague.com\/le-judo-nice-metropole-sacre-champion-de-france-mixteam\/#primaryimage"},"thumbnailUrl":"https:\/\/judoproleague.com\/wp-content\/uploads\/2024\/01\/240106-2007-sb5_6787-3096.webp","articleSection":["Non class\u00e9"],"inLanguage":"en-US"},{"@type":"WebPage","@id":"https:\/\/judoproleague.com\/le-judo-nice-metropole-sacre-champion-de-france-mixteam\/","url":"https:\/\/judoproleague.com\/le-judo-nice-metropole-sacre-champion-de-france-mixteam\/","name":"JUDO NICE M\u00c9TROPOLE SACR\u00c9 CHAMPION DE FRANCE PAR \u00c9QUIPE MIXTE - Judo Pro League","isPartOf":{"@id":"https:\/\/judoproleague.com\/#website"},"primaryImageOfPage":{"@id":"https:\/\/judoproleague.com\/le-judo-nice-metropole-sacre-champion-de-france-mixteam\/#primaryimage"},"image":{"@id":"https:\/\/judoproleague.com\/le-judo-nice-metropole-sacre-champion-de-france-mixteam\/#primaryimage"},"thumbnailUrl":"https:\/\/judoproleague.com\/wp-content\/uploads\/2024\/01\/240106-2007-sb5_6787-3096.webp","datePublished":"2024-01-06T20:14:06+00:00","inLanguage":"en-US","potentialAction":[{"@type":"ReadAction","target":["https:\/\/judoproleague.com\/le-judo-nice-metropole-sacre-champion-de-france-mixteam\/"]}]},{"@type":"ImageObject","inLanguage":"en-US","@id":"https:\/\/judoproleague.com\/le-judo-nice-metropole-sacre-champion-de-france-mixteam\/#primaryimage","url":"https:\/\/judoproleague.com\/wp-content\/uploads\/2024\/01\/240106-2007-sb5_6787-3096.webp","contentUrl":"https:\/\/judoproleague.com\/wp-content\/uploads\/2024\/01\/240106-2007-sb5_6787-3096.webp","width":1620,"height":1080},{"@type":"WebSite","@id":"https:\/\/judoproleague.com\/#website","url":"https:\/\/judoproleague.com\/","name":"Judo Pro League","description":"","publisher":{"@id":"https:\/\/judoproleague.com\/#organization"},"potentialAction":[{"@type":"SearchAction","target":{"@type":"EntryPoint","urlTemplate":"https:\/\/judoproleague.com\/?s={search_term_string}"},"query-input":{"@type":"PropertyValueSpecification","valueRequired":true,"valueName":"search_term_string"}}],"inLanguage":"en-US"},{"@type":"Organization","@id":"https:\/\/judoproleague.com\/#organization","name":"Judo Pro League","url":"https:\/\/judoproleague.com\/","logo":{"@type":"ImageObject","inLanguage":"en-US","@id":"https:\/\/judoproleague.com\/#\/schema\/logo\/image\/","url":"https:\/\/judoproleague.com\/wp-content\/uploads\/2024\/10\/JPL-LOGO-light-1.svg","contentUrl":"https:\/\/judoproleague.com\/wp-content\/uploads\/2024\/10\/JPL-LOGO-light-1.svg","width":198,"height":83,"caption":"Judo Pro League"},"image":{"@id":"https:\/\/judoproleague.com\/#\/schema\/logo\/image\/"}},{"@type":"Person","@id":"https:\/\/judoproleague.com\/#\/schema\/person\/1cc0d3c1265a4f6956c0bf9ad6389b37","name":"Alan GAUDEFROY","image":{"@type":"ImageObject","inLanguage":"en-US","@id":"https:\/\/judoproleague.com\/#\/schema\/person\/image\/","url":"https:\/\/secure.gravatar.com\/avatar\/f7ed2dc65f91e5fc8e3a880a460ca52653ffa31251b597d2880f1aaf5b39fdc4?s=96&d=mm&r=g","contentUrl":"https:\/\/secure.gravatar.com\/avatar\/f7ed2dc65f91e5fc8e3a880a460ca52653ffa31251b597d2880f1aaf5b39fdc4?s=96&d=mm&r=g","caption":"Alan GAUDEFROY"},"url":"https:\/\/judoproleague.com\/en\/author\/alanjpl\/"}]}},"_links":{"self":[{"href":"https:\/\/judoproleague.com\/en\/wp-json\/wp\/v2\/posts\/3840","targetHints":{"allow":["GET"]}}],"collection":[{"href":"https:\/\/judoproleague.com\/en\/wp-json\/wp\/v2\/posts"}],"about":[{"href":"https:\/\/judoproleague.com\/en\/wp-json\/wp\/v2\/types\/post"}],"author":[{"embeddable":true,"href":"https:\/\/judoproleague.com\/en\/wp-json\/wp\/v2\/users\/4"}],"replies":[{"embeddable":true,"href":"https:\/\/judoproleague.com\/en\/wp-json\/wp\/v2\/comments?post=3840"}],"version-history":[{"count":0,"href":"https:\/\/judoproleague.com\/en\/wp-json\/wp\/v2\/posts\/3840\/revisions"}],"wp:featuredmedia":[{"embeddable":true,"href":"https:\/\/judoproleague.com\/en\/wp-json\/wp\/v2\/media\/3841"}],"wp:attachment":[{"href":"https:\/\/judoproleague.com\/en\/wp-json\/wp\/v2\/media?parent=3840"}],"wp:term":[{"taxonomy":"category","embeddable":true,"href":"https:\/\/judoproleague.com\/en\/wp-json\/wp\/v2\/categories?post=3840"},{"taxonomy":"post_tag","embeddable":true,"href":"https:\/\/judoproleague.com\/en\/wp-json\/wp\/v2\/tags?post=3840"}],"curies":[{"name":"wp","href":"https:\/\/api.w.org\/{rel}","templated":true}]}}