{"id":3776,"date":"2023-12-30T12:10:02","date_gmt":"2023-12-30T11:10:02","guid":{"rendered":"https:\/\/judoproleague.com\/?p=3776"},"modified":"2023-12-30T12:10:02","modified_gmt":"2023-12-30T11:10:02","slug":"final-four-2024-revive-the-course-of-the-bm-judo","status":"publish","type":"post","link":"https:\/\/judoproleague.com\/en\/final-four-2024-revivez-le-parcours-de-lesbm-judo\/","title":{"rendered":"FINAL FOUR 2024 - RELIVE THE ESBM JUDO JOURNEY"},"content":{"rendered":"<p><strong>On January 6, 2024, the Paris Dojo will host the Final Four of the 2<sup>e<\/sup> edition of the Judo Pro League. This year's final four will bring together Judo Nice M\u00e9tropole and AM Asni\u00e8res Judo 92, already present at this same stage of the competition last year, and teams from SGS Judo and ES Blanc-Mesnil Judo. Until January 6, find out how each of the 4 semi-finalists reached the last four. Today, 3<sup>e<\/sup> episode with ES Blanc-Mesnil Judo in detail!<\/strong><\/p>\n<p><strong>\u00a0<\/strong><\/p>\n<p>Having missed out on the Final Four last year, Jean-Pierre Gibert and Mathias Boucher's team have set their sights on a place in the last four this year, with the ambition of lifting the trophy. However, in Pool C alongside Montpellier and Nice, ES Blanc-Mesnil got off to a sluggish start with a 3-2 opening defeat to rivals Nice in a close encounter that proved disappointing at times. Despite this initial defeat, buoyed by the presence of French team members Orlando Cazorla and C\u00e9dric Revol, ESBM bounced back with a 6-2 win over Montpellier Judo Olympic in front of their home crowd.<\/p>\n<figure id=\"attachment_3777\" aria-describedby=\"caption-attachment-3777\" style=\"width: 640px\" class=\"wp-caption aligncenter\"><img loading=\"lazy\" decoding=\"async\" class=\"wp-image-3777 size-large\" src=\"https:\/\/judoproleague.com\/wp-content\/uploads\/2023\/12\/HD-ESBM-MONTPELLIER-081-TA904569-1-1024x682.webp\" alt=\"\" width=\"640\" height=\"426\" srcset=\"https:\/\/judoproleague.com\/wp-content\/uploads\/2023\/12\/HD-ESBM-MONTPELLIER-081-TA904569-1-1024x682.webp 1024w, https:\/\/judoproleague.com\/wp-content\/uploads\/2023\/12\/HD-ESBM-MONTPELLIER-081-TA904569-1-300x200.webp 300w, https:\/\/judoproleague.com\/wp-content\/uploads\/2023\/12\/HD-ESBM-MONTPELLIER-081-TA904569-1-768x512.webp 768w, https:\/\/judoproleague.com\/wp-content\/uploads\/2023\/12\/HD-ESBM-MONTPELLIER-081-TA904569-1-1536x1023.webp 1536w, https:\/\/judoproleague.com\/wp-content\/uploads\/2023\/12\/HD-ESBM-MONTPELLIER-081-TA904569-1-18x12.webp 18w, https:\/\/judoproleague.com\/wp-content\/uploads\/2023\/12\/HD-ESBM-MONTPELLIER-081-TA904569-1.webp 1621w\" sizes=\"auto, (max-width: 640px) 100vw, 640px\" \/><figcaption id=\"caption-attachment-3777\" class=\"wp-caption-text\">France Judo\/T.Albisetti<\/figcaption><\/figure>\n<p>&nbsp;<\/p>\n<p>The return match against Montpellier was a near carbon copy of the first leg: Aurelien Diesse's team-mates quickly took the lead to 4-0, before controlling Montpellier's reaction despite a few scares to eventually win 6-3. The 6<sup>e<\/sup> day offers a final for the 1<sup>e<\/sup> place in Poule C. Nice, winners of Montpellier on the previous day, arrive in Seine-Saint-Denis in a strong position with a 3-point lead in the standings, but Blanc-Mesnil is out to avenge its initial defeat. Carried by Alexandre Rubiano (-75kg), Mathilde Briant (-63kg) and Friederike Stolze (-70kg), authors of the 6 <em>ippon<\/em> which gave their team a vital offensive bonus point, the Blanc-Mesnilois pulled off a double coup with a 5-2 victory to score 4 points and take first place in the group from their opponents!<\/p>\n<figure id=\"attachment_3779\" aria-describedby=\"caption-attachment-3779\" style=\"width: 640px\" class=\"wp-caption aligncenter\"><img loading=\"lazy\" decoding=\"async\" class=\"wp-image-3779 size-large\" src=\"https:\/\/judoproleague.com\/wp-content\/uploads\/2023\/12\/FFJUDO-Pro-ligue-MTP-67-1024x684.webp\" alt=\"\" width=\"640\" height=\"428\" srcset=\"https:\/\/judoproleague.com\/wp-content\/uploads\/2023\/12\/FFJUDO-Pro-ligue-MTP-67-1024x684.webp 1024w, https:\/\/judoproleague.com\/wp-content\/uploads\/2023\/12\/FFJUDO-Pro-ligue-MTP-67-300x200.webp 300w, https:\/\/judoproleague.com\/wp-content\/uploads\/2023\/12\/FFJUDO-Pro-ligue-MTP-67-768x513.webp 768w, https:\/\/judoproleague.com\/wp-content\/uploads\/2023\/12\/FFJUDO-Pro-ligue-MTP-67-1536x1025.webp 1536w, https:\/\/judoproleague.com\/wp-content\/uploads\/2023\/12\/FFJUDO-Pro-ligue-MTP-67-18x12.webp 18w, https:\/\/judoproleague.com\/wp-content\/uploads\/2023\/12\/FFJUDO-Pro-ligue-MTP-67.webp 1618w\" sizes=\"auto, (max-width: 640px) 100vw, 640px\" \/><figcaption id=\"caption-attachment-3779\" class=\"wp-caption-text\">France Judo\/T.Albisetti<\/figcaption><\/figure>\n<p>In the quarter-finals, ES Blanc-Mesnil welcome a surprising Auxerre Judo team, newcomers to the Judo Pro League 2023. The Burgundians, coached by Franck Party and P\u00e9n\u00e9lope Bonna, are determined and will give the ESBM judokas a real scare. With the score tied at 2-2 at half-time, Auxerre pulled out all the stops and Daniyl Zoubko and Joris Agbegnenou, Blanc-Mesnil's two strong men, were trapped and caught flat-footed! Auxerre leads 4-3 at the end of the 8th<sup>e<\/sup> But Sarra Mzoughi (+78) and Marius Fizel (+95kg) got the Seine-Saint-Denis judokas out of a very bad situation. ES Blanc-Mesnil have now qualified for the Final Four, and will meet SGS Judo in a semi-final on January 6.<\/p>\n<figure id=\"attachment_3778\" aria-describedby=\"caption-attachment-3778\" style=\"width: 640px\" class=\"wp-caption aligncenter\"><img loading=\"lazy\" decoding=\"async\" class=\"wp-image-3778 size-large\" src=\"https:\/\/judoproleague.com\/wp-content\/uploads\/2023\/12\/HD-ProLeague-ESBM-AuxerreJudo-189-_TA98125-1-1024x683.webp\" alt=\"\" width=\"640\" height=\"427\" srcset=\"https:\/\/judoproleague.com\/wp-content\/uploads\/2023\/12\/HD-ProLeague-ESBM-AuxerreJudo-189-_TA98125-1-1024x683.webp 1024w, https:\/\/judoproleague.com\/wp-content\/uploads\/2023\/12\/HD-ProLeague-ESBM-AuxerreJudo-189-_TA98125-1-300x200.webp 300w, https:\/\/judoproleague.com\/wp-content\/uploads\/2023\/12\/HD-ProLeague-ESBM-AuxerreJudo-189-_TA98125-1-768x512.webp 768w, https:\/\/judoproleague.com\/wp-content\/uploads\/2023\/12\/HD-ProLeague-ESBM-AuxerreJudo-189-_TA98125-1-1536x1024.webp 1536w, https:\/\/judoproleague.com\/wp-content\/uploads\/2023\/12\/HD-ProLeague-ESBM-AuxerreJudo-189-_TA98125-1-18x12.webp 18w, https:\/\/judoproleague.com\/wp-content\/uploads\/2023\/12\/HD-ProLeague-ESBM-AuxerreJudo-189-_TA98125-1.webp 1620w\" sizes=\"auto, (max-width: 640px) 100vw, 640px\" \/><figcaption id=\"caption-attachment-3778\" class=\"wp-caption-text\">Marius Fitzel (+95kg) \u00a9 France Judo\/T.Albisetti<\/figcaption><\/figure>","protected":false},"excerpt":{"rendered":"<p>Le 6 janvier 2024, le Dojo de Paris accueillera le Final Four de la 2e \u00e9dition de la Judo Pro League. Cette ann\u00e9e, le dernier carr\u00e9 r\u00e9unira le Judo Nice M\u00e9tropole et les AM Asni\u00e8res Judo 92, d\u00e9j\u00e0 pr\u00e9sents \u00e0 ce m\u00eame stade de la comp\u00e9tition l\u2019ann\u00e9e derni\u00e8re, et les \u00e9quipes de SGS Judo et [&hellip;]<\/p>\n","protected":false},"author":4,"featured_media":3781,"comment_status":"closed","ping_status":"open","sticky":false,"template":"","format":"standard","meta":{"footnotes":""},"categories":[1],"tags":[],"class_list":["post-3776","post","type-post","status-publish","format-standard","has-post-thumbnail","hentry","category-non-classe"],"acf":[],"yoast_head":"<!-- This site is optimized with the Yoast SEO plugin v27.1.1 - https:\/\/yoast.com\/product\/yoast-seo-wordpress\/ -->\n<title>FINAL FOUR 2024 - REVIVEZ LE PARCOURS DE L&#039;ESBM JUDO - Judo Pro League<\/title>\n<meta name=\"robots\" content=\"index, follow, max-snippet:-1, max-image-preview:large, max-video-preview:-1\" \/>\n<link rel=\"canonical\" href=\"https:\/\/judoproleague.com\/en\/final-four-2024-revive-the-course-of-the-bm-judo\/\" \/>\n<meta property=\"og:locale\" content=\"en_US\" \/>\n<meta property=\"og:type\" content=\"article\" \/>\n<meta property=\"og:title\" content=\"FINAL FOUR 2024 - REVIVEZ LE PARCOURS DE L&#039;ESBM JUDO - Judo Pro League\" \/>\n<meta property=\"og:description\" content=\"Le 6 janvier 2024, le Dojo de Paris accueillera le Final Four de la 2e \u00e9dition de la Judo Pro League. Cette ann\u00e9e, le dernier carr\u00e9 r\u00e9unira le Judo Nice M\u00e9tropole et les AM Asni\u00e8res Judo 92, d\u00e9j\u00e0 pr\u00e9sents \u00e0 ce m\u00eame stade de la comp\u00e9tition l\u2019ann\u00e9e derni\u00e8re, et les \u00e9quipes de SGS Judo et [&hellip;]\" \/>\n<meta property=\"og:url\" content=\"https:\/\/judoproleague.com\/en\/final-four-2024-revive-the-course-of-the-bm-judo\/\" \/>\n<meta property=\"og:site_name\" content=\"Judo Pro League\" \/>\n<meta property=\"article:published_time\" content=\"2023-12-30T11:10:02+00:00\" \/>\n<meta property=\"og:image\" content=\"https:\/\/judoproleague.com\/wp-content\/uploads\/2023\/12\/HD-ESBM-MONTPELLIER-061-TA904447-1.webp\" \/>\n\t<meta property=\"og:image:width\" content=\"1620\" \/>\n\t<meta property=\"og:image:height\" content=\"1080\" \/>\n\t<meta property=\"og:image:type\" content=\"image\/webp\" \/>\n<meta name=\"author\" content=\"Alan GAUDEFROY\" \/>\n<meta name=\"twitter:card\" content=\"summary_large_image\" \/>\n<meta name=\"twitter:label1\" content=\"Written by\" \/>\n\t<meta name=\"twitter:data1\" content=\"Alan GAUDEFROY\" \/>\n\t<meta name=\"twitter:label2\" content=\"Est. reading time\" \/>\n\t<meta name=\"twitter:data2\" content=\"4 minutes\" \/>\n<script type=\"application\/ld+json\" class=\"yoast-schema-graph\">{\"@context\":\"https:\/\/schema.org\",\"@graph\":[{\"@type\":\"Article\",\"@id\":\"https:\/\/judoproleague.com\/final-four-2024-revivez-le-parcours-de-lesbm-judo\/#article\",\"isPartOf\":{\"@id\":\"https:\/\/judoproleague.com\/final-four-2024-revivez-le-parcours-de-lesbm-judo\/\"},\"author\":{\"name\":\"Alan GAUDEFROY\",\"@id\":\"https:\/\/judoproleague.com\/#\/schema\/person\/1cc0d3c1265a4f6956c0bf9ad6389b37\"},\"headline\":\"FINAL FOUR 2024 &#8211; REVIVEZ LE PARCOURS DE L&rsquo;ESBM JUDO\",\"datePublished\":\"2023-12-30T11:10:02+00:00\",\"mainEntityOfPage\":{\"@id\":\"https:\/\/judoproleague.com\/final-four-2024-revivez-le-parcours-de-lesbm-judo\/\"},\"wordCount\":555,\"publisher\":{\"@id\":\"https:\/\/judoproleague.com\/#organization\"},\"image\":{\"@id\":\"https:\/\/judoproleague.com\/final-four-2024-revivez-le-parcours-de-lesbm-judo\/#primaryimage\"},\"thumbnailUrl\":\"https:\/\/judoproleague.com\/wp-content\/uploads\/2023\/12\/HD-ESBM-MONTPELLIER-061-TA904447-1.webp\",\"articleSection\":[\"Non class\u00e9\"],\"inLanguage\":\"en-US\"},{\"@type\":\"WebPage\",\"@id\":\"https:\/\/judoproleague.com\/final-four-2024-revivez-le-parcours-de-lesbm-judo\/\",\"url\":\"https:\/\/judoproleague.com\/final-four-2024-revivez-le-parcours-de-lesbm-judo\/\",\"name\":\"FINAL FOUR 2024 - REVIVEZ LE PARCOURS DE L'ESBM JUDO - Judo Pro League\",\"isPartOf\":{\"@id\":\"https:\/\/judoproleague.com\/#website\"},\"primaryImageOfPage\":{\"@id\":\"https:\/\/judoproleague.com\/final-four-2024-revivez-le-parcours-de-lesbm-judo\/#primaryimage\"},\"image\":{\"@id\":\"https:\/\/judoproleague.com\/final-four-2024-revivez-le-parcours-de-lesbm-judo\/#primaryimage\"},\"thumbnailUrl\":\"https:\/\/judoproleague.com\/wp-content\/uploads\/2023\/12\/HD-ESBM-MONTPELLIER-061-TA904447-1.webp\",\"datePublished\":\"2023-12-30T11:10:02+00:00\",\"inLanguage\":\"en-US\",\"potentialAction\":[{\"@type\":\"ReadAction\",\"target\":[\"https:\/\/judoproleague.com\/final-four-2024-revivez-le-parcours-de-lesbm-judo\/\"]}]},{\"@type\":\"ImageObject\",\"inLanguage\":\"en-US\",\"@id\":\"https:\/\/judoproleague.com\/final-four-2024-revivez-le-parcours-de-lesbm-judo\/#primaryimage\",\"url\":\"https:\/\/judoproleague.com\/wp-content\/uploads\/2023\/12\/HD-ESBM-MONTPELLIER-061-TA904447-1.webp\",\"contentUrl\":\"https:\/\/judoproleague.com\/wp-content\/uploads\/2023\/12\/HD-ESBM-MONTPELLIER-061-TA904447-1.webp\",\"width\":1620,\"height\":1080},{\"@type\":\"WebSite\",\"@id\":\"https:\/\/judoproleague.com\/#website\",\"url\":\"https:\/\/judoproleague.com\/\",\"name\":\"Judo Pro League\",\"description\":\"\",\"publisher\":{\"@id\":\"https:\/\/judoproleague.com\/#organization\"},\"potentialAction\":[{\"@type\":\"SearchAction\",\"target\":{\"@type\":\"EntryPoint\",\"urlTemplate\":\"https:\/\/judoproleague.com\/?s={search_term_string}\"},\"query-input\":{\"@type\":\"PropertyValueSpecification\",\"valueRequired\":true,\"valueName\":\"search_term_string\"}}],\"inLanguage\":\"en-US\"},{\"@type\":\"Organization\",\"@id\":\"https:\/\/judoproleague.com\/#organization\",\"name\":\"Judo Pro League\",\"url\":\"https:\/\/judoproleague.com\/\",\"logo\":{\"@type\":\"ImageObject\",\"inLanguage\":\"en-US\",\"@id\":\"https:\/\/judoproleague.com\/#\/schema\/logo\/image\/\",\"url\":\"https:\/\/judoproleague.com\/wp-content\/uploads\/2024\/10\/JPL-LOGO-light-1.svg\",\"contentUrl\":\"https:\/\/judoproleague.com\/wp-content\/uploads\/2024\/10\/JPL-LOGO-light-1.svg\",\"width\":198,\"height\":83,\"caption\":\"Judo Pro League\"},\"image\":{\"@id\":\"https:\/\/judoproleague.com\/#\/schema\/logo\/image\/\"}},{\"@type\":\"Person\",\"@id\":\"https:\/\/judoproleague.com\/#\/schema\/person\/1cc0d3c1265a4f6956c0bf9ad6389b37\",\"name\":\"Alan GAUDEFROY\",\"image\":{\"@type\":\"ImageObject\",\"inLanguage\":\"en-US\",\"@id\":\"https:\/\/judoproleague.com\/#\/schema\/person\/image\/\",\"url\":\"https:\/\/secure.gravatar.com\/avatar\/f7ed2dc65f91e5fc8e3a880a460ca52653ffa31251b597d2880f1aaf5b39fdc4?s=96&d=mm&r=g\",\"contentUrl\":\"https:\/\/secure.gravatar.com\/avatar\/f7ed2dc65f91e5fc8e3a880a460ca52653ffa31251b597d2880f1aaf5b39fdc4?s=96&d=mm&r=g\",\"caption\":\"Alan GAUDEFROY\"},\"url\":\"https:\/\/judoproleague.com\/en\/author\/alanjpl\/\"}]}<\/script>\n<!-- \/ Yoast SEO plugin. -->","yoast_head_json":{"title":"FINAL FOUR 2024 - REVIVE THE ESBM JUDO TRACK - Judo Pro League","robots":{"index":"index","follow":"follow","max-snippet":"max-snippet:-1","max-image-preview":"max-image-preview:large","max-video-preview":"max-video-preview:-1"},"canonical":"https:\/\/judoproleague.com\/en\/final-four-2024-revive-the-course-of-the-bm-judo\/","og_locale":"en_US","og_type":"article","og_title":"FINAL FOUR 2024 - REVIVEZ LE PARCOURS DE L'ESBM JUDO - Judo Pro League","og_description":"Le 6 janvier 2024, le Dojo de Paris accueillera le Final Four de la 2e \u00e9dition de la Judo Pro League. Cette ann\u00e9e, le dernier carr\u00e9 r\u00e9unira le Judo Nice M\u00e9tropole et les AM Asni\u00e8res Judo 92, d\u00e9j\u00e0 pr\u00e9sents \u00e0 ce m\u00eame stade de la comp\u00e9tition l\u2019ann\u00e9e derni\u00e8re, et les \u00e9quipes de SGS Judo et [&hellip;]","og_url":"https:\/\/judoproleague.com\/en\/final-four-2024-revive-the-course-of-the-bm-judo\/","og_site_name":"Judo Pro League","article_published_time":"2023-12-30T11:10:02+00:00","og_image":[{"width":1620,"height":1080,"url":"https:\/\/judoproleague.com\/wp-content\/uploads\/2023\/12\/HD-ESBM-MONTPELLIER-061-TA904447-1.webp","type":"image\/webp"}],"author":"Alan GAUDEFROY","twitter_card":"summary_large_image","twitter_misc":{"Written by":"Alan GAUDEFROY","Est. reading time":"4 minutes"},"schema":{"@context":"https:\/\/schema.org","@graph":[{"@type":"Article","@id":"https:\/\/judoproleague.com\/final-four-2024-revivez-le-parcours-de-lesbm-judo\/#article","isPartOf":{"@id":"https:\/\/judoproleague.com\/final-four-2024-revivez-le-parcours-de-lesbm-judo\/"},"author":{"name":"Alan GAUDEFROY","@id":"https:\/\/judoproleague.com\/#\/schema\/person\/1cc0d3c1265a4f6956c0bf9ad6389b37"},"headline":"FINAL FOUR 2024 &#8211; REVIVEZ LE PARCOURS DE L&rsquo;ESBM JUDO","datePublished":"2023-12-30T11:10:02+00:00","mainEntityOfPage":{"@id":"https:\/\/judoproleague.com\/final-four-2024-revivez-le-parcours-de-lesbm-judo\/"},"wordCount":555,"publisher":{"@id":"https:\/\/judoproleague.com\/#organization"},"image":{"@id":"https:\/\/judoproleague.com\/final-four-2024-revivez-le-parcours-de-lesbm-judo\/#primaryimage"},"thumbnailUrl":"https:\/\/judoproleague.com\/wp-content\/uploads\/2023\/12\/HD-ESBM-MONTPELLIER-061-TA904447-1.webp","articleSection":["Non class\u00e9"],"inLanguage":"en-US"},{"@type":"WebPage","@id":"https:\/\/judoproleague.com\/final-four-2024-revivez-le-parcours-de-lesbm-judo\/","url":"https:\/\/judoproleague.com\/final-four-2024-revivez-le-parcours-de-lesbm-judo\/","name":"FINAL FOUR 2024 - REVIVE THE ESBM JUDO TRACK - Judo Pro League","isPartOf":{"@id":"https:\/\/judoproleague.com\/#website"},"primaryImageOfPage":{"@id":"https:\/\/judoproleague.com\/final-four-2024-revivez-le-parcours-de-lesbm-judo\/#primaryimage"},"image":{"@id":"https:\/\/judoproleague.com\/final-four-2024-revivez-le-parcours-de-lesbm-judo\/#primaryimage"},"thumbnailUrl":"https:\/\/judoproleague.com\/wp-content\/uploads\/2023\/12\/HD-ESBM-MONTPELLIER-061-TA904447-1.webp","datePublished":"2023-12-30T11:10:02+00:00","inLanguage":"en-US","potentialAction":[{"@type":"ReadAction","target":["https:\/\/judoproleague.com\/final-four-2024-revivez-le-parcours-de-lesbm-judo\/"]}]},{"@type":"ImageObject","inLanguage":"en-US","@id":"https:\/\/judoproleague.com\/final-four-2024-revivez-le-parcours-de-lesbm-judo\/#primaryimage","url":"https:\/\/judoproleague.com\/wp-content\/uploads\/2023\/12\/HD-ESBM-MONTPELLIER-061-TA904447-1.webp","contentUrl":"https:\/\/judoproleague.com\/wp-content\/uploads\/2023\/12\/HD-ESBM-MONTPELLIER-061-TA904447-1.webp","width":1620,"height":1080},{"@type":"WebSite","@id":"https:\/\/judoproleague.com\/#website","url":"https:\/\/judoproleague.com\/","name":"Judo Pro League","description":"","publisher":{"@id":"https:\/\/judoproleague.com\/#organization"},"potentialAction":[{"@type":"SearchAction","target":{"@type":"EntryPoint","urlTemplate":"https:\/\/judoproleague.com\/?s={search_term_string}"},"query-input":{"@type":"PropertyValueSpecification","valueRequired":true,"valueName":"search_term_string"}}],"inLanguage":"en-US"},{"@type":"Organization","@id":"https:\/\/judoproleague.com\/#organization","name":"Judo Pro League","url":"https:\/\/judoproleague.com\/","logo":{"@type":"ImageObject","inLanguage":"en-US","@id":"https:\/\/judoproleague.com\/#\/schema\/logo\/image\/","url":"https:\/\/judoproleague.com\/wp-content\/uploads\/2024\/10\/JPL-LOGO-light-1.svg","contentUrl":"https:\/\/judoproleague.com\/wp-content\/uploads\/2024\/10\/JPL-LOGO-light-1.svg","width":198,"height":83,"caption":"Judo Pro League"},"image":{"@id":"https:\/\/judoproleague.com\/#\/schema\/logo\/image\/"}},{"@type":"Person","@id":"https:\/\/judoproleague.com\/#\/schema\/person\/1cc0d3c1265a4f6956c0bf9ad6389b37","name":"Alan GAUDEFROY","image":{"@type":"ImageObject","inLanguage":"en-US","@id":"https:\/\/judoproleague.com\/#\/schema\/person\/image\/","url":"https:\/\/secure.gravatar.com\/avatar\/f7ed2dc65f91e5fc8e3a880a460ca52653ffa31251b597d2880f1aaf5b39fdc4?s=96&d=mm&r=g","contentUrl":"https:\/\/secure.gravatar.com\/avatar\/f7ed2dc65f91e5fc8e3a880a460ca52653ffa31251b597d2880f1aaf5b39fdc4?s=96&d=mm&r=g","caption":"Alan GAUDEFROY"},"url":"https:\/\/judoproleague.com\/en\/author\/alanjpl\/"}]}},"_links":{"self":[{"href":"https:\/\/judoproleague.com\/en\/wp-json\/wp\/v2\/posts\/3776","targetHints":{"allow":["GET"]}}],"collection":[{"href":"https:\/\/judoproleague.com\/en\/wp-json\/wp\/v2\/posts"}],"about":[{"href":"https:\/\/judoproleague.com\/en\/wp-json\/wp\/v2\/types\/post"}],"author":[{"embeddable":true,"href":"https:\/\/judoproleague.com\/en\/wp-json\/wp\/v2\/users\/4"}],"replies":[{"embeddable":true,"href":"https:\/\/judoproleague.com\/en\/wp-json\/wp\/v2\/comments?post=3776"}],"version-history":[{"count":0,"href":"https:\/\/judoproleague.com\/en\/wp-json\/wp\/v2\/posts\/3776\/revisions"}],"wp:featuredmedia":[{"embeddable":true,"href":"https:\/\/judoproleague.com\/en\/wp-json\/wp\/v2\/media\/3781"}],"wp:attachment":[{"href":"https:\/\/judoproleague.com\/en\/wp-json\/wp\/v2\/media?parent=3776"}],"wp:term":[{"taxonomy":"category","embeddable":true,"href":"https:\/\/judoproleague.com\/en\/wp-json\/wp\/v2\/categories?post=3776"},{"taxonomy":"post_tag","embeddable":true,"href":"https:\/\/judoproleague.com\/en\/wp-json\/wp\/v2\/tags?post=3776"}],"curies":[{"name":"wp","href":"https:\/\/api.w.org\/{rel}","templated":true}]}}