{"id":3642,"date":"2023-11-29T21:54:20","date_gmt":"2023-11-29T20:54:20","guid":{"rendered":"https:\/\/judoproleague.com\/?p=3410"},"modified":"2023-11-29T21:54:20","modified_gmt":"2023-11-29T20:54:20","slug":"sgs-judo-and-lam-asnieres-judo-92-qualified-for-final-round","status":"publish","type":"post","link":"https:\/\/judoproleague.com\/en\/sgs-judo-et-lam-asnieres-judo-92-qualifies-pour-le-final-four\/","title":{"rendered":"SGS JUDO AND AM ASNI\u00c8RES JUDO 92 QUALIFY FOR THE FINAL FOUR"},"content":{"rendered":"<p><strong>The first two finalists in the Judo Pro League 2023 Final Four are known. After two evenings of competition with very different scenarios, SGS Judo and AM Asni\u00e8res Judo 92 have qualified for the last four.<\/strong><\/p>\n<p>Click on the links below to see the results and matches:<\/p>\n<h4><a href=\"https:\/\/judoproleague.com\/en\/rencontre\/2023\/shift-1\/\"><strong>SGS Judo vs Dojo Nantais : 8 - 1\u00a0<\/strong><\/a><\/h4>\n<h4><a href=\"https:\/\/judoproleague.com\/en\/rencontre\/2023\/quart-2-2\/\"><strong>AM Asni\u00e8res Judo 92 vs Normandie Judo: 2-2<\/strong><\/a> (11-02 points)<\/h4>\n<p>The two qualifiers will know their opponents\u00a0<strong>december 5 and 6<\/strong>.<\/p>\n<figure id=\"attachment_3411\" aria-describedby=\"caption-attachment-3411\" style=\"width: 1620px\" class=\"wp-caption aligncenter\"><img loading=\"lazy\" decoding=\"async\" class=\"wp-image-3411 size-full\" src=\"https:\/\/judoproleague.com\/wp-content\/uploads\/2023\/11\/231128-2005-SB6_8820-3096.webp\" alt=\"\" width=\"1620\" height=\"1080\" \/><figcaption id=\"caption-attachment-3411\" class=\"wp-caption-text\">France Judo \/ St\u00e9phane Bonnet<\/figcaption><\/figure>\n<p>&nbsp;<\/p>\n<figure id=\"attachment_3412\" aria-describedby=\"caption-attachment-3412\" style=\"width: 1620px\" class=\"wp-caption aligncenter\"><img loading=\"lazy\" decoding=\"async\" class=\"wp-image-3412 size-full\" src=\"https:\/\/judoproleague.com\/wp-content\/uploads\/2023\/11\/HD-Asnieres-Nor-002-_TA94020-1.webp\" alt=\"\" width=\"1620\" height=\"1080\" \/><figcaption id=\"caption-attachment-3412\" class=\"wp-caption-text\">France Judo \/ Thierry Albisetti<\/figcaption><\/figure>\n<p>&nbsp;<\/p>\n<figure id=\"attachment_3413\" aria-describedby=\"caption-attachment-3413\" style=\"width: 1620px\" class=\"wp-caption alignnone\"><img loading=\"lazy\" decoding=\"async\" class=\"wp-image-3413 size-full\" src=\"https:\/\/judoproleague.com\/wp-content\/uploads\/2023\/11\/HD-Asnieres-Nor-003-_TA94277-1.webp\" alt=\"\" width=\"1620\" height=\"1080\" \/><figcaption id=\"caption-attachment-3413\" class=\"wp-caption-text\">France Judo \/ Thierry Albisetti<\/figcaption><\/figure>","protected":false},"excerpt":{"rendered":"<p>Les deux premiers finalistes du Final Four de la Judo Pro League 2023 sont connus. \u00c0 l&rsquo;issue de deux soir\u00e9es de comp\u00e9titions aux sc\u00e9narios bien diff\u00e9rents, le SGS Judo et l&rsquo;AM Asni\u00e8res Judo 92 se sont qualifi\u00e9s pour le dernier carr\u00e9. Retrouvez les r\u00e9sultats et les rencontres en cliquant ci-dessous : SGS Judo vs Dojo [&hellip;]<\/p>\n","protected":false},"author":4,"featured_media":3929,"comment_status":"closed","ping_status":"open","sticky":false,"template":"","format":"standard","meta":{"footnotes":""},"categories":[1],"tags":[],"class_list":["post-3642","post","type-post","status-publish","format-standard","has-post-thumbnail","hentry","category-non-classe"],"acf":[],"yoast_head":"<!-- This site is optimized with the Yoast SEO plugin v27.1.1 - https:\/\/yoast.com\/product\/yoast-seo-wordpress\/ -->\n<title>SGS JUDO ET L&#039;AM ASNI\u00c8RES JUDO 92 QUALIFI\u00c9S POUR LE FINAL FOUR - Judo Pro League<\/title>\n<meta name=\"robots\" content=\"index, follow, max-snippet:-1, max-image-preview:large, max-video-preview:-1\" \/>\n<link rel=\"canonical\" href=\"https:\/\/judoproleague.com\/en\/sgs-judo-and-lam-asnieres-judo-92-qualified-for-final-round\/\" \/>\n<meta property=\"og:locale\" content=\"en_US\" \/>\n<meta property=\"og:type\" content=\"article\" \/>\n<meta property=\"og:title\" content=\"SGS JUDO ET L&#039;AM ASNI\u00c8RES JUDO 92 QUALIFI\u00c9S POUR LE FINAL FOUR - Judo Pro League\" \/>\n<meta property=\"og:description\" content=\"Les deux premiers finalistes du Final Four de la Judo Pro League 2023 sont connus. \u00c0 l&rsquo;issue de deux soir\u00e9es de comp\u00e9titions aux sc\u00e9narios bien diff\u00e9rents, le SGS Judo et l&rsquo;AM Asni\u00e8res Judo 92 se sont qualifi\u00e9s pour le dernier carr\u00e9. Retrouvez les r\u00e9sultats et les rencontres en cliquant ci-dessous : SGS Judo vs Dojo [&hellip;]\" \/>\n<meta property=\"og:url\" content=\"https:\/\/judoproleague.com\/en\/sgs-judo-and-lam-asnieres-judo-92-qualified-for-final-round\/\" \/>\n<meta property=\"og:site_name\" content=\"Judo Pro League\" \/>\n<meta property=\"article:published_time\" content=\"2023-11-29T20:54:20+00:00\" \/>\n<meta property=\"og:image\" content=\"https:\/\/judoproleague.com\/wp-content\/uploads\/2023\/11\/231128-2005-SB6_8820-3096.webp\" \/>\n\t<meta property=\"og:image:width\" content=\"1620\" \/>\n\t<meta property=\"og:image:height\" content=\"1080\" \/>\n\t<meta property=\"og:image:type\" content=\"image\/webp\" \/>\n<meta name=\"author\" content=\"Alan GAUDEFROY\" \/>\n<meta name=\"twitter:card\" content=\"summary_large_image\" \/>\n<meta name=\"twitter:label1\" content=\"Written by\" \/>\n\t<meta name=\"twitter:data1\" content=\"Alan GAUDEFROY\" \/>\n\t<meta name=\"twitter:label2\" content=\"Est. reading time\" \/>\n\t<meta name=\"twitter:data2\" content=\"2 minutes\" \/>\n<script type=\"application\/ld+json\" class=\"yoast-schema-graph\">{\"@context\":\"https:\/\/schema.org\",\"@graph\":[{\"@type\":\"Article\",\"@id\":\"https:\/\/judoproleague.com\/sgs-judo-et-lam-asnieres-judo-92-qualifies-pour-le-final-four\/#article\",\"isPartOf\":{\"@id\":\"https:\/\/judoproleague.com\/sgs-judo-et-lam-asnieres-judo-92-qualifies-pour-le-final-four\/\"},\"author\":{\"name\":\"Alan GAUDEFROY\",\"@id\":\"https:\/\/judoproleague.com\/#\/schema\/person\/1cc0d3c1265a4f6956c0bf9ad6389b37\"},\"headline\":\"SGS JUDO ET L&rsquo;AM ASNI\u00c8RES JUDO 92 QUALIFI\u00c9S POUR LE FINAL FOUR\",\"datePublished\":\"2023-11-29T20:54:20+00:00\",\"mainEntityOfPage\":{\"@id\":\"https:\/\/judoproleague.com\/sgs-judo-et-lam-asnieres-judo-92-qualifies-pour-le-final-four\/\"},\"wordCount\":136,\"publisher\":{\"@id\":\"https:\/\/judoproleague.com\/#organization\"},\"image\":{\"@id\":\"https:\/\/judoproleague.com\/sgs-judo-et-lam-asnieres-judo-92-qualifies-pour-le-final-four\/#primaryimage\"},\"thumbnailUrl\":\"https:\/\/judoproleague.com\/wp-content\/uploads\/2023\/11\/231128-2005-SB6_8820-3096.webp\",\"articleSection\":[\"Non class\u00e9\"],\"inLanguage\":\"en-US\"},{\"@type\":\"WebPage\",\"@id\":\"https:\/\/judoproleague.com\/sgs-judo-et-lam-asnieres-judo-92-qualifies-pour-le-final-four\/\",\"url\":\"https:\/\/judoproleague.com\/sgs-judo-et-lam-asnieres-judo-92-qualifies-pour-le-final-four\/\",\"name\":\"SGS JUDO ET L'AM ASNI\u00c8RES JUDO 92 QUALIFI\u00c9S POUR LE FINAL FOUR - Judo Pro League\",\"isPartOf\":{\"@id\":\"https:\/\/judoproleague.com\/#website\"},\"primaryImageOfPage\":{\"@id\":\"https:\/\/judoproleague.com\/sgs-judo-et-lam-asnieres-judo-92-qualifies-pour-le-final-four\/#primaryimage\"},\"image\":{\"@id\":\"https:\/\/judoproleague.com\/sgs-judo-et-lam-asnieres-judo-92-qualifies-pour-le-final-four\/#primaryimage\"},\"thumbnailUrl\":\"https:\/\/judoproleague.com\/wp-content\/uploads\/2023\/11\/231128-2005-SB6_8820-3096.webp\",\"datePublished\":\"2023-11-29T20:54:20+00:00\",\"inLanguage\":\"en-US\",\"potentialAction\":[{\"@type\":\"ReadAction\",\"target\":[\"https:\/\/judoproleague.com\/sgs-judo-et-lam-asnieres-judo-92-qualifies-pour-le-final-four\/\"]}]},{\"@type\":\"ImageObject\",\"inLanguage\":\"en-US\",\"@id\":\"https:\/\/judoproleague.com\/sgs-judo-et-lam-asnieres-judo-92-qualifies-pour-le-final-four\/#primaryimage\",\"url\":\"https:\/\/judoproleague.com\/wp-content\/uploads\/2023\/11\/231128-2005-SB6_8820-3096.webp\",\"contentUrl\":\"https:\/\/judoproleague.com\/wp-content\/uploads\/2023\/11\/231128-2005-SB6_8820-3096.webp\",\"width\":1620,\"height\":1080},{\"@type\":\"WebSite\",\"@id\":\"https:\/\/judoproleague.com\/#website\",\"url\":\"https:\/\/judoproleague.com\/\",\"name\":\"Judo Pro League\",\"description\":\"\",\"publisher\":{\"@id\":\"https:\/\/judoproleague.com\/#organization\"},\"potentialAction\":[{\"@type\":\"SearchAction\",\"target\":{\"@type\":\"EntryPoint\",\"urlTemplate\":\"https:\/\/judoproleague.com\/?s={search_term_string}\"},\"query-input\":{\"@type\":\"PropertyValueSpecification\",\"valueRequired\":true,\"valueName\":\"search_term_string\"}}],\"inLanguage\":\"en-US\"},{\"@type\":\"Organization\",\"@id\":\"https:\/\/judoproleague.com\/#organization\",\"name\":\"Judo Pro League\",\"url\":\"https:\/\/judoproleague.com\/\",\"logo\":{\"@type\":\"ImageObject\",\"inLanguage\":\"en-US\",\"@id\":\"https:\/\/judoproleague.com\/#\/schema\/logo\/image\/\",\"url\":\"https:\/\/judoproleague.com\/wp-content\/uploads\/2024\/10\/JPL-LOGO-light-1.svg\",\"contentUrl\":\"https:\/\/judoproleague.com\/wp-content\/uploads\/2024\/10\/JPL-LOGO-light-1.svg\",\"width\":198,\"height\":83,\"caption\":\"Judo Pro League\"},\"image\":{\"@id\":\"https:\/\/judoproleague.com\/#\/schema\/logo\/image\/\"}},{\"@type\":\"Person\",\"@id\":\"https:\/\/judoproleague.com\/#\/schema\/person\/1cc0d3c1265a4f6956c0bf9ad6389b37\",\"name\":\"Alan GAUDEFROY\",\"image\":{\"@type\":\"ImageObject\",\"inLanguage\":\"en-US\",\"@id\":\"https:\/\/judoproleague.com\/#\/schema\/person\/image\/\",\"url\":\"https:\/\/secure.gravatar.com\/avatar\/f7ed2dc65f91e5fc8e3a880a460ca52653ffa31251b597d2880f1aaf5b39fdc4?s=96&d=mm&r=g\",\"contentUrl\":\"https:\/\/secure.gravatar.com\/avatar\/f7ed2dc65f91e5fc8e3a880a460ca52653ffa31251b597d2880f1aaf5b39fdc4?s=96&d=mm&r=g\",\"caption\":\"Alan GAUDEFROY\"},\"url\":\"https:\/\/judoproleague.com\/en\/author\/alanjpl\/\"}]}<\/script>\n<!-- \/ Yoast SEO plugin. -->","yoast_head_json":{"title":"SGS JUDO AND AM ASNI\u00c8RES JUDO 92 QUALIFY FOR FOUR FINAL - Judo Pro League","robots":{"index":"index","follow":"follow","max-snippet":"max-snippet:-1","max-image-preview":"max-image-preview:large","max-video-preview":"max-video-preview:-1"},"canonical":"https:\/\/judoproleague.com\/en\/sgs-judo-and-lam-asnieres-judo-92-qualified-for-final-round\/","og_locale":"en_US","og_type":"article","og_title":"SGS JUDO ET L'AM ASNI\u00c8RES JUDO 92 QUALIFI\u00c9S POUR LE FINAL FOUR - Judo Pro League","og_description":"Les deux premiers finalistes du Final Four de la Judo Pro League 2023 sont connus. \u00c0 l&rsquo;issue de deux soir\u00e9es de comp\u00e9titions aux sc\u00e9narios bien diff\u00e9rents, le SGS Judo et l&rsquo;AM Asni\u00e8res Judo 92 se sont qualifi\u00e9s pour le dernier carr\u00e9. Retrouvez les r\u00e9sultats et les rencontres en cliquant ci-dessous : SGS Judo vs Dojo [&hellip;]","og_url":"https:\/\/judoproleague.com\/en\/sgs-judo-and-lam-asnieres-judo-92-qualified-for-final-round\/","og_site_name":"Judo Pro League","article_published_time":"2023-11-29T20:54:20+00:00","og_image":[{"width":1620,"height":1080,"url":"https:\/\/judoproleague.com\/wp-content\/uploads\/2023\/11\/231128-2005-SB6_8820-3096.webp","type":"image\/webp"}],"author":"Alan GAUDEFROY","twitter_card":"summary_large_image","twitter_misc":{"Written by":"Alan GAUDEFROY","Est. reading time":"2 minutes"},"schema":{"@context":"https:\/\/schema.org","@graph":[{"@type":"Article","@id":"https:\/\/judoproleague.com\/sgs-judo-et-lam-asnieres-judo-92-qualifies-pour-le-final-four\/#article","isPartOf":{"@id":"https:\/\/judoproleague.com\/sgs-judo-et-lam-asnieres-judo-92-qualifies-pour-le-final-four\/"},"author":{"name":"Alan GAUDEFROY","@id":"https:\/\/judoproleague.com\/#\/schema\/person\/1cc0d3c1265a4f6956c0bf9ad6389b37"},"headline":"SGS JUDO ET L&rsquo;AM ASNI\u00c8RES JUDO 92 QUALIFI\u00c9S POUR LE FINAL FOUR","datePublished":"2023-11-29T20:54:20+00:00","mainEntityOfPage":{"@id":"https:\/\/judoproleague.com\/sgs-judo-et-lam-asnieres-judo-92-qualifies-pour-le-final-four\/"},"wordCount":136,"publisher":{"@id":"https:\/\/judoproleague.com\/#organization"},"image":{"@id":"https:\/\/judoproleague.com\/sgs-judo-et-lam-asnieres-judo-92-qualifies-pour-le-final-four\/#primaryimage"},"thumbnailUrl":"https:\/\/judoproleague.com\/wp-content\/uploads\/2023\/11\/231128-2005-SB6_8820-3096.webp","articleSection":["Non class\u00e9"],"inLanguage":"en-US"},{"@type":"WebPage","@id":"https:\/\/judoproleague.com\/sgs-judo-et-lam-asnieres-judo-92-qualifies-pour-le-final-four\/","url":"https:\/\/judoproleague.com\/sgs-judo-et-lam-asnieres-judo-92-qualifies-pour-le-final-four\/","name":"SGS JUDO AND AM ASNI\u00c8RES JUDO 92 QUALIFY FOR FOUR FINAL - Judo Pro League","isPartOf":{"@id":"https:\/\/judoproleague.com\/#website"},"primaryImageOfPage":{"@id":"https:\/\/judoproleague.com\/sgs-judo-et-lam-asnieres-judo-92-qualifies-pour-le-final-four\/#primaryimage"},"image":{"@id":"https:\/\/judoproleague.com\/sgs-judo-et-lam-asnieres-judo-92-qualifies-pour-le-final-four\/#primaryimage"},"thumbnailUrl":"https:\/\/judoproleague.com\/wp-content\/uploads\/2023\/11\/231128-2005-SB6_8820-3096.webp","datePublished":"2023-11-29T20:54:20+00:00","inLanguage":"en-US","potentialAction":[{"@type":"ReadAction","target":["https:\/\/judoproleague.com\/sgs-judo-et-lam-asnieres-judo-92-qualifies-pour-le-final-four\/"]}]},{"@type":"ImageObject","inLanguage":"en-US","@id":"https:\/\/judoproleague.com\/sgs-judo-et-lam-asnieres-judo-92-qualifies-pour-le-final-four\/#primaryimage","url":"https:\/\/judoproleague.com\/wp-content\/uploads\/2023\/11\/231128-2005-SB6_8820-3096.webp","contentUrl":"https:\/\/judoproleague.com\/wp-content\/uploads\/2023\/11\/231128-2005-SB6_8820-3096.webp","width":1620,"height":1080},{"@type":"WebSite","@id":"https:\/\/judoproleague.com\/#website","url":"https:\/\/judoproleague.com\/","name":"Judo Pro League","description":"","publisher":{"@id":"https:\/\/judoproleague.com\/#organization"},"potentialAction":[{"@type":"SearchAction","target":{"@type":"EntryPoint","urlTemplate":"https:\/\/judoproleague.com\/?s={search_term_string}"},"query-input":{"@type":"PropertyValueSpecification","valueRequired":true,"valueName":"search_term_string"}}],"inLanguage":"en-US"},{"@type":"Organization","@id":"https:\/\/judoproleague.com\/#organization","name":"Judo Pro League","url":"https:\/\/judoproleague.com\/","logo":{"@type":"ImageObject","inLanguage":"en-US","@id":"https:\/\/judoproleague.com\/#\/schema\/logo\/image\/","url":"https:\/\/judoproleague.com\/wp-content\/uploads\/2024\/10\/JPL-LOGO-light-1.svg","contentUrl":"https:\/\/judoproleague.com\/wp-content\/uploads\/2024\/10\/JPL-LOGO-light-1.svg","width":198,"height":83,"caption":"Judo Pro League"},"image":{"@id":"https:\/\/judoproleague.com\/#\/schema\/logo\/image\/"}},{"@type":"Person","@id":"https:\/\/judoproleague.com\/#\/schema\/person\/1cc0d3c1265a4f6956c0bf9ad6389b37","name":"Alan GAUDEFROY","image":{"@type":"ImageObject","inLanguage":"en-US","@id":"https:\/\/judoproleague.com\/#\/schema\/person\/image\/","url":"https:\/\/secure.gravatar.com\/avatar\/f7ed2dc65f91e5fc8e3a880a460ca52653ffa31251b597d2880f1aaf5b39fdc4?s=96&d=mm&r=g","contentUrl":"https:\/\/secure.gravatar.com\/avatar\/f7ed2dc65f91e5fc8e3a880a460ca52653ffa31251b597d2880f1aaf5b39fdc4?s=96&d=mm&r=g","caption":"Alan GAUDEFROY"},"url":"https:\/\/judoproleague.com\/en\/author\/alanjpl\/"}]}},"_links":{"self":[{"href":"https:\/\/judoproleague.com\/en\/wp-json\/wp\/v2\/posts\/3642","targetHints":{"allow":["GET"]}}],"collection":[{"href":"https:\/\/judoproleague.com\/en\/wp-json\/wp\/v2\/posts"}],"about":[{"href":"https:\/\/judoproleague.com\/en\/wp-json\/wp\/v2\/types\/post"}],"author":[{"embeddable":true,"href":"https:\/\/judoproleague.com\/en\/wp-json\/wp\/v2\/users\/4"}],"replies":[{"embeddable":true,"href":"https:\/\/judoproleague.com\/en\/wp-json\/wp\/v2\/comments?post=3642"}],"version-history":[{"count":0,"href":"https:\/\/judoproleague.com\/en\/wp-json\/wp\/v2\/posts\/3642\/revisions"}],"wp:featuredmedia":[{"embeddable":true,"href":"https:\/\/judoproleague.com\/en\/wp-json\/wp\/v2\/media\/3929"}],"wp:attachment":[{"href":"https:\/\/judoproleague.com\/en\/wp-json\/wp\/v2\/media?parent=3642"}],"wp:term":[{"taxonomy":"category","embeddable":true,"href":"https:\/\/judoproleague.com\/en\/wp-json\/wp\/v2\/categories?post=3642"},{"taxonomy":"post_tag","embeddable":true,"href":"https:\/\/judoproleague.com\/en\/wp-json\/wp\/v2\/tags?post=3642"}],"curies":[{"name":"wp","href":"https:\/\/api.w.org\/{rel}","templated":true}]}}