{"id":3638,"date":"2023-11-24T10:28:32","date_gmt":"2023-11-24T09:28:32","guid":{"rendered":"https:\/\/judoproleague.com\/?p=3339"},"modified":"2023-11-24T10:28:32","modified_gmt":"2023-11-24T09:28:32","slug":"presentation-of-the-first-quarter-finals","status":"publish","type":"post","link":"https:\/\/judoproleague.com\/en\/presentation-des-premiers-quarts-de-finale\/","title":{"rendered":"WHO WILL VALIDATE THE FIRST TWO TICKETS TO THE FINAL FOUR?"},"content":{"rendered":"<p><strong>After a suspenseful group phase lasting right up to the last day, the final table kicks off next Tuesday evening in Sainte-Genevi\u00e8ve-des-Bois. Watch out...things are about to get serious!<\/strong><\/p>\n<p>After a little over a month's break, the Judo Pro League resumes next week with the quarter-finals of this 2023\/2024 edition. To begin with, two matches in the Paris region will determine the first qualifiers for the Final Four, on January 6, at the Paris Dojo.<\/p>\n<p><strong>Sainte-Genevi\u00e8ve Sports \/ Dojo Nantais<\/strong><\/p>\n<figure id=\"attachment_3354\" aria-describedby=\"caption-attachment-3354\" style=\"width: 640px\" class=\"wp-caption aligncenter\"><img loading=\"lazy\" decoding=\"async\" class=\"wp-image-3354 size-large\" src=\"https:\/\/judoproleague.com\/wp-content\/uploads\/2023\/11\/MicrosoftTeams-image-85-1024x683.webp\" alt=\"\" width=\"640\" height=\"427\" \/><figcaption id=\"caption-attachment-3354\" class=\"wp-caption-text\">France Judo\/P.Rabouin<\/figcaption><\/figure>\n<p>The first quarter-final of this year's Judo Pro League kicks off on Tuesday, November 28.<br \/>\nWith five wins and one loss - there were four structures in Pool A - the Rouge et Blanc club, which has team DNA in its blood, closes the elimination phase as undisputed leader. With a strong line-up in every category (almost thirty-five different judokas took part in the first six matches), Sainte-Genevi\u00e8ve will also be playing at home, in front of a capacity crowd.<\/p>\n<figure id=\"attachment_3353\" aria-describedby=\"caption-attachment-3353\" style=\"width: 640px\" class=\"wp-caption aligncenter\"><img loading=\"lazy\" decoding=\"async\" class=\"wp-image-3353 size-large\" src=\"https:\/\/judoproleague.com\/wp-content\/uploads\/2023\/11\/HD-JudoProLeague-AM-Asnieres-Dojo-Nantais-105-TA905714-1-1024x683.webp\" alt=\"\" width=\"640\" height=\"427\" \/><figcaption id=\"caption-attachment-3353\" class=\"wp-caption-text\">France Judo\/T.Albisetti<\/figcaption><\/figure>\n<p>Facing the G\u00e9nov\u00e9fains will be Arnaud Gendre's team from Nantes, whose ranks include the new French champion in the -66kg class, Kevin Azema. Runners-up in Pool B, the Dojo Nantais will certainly not be starting out as favourites, but they do have a number of renowned individuals, such as their Cameroonian +78kg team-mate Hortense Vanessa Mballa Atangana, who will be keen to derail the Essonne steamroller.<\/p>\n<p>To reserve your seats and attend this meeting, <strong><a href=\"https:\/\/www.billetweb.fr\/jpl-1-4-de-finale-sainte-genevieve-sports-vs-dojo-nantais\" target=\"_blank\" rel=\"noopener\">click here<\/a>.<\/strong><\/p>\n<p><strong>Arts Martiaux Asni\u00e8res 92 \/ Normandie Judo<\/strong><\/p>\n<figure id=\"attachment_3356\" aria-describedby=\"caption-attachment-3356\" style=\"width: 640px\" class=\"wp-caption aligncenter\"><img loading=\"lazy\" decoding=\"async\" class=\"wp-image-3356 size-large\" src=\"https:\/\/judoproleague.com\/wp-content\/uploads\/2023\/11\/HD-AM-Asnieres-Dojo-BEGLAIS-Judo-ProLeague-077-TA903511-1-1024x683.webp\" alt=\"\" width=\"640\" height=\"427\" \/><figcaption id=\"caption-attachment-3356\" class=\"wp-caption-text\">France Judo\/T.Albisetti<\/figcaption><\/figure>\n<p>Held on November 29 at the Teddy Riner Arena in Asni\u00e8res, this duel pits two teams with experience of the 2022 edition against each other. The club from Hauts-de-Seine, semi-finalists just under a year ago, simply crushed Pool B with their authority: four wins in as many matches, fourteen points in the overall standings, the second best result behind Sainte-Genevi\u00e8ve Sports... but with two fewer matches! The team led by Fabrice Ruimy, Guillaume Etchegaray and Rayane Hamdaoui even scored the most points (waza-ari or ippon) in the elimination phase, with a total of 357! These statistics highlight the quality and homogeneity of the Asni\u00e9rois squad.<\/p>\n<figure id=\"attachment_3355\" aria-describedby=\"caption-attachment-3355\" style=\"width: 640px\" class=\"wp-caption aligncenter\"><img loading=\"lazy\" decoding=\"async\" class=\"wp-image-3355 size-large\" src=\"https:\/\/judoproleague.com\/wp-content\/uploads\/2023\/11\/PHRC4633-1024x683.webp\" alt=\"\" width=\"640\" height=\"427\" \/><figcaption id=\"caption-attachment-3355\" class=\"wp-caption-text\">France Judo\/P.Rabouin<\/figcaption><\/figure>\n<p>Opposing them was Normandie Judo, second in Pool A with thirteen points scored. The backbone of this team is made up of fighters trained in the region, some of whom play for the Eure Judo top-level structure. Two of them have just won medals at the French championships: Romaric Bouda in -66kg and Perrine Saint-Etienne in -63kg.<\/p>\n<p>To reserve your seats and attend this meeting, <strong><a href=\"https:\/\/www.billetweb.fr\/jpl-1-4-de-finale-am-asnieres-92-vs-normandie-judo\" target=\"_blank\" rel=\"noopener\">click here<\/a>.<\/strong><\/p>\n<p>&nbsp;<\/p>\n<p>Follow the quarter-finals and find out all about their broadcast, <a href=\"https:\/\/judoproleague.com\/en\/how-to-follow-the-quarter-finals-of-the-judo-pro-league\/\" target=\"_blank\" rel=\"noopener\"><strong>click here<\/strong><\/a>.<\/p>","protected":false},"excerpt":{"rendered":"<p>Apr\u00e8s une phase de poules o\u00f9 le suspense dura jusqu\u2019\u00e0 la derni\u00e8re journ\u00e9e, d\u00e9but du tableau final mardi soir prochain \u00e0 Sainte-Genevi\u00e8ve-des-Bois. Attention\u2026les choses s\u00e9rieuses vont commencer ! Apr\u00e8s un peu plus d\u2019un mois d\u2019arr\u00eat, la Judo Pro League reprend ses droits la semaine prochaine avec les quarts de finale de cette \u00e9dition 2023\/2024. Pour [&hellip;]<\/p>\n","protected":false},"author":4,"featured_media":3916,"comment_status":"closed","ping_status":"open","sticky":false,"template":"","format":"standard","meta":{"footnotes":""},"categories":[1],"tags":[],"class_list":["post-3638","post","type-post","status-publish","format-standard","has-post-thumbnail","hentry","category-non-classe"],"acf":[],"yoast_head":"<!-- This site is optimized with the Yoast SEO plugin v27.1.1 - https:\/\/yoast.com\/product\/yoast-seo-wordpress\/ -->\n<title>QUI VALIDERA LES DEUX PREMIERS TICKETS POUR LE FINAL FOUR ? - Judo Pro League<\/title>\n<meta name=\"robots\" content=\"index, follow, max-snippet:-1, max-image-preview:large, max-video-preview:-1\" \/>\n<link rel=\"canonical\" href=\"https:\/\/judoproleague.com\/en\/presentation-of-the-first-quarter-finals\/\" \/>\n<meta property=\"og:locale\" content=\"en_US\" \/>\n<meta property=\"og:type\" content=\"article\" \/>\n<meta property=\"og:title\" content=\"QUI VALIDERA LES DEUX PREMIERS TICKETS POUR LE FINAL FOUR ? - Judo Pro League\" \/>\n<meta property=\"og:description\" content=\"Apr\u00e8s une phase de poules o\u00f9 le suspense dura jusqu\u2019\u00e0 la derni\u00e8re journ\u00e9e, d\u00e9but du tableau final mardi soir prochain \u00e0 Sainte-Genevi\u00e8ve-des-Bois. Attention\u2026les choses s\u00e9rieuses vont commencer ! Apr\u00e8s un peu plus d\u2019un mois d\u2019arr\u00eat, la Judo Pro League reprend ses droits la semaine prochaine avec les quarts de finale de cette \u00e9dition 2023\/2024. Pour [&hellip;]\" \/>\n<meta property=\"og:url\" content=\"https:\/\/judoproleague.com\/en\/presentation-of-the-first-quarter-finals\/\" \/>\n<meta property=\"og:site_name\" content=\"Judo Pro League\" \/>\n<meta property=\"article:published_time\" content=\"2023-11-24T09:28:32+00:00\" \/>\n<meta property=\"og:image\" content=\"https:\/\/judoproleague.com\/wp-content\/uploads\/2023\/11\/231017-1957-SB5_3658-3096.webp\" \/>\n\t<meta property=\"og:image:width\" content=\"1620\" \/>\n\t<meta property=\"og:image:height\" content=\"1080\" \/>\n\t<meta property=\"og:image:type\" content=\"image\/webp\" \/>\n<meta name=\"author\" content=\"Alan GAUDEFROY\" \/>\n<meta name=\"twitter:card\" content=\"summary_large_image\" \/>\n<meta name=\"twitter:label1\" content=\"Written by\" \/>\n\t<meta name=\"twitter:data1\" content=\"Alan GAUDEFROY\" \/>\n\t<meta name=\"twitter:label2\" content=\"Est. reading time\" \/>\n\t<meta name=\"twitter:data2\" content=\"4 minutes\" \/>\n<script type=\"application\/ld+json\" class=\"yoast-schema-graph\">{\"@context\":\"https:\/\/schema.org\",\"@graph\":[{\"@type\":\"Article\",\"@id\":\"https:\/\/judoproleague.com\/presentation-des-premiers-quarts-de-finale\/#article\",\"isPartOf\":{\"@id\":\"https:\/\/judoproleague.com\/presentation-des-premiers-quarts-de-finale\/\"},\"author\":{\"name\":\"Alan GAUDEFROY\",\"@id\":\"https:\/\/judoproleague.com\/#\/schema\/person\/1cc0d3c1265a4f6956c0bf9ad6389b37\"},\"headline\":\"QUI VALIDERA LES DEUX PREMIERS TICKETS POUR LE FINAL FOUR ?\",\"datePublished\":\"2023-11-24T09:28:32+00:00\",\"mainEntityOfPage\":{\"@id\":\"https:\/\/judoproleague.com\/presentation-des-premiers-quarts-de-finale\/\"},\"wordCount\":559,\"publisher\":{\"@id\":\"https:\/\/judoproleague.com\/#organization\"},\"image\":{\"@id\":\"https:\/\/judoproleague.com\/presentation-des-premiers-quarts-de-finale\/#primaryimage\"},\"thumbnailUrl\":\"https:\/\/judoproleague.com\/wp-content\/uploads\/2023\/11\/231017-1957-SB5_3658-3096.webp\",\"articleSection\":[\"Non class\u00e9\"],\"inLanguage\":\"en-US\"},{\"@type\":\"WebPage\",\"@id\":\"https:\/\/judoproleague.com\/presentation-des-premiers-quarts-de-finale\/\",\"url\":\"https:\/\/judoproleague.com\/presentation-des-premiers-quarts-de-finale\/\",\"name\":\"QUI VALIDERA LES DEUX PREMIERS TICKETS POUR LE FINAL FOUR ? - Judo Pro League\",\"isPartOf\":{\"@id\":\"https:\/\/judoproleague.com\/#website\"},\"primaryImageOfPage\":{\"@id\":\"https:\/\/judoproleague.com\/presentation-des-premiers-quarts-de-finale\/#primaryimage\"},\"image\":{\"@id\":\"https:\/\/judoproleague.com\/presentation-des-premiers-quarts-de-finale\/#primaryimage\"},\"thumbnailUrl\":\"https:\/\/judoproleague.com\/wp-content\/uploads\/2023\/11\/231017-1957-SB5_3658-3096.webp\",\"datePublished\":\"2023-11-24T09:28:32+00:00\",\"inLanguage\":\"en-US\",\"potentialAction\":[{\"@type\":\"ReadAction\",\"target\":[\"https:\/\/judoproleague.com\/presentation-des-premiers-quarts-de-finale\/\"]}]},{\"@type\":\"ImageObject\",\"inLanguage\":\"en-US\",\"@id\":\"https:\/\/judoproleague.com\/presentation-des-premiers-quarts-de-finale\/#primaryimage\",\"url\":\"https:\/\/judoproleague.com\/wp-content\/uploads\/2023\/11\/231017-1957-SB5_3658-3096.webp\",\"contentUrl\":\"https:\/\/judoproleague.com\/wp-content\/uploads\/2023\/11\/231017-1957-SB5_3658-3096.webp\",\"width\":1620,\"height\":1080},{\"@type\":\"WebSite\",\"@id\":\"https:\/\/judoproleague.com\/#website\",\"url\":\"https:\/\/judoproleague.com\/\",\"name\":\"Judo Pro League\",\"description\":\"\",\"publisher\":{\"@id\":\"https:\/\/judoproleague.com\/#organization\"},\"potentialAction\":[{\"@type\":\"SearchAction\",\"target\":{\"@type\":\"EntryPoint\",\"urlTemplate\":\"https:\/\/judoproleague.com\/?s={search_term_string}\"},\"query-input\":{\"@type\":\"PropertyValueSpecification\",\"valueRequired\":true,\"valueName\":\"search_term_string\"}}],\"inLanguage\":\"en-US\"},{\"@type\":\"Organization\",\"@id\":\"https:\/\/judoproleague.com\/#organization\",\"name\":\"Judo Pro League\",\"url\":\"https:\/\/judoproleague.com\/\",\"logo\":{\"@type\":\"ImageObject\",\"inLanguage\":\"en-US\",\"@id\":\"https:\/\/judoproleague.com\/#\/schema\/logo\/image\/\",\"url\":\"https:\/\/judoproleague.com\/wp-content\/uploads\/2024\/10\/JPL-LOGO-light-1.svg\",\"contentUrl\":\"https:\/\/judoproleague.com\/wp-content\/uploads\/2024\/10\/JPL-LOGO-light-1.svg\",\"width\":198,\"height\":83,\"caption\":\"Judo Pro League\"},\"image\":{\"@id\":\"https:\/\/judoproleague.com\/#\/schema\/logo\/image\/\"}},{\"@type\":\"Person\",\"@id\":\"https:\/\/judoproleague.com\/#\/schema\/person\/1cc0d3c1265a4f6956c0bf9ad6389b37\",\"name\":\"Alan GAUDEFROY\",\"image\":{\"@type\":\"ImageObject\",\"inLanguage\":\"en-US\",\"@id\":\"https:\/\/judoproleague.com\/#\/schema\/person\/image\/\",\"url\":\"https:\/\/secure.gravatar.com\/avatar\/f7ed2dc65f91e5fc8e3a880a460ca52653ffa31251b597d2880f1aaf5b39fdc4?s=96&d=mm&r=g\",\"contentUrl\":\"https:\/\/secure.gravatar.com\/avatar\/f7ed2dc65f91e5fc8e3a880a460ca52653ffa31251b597d2880f1aaf5b39fdc4?s=96&d=mm&r=g\",\"caption\":\"Alan GAUDEFROY\"},\"url\":\"https:\/\/judoproleague.com\/en\/author\/alanjpl\/\"}]}<\/script>\n<!-- \/ Yoast SEO plugin. -->","yoast_head_json":{"title":"WHO WILL SECURE THE FIRST TWO TICKETS TO THE FINAL FOUR? - Judo Pro League","robots":{"index":"index","follow":"follow","max-snippet":"max-snippet:-1","max-image-preview":"max-image-preview:large","max-video-preview":"max-video-preview:-1"},"canonical":"https:\/\/judoproleague.com\/en\/presentation-of-the-first-quarter-finals\/","og_locale":"en_US","og_type":"article","og_title":"QUI VALIDERA LES DEUX PREMIERS TICKETS POUR LE FINAL FOUR ? - Judo Pro League","og_description":"Apr\u00e8s une phase de poules o\u00f9 le suspense dura jusqu\u2019\u00e0 la derni\u00e8re journ\u00e9e, d\u00e9but du tableau final mardi soir prochain \u00e0 Sainte-Genevi\u00e8ve-des-Bois. Attention\u2026les choses s\u00e9rieuses vont commencer ! Apr\u00e8s un peu plus d\u2019un mois d\u2019arr\u00eat, la Judo Pro League reprend ses droits la semaine prochaine avec les quarts de finale de cette \u00e9dition 2023\/2024. Pour [&hellip;]","og_url":"https:\/\/judoproleague.com\/en\/presentation-of-the-first-quarter-finals\/","og_site_name":"Judo Pro League","article_published_time":"2023-11-24T09:28:32+00:00","og_image":[{"width":1620,"height":1080,"url":"https:\/\/judoproleague.com\/wp-content\/uploads\/2023\/11\/231017-1957-SB5_3658-3096.webp","type":"image\/webp"}],"author":"Alan GAUDEFROY","twitter_card":"summary_large_image","twitter_misc":{"Written by":"Alan GAUDEFROY","Est. reading time":"4 minutes"},"schema":{"@context":"https:\/\/schema.org","@graph":[{"@type":"Article","@id":"https:\/\/judoproleague.com\/presentation-des-premiers-quarts-de-finale\/#article","isPartOf":{"@id":"https:\/\/judoproleague.com\/presentation-des-premiers-quarts-de-finale\/"},"author":{"name":"Alan GAUDEFROY","@id":"https:\/\/judoproleague.com\/#\/schema\/person\/1cc0d3c1265a4f6956c0bf9ad6389b37"},"headline":"QUI VALIDERA LES DEUX PREMIERS TICKETS POUR LE FINAL FOUR ?","datePublished":"2023-11-24T09:28:32+00:00","mainEntityOfPage":{"@id":"https:\/\/judoproleague.com\/presentation-des-premiers-quarts-de-finale\/"},"wordCount":559,"publisher":{"@id":"https:\/\/judoproleague.com\/#organization"},"image":{"@id":"https:\/\/judoproleague.com\/presentation-des-premiers-quarts-de-finale\/#primaryimage"},"thumbnailUrl":"https:\/\/judoproleague.com\/wp-content\/uploads\/2023\/11\/231017-1957-SB5_3658-3096.webp","articleSection":["Non class\u00e9"],"inLanguage":"en-US"},{"@type":"WebPage","@id":"https:\/\/judoproleague.com\/presentation-des-premiers-quarts-de-finale\/","url":"https:\/\/judoproleague.com\/presentation-des-premiers-quarts-de-finale\/","name":"WHO WILL SECURE THE FIRST TWO TICKETS TO THE FINAL FOUR? - Judo Pro League","isPartOf":{"@id":"https:\/\/judoproleague.com\/#website"},"primaryImageOfPage":{"@id":"https:\/\/judoproleague.com\/presentation-des-premiers-quarts-de-finale\/#primaryimage"},"image":{"@id":"https:\/\/judoproleague.com\/presentation-des-premiers-quarts-de-finale\/#primaryimage"},"thumbnailUrl":"https:\/\/judoproleague.com\/wp-content\/uploads\/2023\/11\/231017-1957-SB5_3658-3096.webp","datePublished":"2023-11-24T09:28:32+00:00","inLanguage":"en-US","potentialAction":[{"@type":"ReadAction","target":["https:\/\/judoproleague.com\/presentation-des-premiers-quarts-de-finale\/"]}]},{"@type":"ImageObject","inLanguage":"en-US","@id":"https:\/\/judoproleague.com\/presentation-des-premiers-quarts-de-finale\/#primaryimage","url":"https:\/\/judoproleague.com\/wp-content\/uploads\/2023\/11\/231017-1957-SB5_3658-3096.webp","contentUrl":"https:\/\/judoproleague.com\/wp-content\/uploads\/2023\/11\/231017-1957-SB5_3658-3096.webp","width":1620,"height":1080},{"@type":"WebSite","@id":"https:\/\/judoproleague.com\/#website","url":"https:\/\/judoproleague.com\/","name":"Judo Pro League","description":"","publisher":{"@id":"https:\/\/judoproleague.com\/#organization"},"potentialAction":[{"@type":"SearchAction","target":{"@type":"EntryPoint","urlTemplate":"https:\/\/judoproleague.com\/?s={search_term_string}"},"query-input":{"@type":"PropertyValueSpecification","valueRequired":true,"valueName":"search_term_string"}}],"inLanguage":"en-US"},{"@type":"Organization","@id":"https:\/\/judoproleague.com\/#organization","name":"Judo Pro League","url":"https:\/\/judoproleague.com\/","logo":{"@type":"ImageObject","inLanguage":"en-US","@id":"https:\/\/judoproleague.com\/#\/schema\/logo\/image\/","url":"https:\/\/judoproleague.com\/wp-content\/uploads\/2024\/10\/JPL-LOGO-light-1.svg","contentUrl":"https:\/\/judoproleague.com\/wp-content\/uploads\/2024\/10\/JPL-LOGO-light-1.svg","width":198,"height":83,"caption":"Judo Pro League"},"image":{"@id":"https:\/\/judoproleague.com\/#\/schema\/logo\/image\/"}},{"@type":"Person","@id":"https:\/\/judoproleague.com\/#\/schema\/person\/1cc0d3c1265a4f6956c0bf9ad6389b37","name":"Alan GAUDEFROY","image":{"@type":"ImageObject","inLanguage":"en-US","@id":"https:\/\/judoproleague.com\/#\/schema\/person\/image\/","url":"https:\/\/secure.gravatar.com\/avatar\/f7ed2dc65f91e5fc8e3a880a460ca52653ffa31251b597d2880f1aaf5b39fdc4?s=96&d=mm&r=g","contentUrl":"https:\/\/secure.gravatar.com\/avatar\/f7ed2dc65f91e5fc8e3a880a460ca52653ffa31251b597d2880f1aaf5b39fdc4?s=96&d=mm&r=g","caption":"Alan GAUDEFROY"},"url":"https:\/\/judoproleague.com\/en\/author\/alanjpl\/"}]}},"_links":{"self":[{"href":"https:\/\/judoproleague.com\/en\/wp-json\/wp\/v2\/posts\/3638","targetHints":{"allow":["GET"]}}],"collection":[{"href":"https:\/\/judoproleague.com\/en\/wp-json\/wp\/v2\/posts"}],"about":[{"href":"https:\/\/judoproleague.com\/en\/wp-json\/wp\/v2\/types\/post"}],"author":[{"embeddable":true,"href":"https:\/\/judoproleague.com\/en\/wp-json\/wp\/v2\/users\/4"}],"replies":[{"embeddable":true,"href":"https:\/\/judoproleague.com\/en\/wp-json\/wp\/v2\/comments?post=3638"}],"version-history":[{"count":0,"href":"https:\/\/judoproleague.com\/en\/wp-json\/wp\/v2\/posts\/3638\/revisions"}],"wp:featuredmedia":[{"embeddable":true,"href":"https:\/\/judoproleague.com\/en\/wp-json\/wp\/v2\/media\/3916"}],"wp:attachment":[{"href":"https:\/\/judoproleague.com\/en\/wp-json\/wp\/v2\/media?parent=3638"}],"wp:term":[{"taxonomy":"category","embeddable":true,"href":"https:\/\/judoproleague.com\/en\/wp-json\/wp\/v2\/categories?post=3638"},{"taxonomy":"post_tag","embeddable":true,"href":"https:\/\/judoproleague.com\/en\/wp-json\/wp\/v2\/tags?post=3638"}],"curies":[{"name":"wp","href":"https:\/\/api.w.org\/{rel}","templated":true}]}}