{"id":3373,"date":"2024-09-23T00:07:27","date_gmt":"2024-09-22T22:07:27","guid":{"rendered":"https:\/\/judoproleague.com\/?p=3373"},"modified":"2024-09-23T00:07:27","modified_gmt":"2024-09-22T22:07:27","slug":"3-new-teams-join-the-judo-pro-league","status":"publish","type":"post","link":"https:\/\/judoproleague.com\/en\/3-nouvelles-equipes-rejoignent-la-judo-pro-league\/","title":{"rendered":"3 NEW TEAMS JOIN THE JUDO PRO LEAGUE"},"content":{"rendered":"<p>While the Judo Pro League #3 returns with a new format and a few regulatory changes, the French mixed-team championship gets underway with 3 new teams in its ranks. This year's newcomer is Juniville Marnaval Grand Est. The wild boars will carry the hopes of the entire Grand Est region, which becomes the 10th region involved in the Judo Pro League. The other two newly-entered teams have Judo Pro League experience: united in the inaugural season of the Judo Pro League, Flam 91 and JC Chilly Mazarin Morangis will be opponents in this 3rd edition. The Essonne-based teams will clash on Day 2 (October 15) in a promising derby!<\/p>\n<p>The 14 teams competing this season:<\/p>\n<ul>\n<li>AM Asni\u00e8res Judo 92<\/li>\n<li>Auxerre Judo<\/li>\n<li>Dojo B\u00e9glais<\/li>\n<li>Dojo Nantais<\/li>\n<li>Flam 91 (new)<\/li>\n<li>JC Chilly Mazarin Morangis (new)<\/li>\n<li>Judo des Hauts de France<\/li>\n<li>Judo Nice M\u00e9tropole<\/li>\n<li>Juniville Marnaval Grand Est<\/li>\n<li>Montpellier Judo Olympic<\/li>\n<li>Normandie Judo<\/li>\n<li>OM Judo<\/li>\n<li>SGS Judo<\/li>\n<li>US Orleans Judo Loiret<\/li>\n<\/ul>","protected":false},"excerpt":{"rendered":"<p>Alors que la Judo Pro League #3 revient avec un nouveau format et quelques \u00e9volutions r\u00e9glementaires, le championnat de France par \u00e9quipe mixte d\u00e9butera avec dans ses rangs 3 nouvelles \u00e9quipes. Le petit nouveau de cette ann\u00e9e se nomme Juniville Marnaval Grand Est. Les sangliers porteront les espoirs de toute la r\u00e9gion Grand Est qui [&hellip;]<\/p>\n","protected":false},"author":4,"featured_media":3380,"comment_status":"closed","ping_status":"open","sticky":false,"template":"","format":"standard","meta":{"footnotes":""},"categories":[1],"tags":[],"class_list":["post-3373","post","type-post","status-publish","format-standard","has-post-thumbnail","hentry","category-non-classe"],"acf":[],"yoast_head":"<!-- This site is optimized with the Yoast SEO plugin v27.1.1 - https:\/\/yoast.com\/product\/yoast-seo-wordpress\/ -->\n<title>3 NOUVELLES \u00c9QUIPES REJOIGNENT LA JUDO PRO LEAGUE - Judo Pro League<\/title>\n<meta name=\"robots\" content=\"index, follow, max-snippet:-1, max-image-preview:large, max-video-preview:-1\" \/>\n<link rel=\"canonical\" href=\"https:\/\/judoproleague.com\/en\/3-new-teams-join-the-judo-pro-league\/\" \/>\n<meta property=\"og:locale\" content=\"en_US\" \/>\n<meta property=\"og:type\" content=\"article\" \/>\n<meta property=\"og:title\" content=\"3 NOUVELLES \u00c9QUIPES REJOIGNENT LA JUDO PRO LEAGUE - Judo Pro League\" \/>\n<meta property=\"og:description\" content=\"Alors que la Judo Pro League #3 revient avec un nouveau format et quelques \u00e9volutions r\u00e9glementaires, le championnat de France par \u00e9quipe mixte d\u00e9butera avec dans ses rangs 3 nouvelles \u00e9quipes. Le petit nouveau de cette ann\u00e9e se nomme Juniville Marnaval Grand Est. Les sangliers porteront les espoirs de toute la r\u00e9gion Grand Est qui [&hellip;]\" \/>\n<meta property=\"og:url\" content=\"https:\/\/judoproleague.com\/en\/3-new-teams-join-the-judo-pro-league\/\" \/>\n<meta property=\"og:site_name\" content=\"Judo Pro League\" \/>\n<meta property=\"article:published_time\" content=\"2024-09-22T22:07:27+00:00\" \/>\n<meta property=\"og:image\" content=\"https:\/\/judoproleague.com\/wp-content\/uploads\/2024\/09\/Final-HD-_TA90843-scaled.jpg\" \/>\n\t<meta property=\"og:image:width\" content=\"2560\" \/>\n\t<meta property=\"og:image:height\" content=\"1707\" \/>\n\t<meta property=\"og:image:type\" content=\"image\/jpeg\" \/>\n<meta name=\"author\" content=\"Alan GAUDEFROY\" \/>\n<meta name=\"twitter:card\" content=\"summary_large_image\" \/>\n<meta name=\"twitter:label1\" content=\"Written by\" \/>\n\t<meta name=\"twitter:data1\" content=\"Alan GAUDEFROY\" \/>\n\t<meta name=\"twitter:label2\" content=\"Est. reading time\" \/>\n\t<meta name=\"twitter:data2\" content=\"2 minutes\" \/>\n<script type=\"application\/ld+json\" class=\"yoast-schema-graph\">{\"@context\":\"https:\/\/schema.org\",\"@graph\":[{\"@type\":\"Article\",\"@id\":\"https:\/\/judoproleague.com\/3-nouvelles-equipes-rejoignent-la-judo-pro-league\/#article\",\"isPartOf\":{\"@id\":\"https:\/\/judoproleague.com\/3-nouvelles-equipes-rejoignent-la-judo-pro-league\/\"},\"author\":{\"name\":\"Alan GAUDEFROY\",\"@id\":\"https:\/\/judoproleague.com\/#\/schema\/person\/1cc0d3c1265a4f6956c0bf9ad6389b37\"},\"headline\":\"3 NOUVELLES \u00c9QUIPES REJOIGNENT LA JUDO PRO LEAGUE\",\"datePublished\":\"2024-09-22T22:07:27+00:00\",\"mainEntityOfPage\":{\"@id\":\"https:\/\/judoproleague.com\/3-nouvelles-equipes-rejoignent-la-judo-pro-league\/\"},\"wordCount\":190,\"publisher\":{\"@id\":\"https:\/\/judoproleague.com\/#organization\"},\"image\":{\"@id\":\"https:\/\/judoproleague.com\/3-nouvelles-equipes-rejoignent-la-judo-pro-league\/#primaryimage\"},\"thumbnailUrl\":\"https:\/\/judoproleague.com\/wp-content\/uploads\/2024\/09\/Final-HD-_TA90843-scaled.jpg\",\"articleSection\":[\"Non class\u00e9\"],\"inLanguage\":\"en-US\"},{\"@type\":\"WebPage\",\"@id\":\"https:\/\/judoproleague.com\/3-nouvelles-equipes-rejoignent-la-judo-pro-league\/\",\"url\":\"https:\/\/judoproleague.com\/3-nouvelles-equipes-rejoignent-la-judo-pro-league\/\",\"name\":\"3 NOUVELLES \u00c9QUIPES REJOIGNENT LA JUDO PRO LEAGUE - Judo Pro League\",\"isPartOf\":{\"@id\":\"https:\/\/judoproleague.com\/#website\"},\"primaryImageOfPage\":{\"@id\":\"https:\/\/judoproleague.com\/3-nouvelles-equipes-rejoignent-la-judo-pro-league\/#primaryimage\"},\"image\":{\"@id\":\"https:\/\/judoproleague.com\/3-nouvelles-equipes-rejoignent-la-judo-pro-league\/#primaryimage\"},\"thumbnailUrl\":\"https:\/\/judoproleague.com\/wp-content\/uploads\/2024\/09\/Final-HD-_TA90843-scaled.jpg\",\"datePublished\":\"2024-09-22T22:07:27+00:00\",\"inLanguage\":\"en-US\",\"potentialAction\":[{\"@type\":\"ReadAction\",\"target\":[\"https:\/\/judoproleague.com\/3-nouvelles-equipes-rejoignent-la-judo-pro-league\/\"]}]},{\"@type\":\"ImageObject\",\"inLanguage\":\"en-US\",\"@id\":\"https:\/\/judoproleague.com\/3-nouvelles-equipes-rejoignent-la-judo-pro-league\/#primaryimage\",\"url\":\"https:\/\/judoproleague.com\/wp-content\/uploads\/2024\/09\/Final-HD-_TA90843-scaled.jpg\",\"contentUrl\":\"https:\/\/judoproleague.com\/wp-content\/uploads\/2024\/09\/Final-HD-_TA90843-scaled.jpg\",\"width\":2560,\"height\":1707,\"caption\":\"Pro League Final\"},{\"@type\":\"WebSite\",\"@id\":\"https:\/\/judoproleague.com\/#website\",\"url\":\"https:\/\/judoproleague.com\/\",\"name\":\"Judo Pro League\",\"description\":\"\",\"publisher\":{\"@id\":\"https:\/\/judoproleague.com\/#organization\"},\"potentialAction\":[{\"@type\":\"SearchAction\",\"target\":{\"@type\":\"EntryPoint\",\"urlTemplate\":\"https:\/\/judoproleague.com\/?s={search_term_string}\"},\"query-input\":{\"@type\":\"PropertyValueSpecification\",\"valueRequired\":true,\"valueName\":\"search_term_string\"}}],\"inLanguage\":\"en-US\"},{\"@type\":\"Organization\",\"@id\":\"https:\/\/judoproleague.com\/#organization\",\"name\":\"Judo Pro League\",\"url\":\"https:\/\/judoproleague.com\/\",\"logo\":{\"@type\":\"ImageObject\",\"inLanguage\":\"en-US\",\"@id\":\"https:\/\/judoproleague.com\/#\/schema\/logo\/image\/\",\"url\":\"https:\/\/judoproleague.com\/wp-content\/uploads\/2024\/10\/JPL-LOGO-light-1.svg\",\"contentUrl\":\"https:\/\/judoproleague.com\/wp-content\/uploads\/2024\/10\/JPL-LOGO-light-1.svg\",\"width\":198,\"height\":83,\"caption\":\"Judo Pro League\"},\"image\":{\"@id\":\"https:\/\/judoproleague.com\/#\/schema\/logo\/image\/\"}},{\"@type\":\"Person\",\"@id\":\"https:\/\/judoproleague.com\/#\/schema\/person\/1cc0d3c1265a4f6956c0bf9ad6389b37\",\"name\":\"Alan GAUDEFROY\",\"image\":{\"@type\":\"ImageObject\",\"inLanguage\":\"en-US\",\"@id\":\"https:\/\/judoproleague.com\/#\/schema\/person\/image\/\",\"url\":\"https:\/\/secure.gravatar.com\/avatar\/f7ed2dc65f91e5fc8e3a880a460ca52653ffa31251b597d2880f1aaf5b39fdc4?s=96&d=mm&r=g\",\"contentUrl\":\"https:\/\/secure.gravatar.com\/avatar\/f7ed2dc65f91e5fc8e3a880a460ca52653ffa31251b597d2880f1aaf5b39fdc4?s=96&d=mm&r=g\",\"caption\":\"Alan GAUDEFROY\"},\"url\":\"https:\/\/judoproleague.com\/en\/author\/alanjpl\/\"}]}<\/script>\n<!-- \/ Yoast SEO plugin. -->","yoast_head_json":{"title":"3 NEW TEAMS JOIN THE JUDO PRO LEAGUE - Judo Pro League","robots":{"index":"index","follow":"follow","max-snippet":"max-snippet:-1","max-image-preview":"max-image-preview:large","max-video-preview":"max-video-preview:-1"},"canonical":"https:\/\/judoproleague.com\/en\/3-new-teams-join-the-judo-pro-league\/","og_locale":"en_US","og_type":"article","og_title":"3 NOUVELLES \u00c9QUIPES REJOIGNENT LA JUDO PRO LEAGUE - Judo Pro League","og_description":"Alors que la Judo Pro League #3 revient avec un nouveau format et quelques \u00e9volutions r\u00e9glementaires, le championnat de France par \u00e9quipe mixte d\u00e9butera avec dans ses rangs 3 nouvelles \u00e9quipes. Le petit nouveau de cette ann\u00e9e se nomme Juniville Marnaval Grand Est. Les sangliers porteront les espoirs de toute la r\u00e9gion Grand Est qui [&hellip;]","og_url":"https:\/\/judoproleague.com\/en\/3-new-teams-join-the-judo-pro-league\/","og_site_name":"Judo Pro League","article_published_time":"2024-09-22T22:07:27+00:00","og_image":[{"width":2560,"height":1707,"url":"https:\/\/judoproleague.com\/wp-content\/uploads\/2024\/09\/Final-HD-_TA90843-scaled.jpg","type":"image\/jpeg"}],"author":"Alan GAUDEFROY","twitter_card":"summary_large_image","twitter_misc":{"Written by":"Alan GAUDEFROY","Est. reading time":"2 minutes"},"schema":{"@context":"https:\/\/schema.org","@graph":[{"@type":"Article","@id":"https:\/\/judoproleague.com\/3-nouvelles-equipes-rejoignent-la-judo-pro-league\/#article","isPartOf":{"@id":"https:\/\/judoproleague.com\/3-nouvelles-equipes-rejoignent-la-judo-pro-league\/"},"author":{"name":"Alan GAUDEFROY","@id":"https:\/\/judoproleague.com\/#\/schema\/person\/1cc0d3c1265a4f6956c0bf9ad6389b37"},"headline":"3 NOUVELLES \u00c9QUIPES REJOIGNENT LA JUDO PRO LEAGUE","datePublished":"2024-09-22T22:07:27+00:00","mainEntityOfPage":{"@id":"https:\/\/judoproleague.com\/3-nouvelles-equipes-rejoignent-la-judo-pro-league\/"},"wordCount":190,"publisher":{"@id":"https:\/\/judoproleague.com\/#organization"},"image":{"@id":"https:\/\/judoproleague.com\/3-nouvelles-equipes-rejoignent-la-judo-pro-league\/#primaryimage"},"thumbnailUrl":"https:\/\/judoproleague.com\/wp-content\/uploads\/2024\/09\/Final-HD-_TA90843-scaled.jpg","articleSection":["Non class\u00e9"],"inLanguage":"en-US"},{"@type":"WebPage","@id":"https:\/\/judoproleague.com\/3-nouvelles-equipes-rejoignent-la-judo-pro-league\/","url":"https:\/\/judoproleague.com\/3-nouvelles-equipes-rejoignent-la-judo-pro-league\/","name":"3 NEW TEAMS JOIN THE JUDO PRO LEAGUE - Judo Pro League","isPartOf":{"@id":"https:\/\/judoproleague.com\/#website"},"primaryImageOfPage":{"@id":"https:\/\/judoproleague.com\/3-nouvelles-equipes-rejoignent-la-judo-pro-league\/#primaryimage"},"image":{"@id":"https:\/\/judoproleague.com\/3-nouvelles-equipes-rejoignent-la-judo-pro-league\/#primaryimage"},"thumbnailUrl":"https:\/\/judoproleague.com\/wp-content\/uploads\/2024\/09\/Final-HD-_TA90843-scaled.jpg","datePublished":"2024-09-22T22:07:27+00:00","inLanguage":"en-US","potentialAction":[{"@type":"ReadAction","target":["https:\/\/judoproleague.com\/3-nouvelles-equipes-rejoignent-la-judo-pro-league\/"]}]},{"@type":"ImageObject","inLanguage":"en-US","@id":"https:\/\/judoproleague.com\/3-nouvelles-equipes-rejoignent-la-judo-pro-league\/#primaryimage","url":"https:\/\/judoproleague.com\/wp-content\/uploads\/2024\/09\/Final-HD-_TA90843-scaled.jpg","contentUrl":"https:\/\/judoproleague.com\/wp-content\/uploads\/2024\/09\/Final-HD-_TA90843-scaled.jpg","width":2560,"height":1707,"caption":"Pro League Final"},{"@type":"WebSite","@id":"https:\/\/judoproleague.com\/#website","url":"https:\/\/judoproleague.com\/","name":"Judo Pro League","description":"","publisher":{"@id":"https:\/\/judoproleague.com\/#organization"},"potentialAction":[{"@type":"SearchAction","target":{"@type":"EntryPoint","urlTemplate":"https:\/\/judoproleague.com\/?s={search_term_string}"},"query-input":{"@type":"PropertyValueSpecification","valueRequired":true,"valueName":"search_term_string"}}],"inLanguage":"en-US"},{"@type":"Organization","@id":"https:\/\/judoproleague.com\/#organization","name":"Judo Pro League","url":"https:\/\/judoproleague.com\/","logo":{"@type":"ImageObject","inLanguage":"en-US","@id":"https:\/\/judoproleague.com\/#\/schema\/logo\/image\/","url":"https:\/\/judoproleague.com\/wp-content\/uploads\/2024\/10\/JPL-LOGO-light-1.svg","contentUrl":"https:\/\/judoproleague.com\/wp-content\/uploads\/2024\/10\/JPL-LOGO-light-1.svg","width":198,"height":83,"caption":"Judo Pro League"},"image":{"@id":"https:\/\/judoproleague.com\/#\/schema\/logo\/image\/"}},{"@type":"Person","@id":"https:\/\/judoproleague.com\/#\/schema\/person\/1cc0d3c1265a4f6956c0bf9ad6389b37","name":"Alan GAUDEFROY","image":{"@type":"ImageObject","inLanguage":"en-US","@id":"https:\/\/judoproleague.com\/#\/schema\/person\/image\/","url":"https:\/\/secure.gravatar.com\/avatar\/f7ed2dc65f91e5fc8e3a880a460ca52653ffa31251b597d2880f1aaf5b39fdc4?s=96&d=mm&r=g","contentUrl":"https:\/\/secure.gravatar.com\/avatar\/f7ed2dc65f91e5fc8e3a880a460ca52653ffa31251b597d2880f1aaf5b39fdc4?s=96&d=mm&r=g","caption":"Alan GAUDEFROY"},"url":"https:\/\/judoproleague.com\/en\/author\/alanjpl\/"}]}},"_links":{"self":[{"href":"https:\/\/judoproleague.com\/en\/wp-json\/wp\/v2\/posts\/3373","targetHints":{"allow":["GET"]}}],"collection":[{"href":"https:\/\/judoproleague.com\/en\/wp-json\/wp\/v2\/posts"}],"about":[{"href":"https:\/\/judoproleague.com\/en\/wp-json\/wp\/v2\/types\/post"}],"author":[{"embeddable":true,"href":"https:\/\/judoproleague.com\/en\/wp-json\/wp\/v2\/users\/4"}],"replies":[{"embeddable":true,"href":"https:\/\/judoproleague.com\/en\/wp-json\/wp\/v2\/comments?post=3373"}],"version-history":[{"count":0,"href":"https:\/\/judoproleague.com\/en\/wp-json\/wp\/v2\/posts\/3373\/revisions"}],"wp:featuredmedia":[{"embeddable":true,"href":"https:\/\/judoproleague.com\/en\/wp-json\/wp\/v2\/media\/3380"}],"wp:attachment":[{"href":"https:\/\/judoproleague.com\/en\/wp-json\/wp\/v2\/media?parent=3373"}],"wp:term":[{"taxonomy":"category","embeddable":true,"href":"https:\/\/judoproleague.com\/en\/wp-json\/wp\/v2\/categories?post=3373"},{"taxonomy":"post_tag","embeddable":true,"href":"https:\/\/judoproleague.com\/en\/wp-json\/wp\/v2\/tags?post=3373"}],"curies":[{"name":"wp","href":"https:\/\/api.w.org\/{rel}","templated":true}]}}