{"id":3174,"date":"2023-10-17T12:08:23","date_gmt":"2023-10-17T10:08:23","guid":{"rendered":"https:\/\/judoproleague.com\/?p=3174"},"modified":"2023-10-17T12:08:23","modified_gmt":"2023-10-17T10:08:23","slug":"the-meetings-of-this-sixth-day","status":"publish","type":"post","link":"https:\/\/judoproleague.com\/en\/les-rencontres-de-cette-sixieme-journee\/","title":{"rendered":"MATCHDAY 6 FIXTURES"},"content":{"rendered":"<p>The group phase of the 2nd edition of the Judo Pro League is drawing to a close, with some eagerly-awaited encounters and decisive stakes. This Tuesday, six teams will face off in the final day of the group phase.<\/p>\n<p>In Pool A, US Orl\u00e9ans Judo Loiret travels to the Paris region to take on SGS Judo. Although the match has no impact on the standings, with Orl\u00e9ans already eliminated and SGS Judo assured of first place, both opponents will be keen to end the group phase on a high note.<\/p>\n<p>The Dojo Nantais will host the Dojo B\u00e9glais in pool B. With both teams neck-and-neck, the stakes are high: second place, synonymous with qualification for the quarter-finals.<\/p>\n<p>Nice Judo M\u00e9tropole and ES Blanc Mesnil, both of whom have qualified for the quarter-finals, will be waging an intense battle for top spot in Pool C. Beaten in the first leg, the team from the Paris region will be keen to respond and finish top of the group.<\/p>\n<p>The final round of group matches sees Judo des Hauts-de-France host Normandie Judo in Verquin, while OM Judo look to secure their ticket to the next stage of the competition in Auxerre.<\/p>","protected":false},"excerpt":{"rendered":"<p>La phase de groupes de la 2\u00e8me \u00e9dition de la Judo Pro League arrive \u00e0 son terme, avec au programme des rencontres attendues et des enjeux d\u00e9cisifs. Ce mardi, six \u00e9quipes s&rsquo;affronteront pour cette derni\u00e8re journ\u00e9e de phase de poules. Dans la poule A, l&rsquo;US Orl\u00e9ans Judo Loiret se rendra en r\u00e9gion parisienne pour affronter [&hellip;]<\/p>\n","protected":false},"author":4,"featured_media":3175,"comment_status":"closed","ping_status":"open","sticky":false,"template":"","format":"standard","meta":{"footnotes":""},"categories":[1],"tags":[],"class_list":["post-3174","post","type-post","status-publish","format-standard","has-post-thumbnail","hentry","category-non-classe"],"acf":[],"yoast_head":"<!-- This site is optimized with the Yoast SEO plugin v27.1.1 - https:\/\/yoast.com\/product\/yoast-seo-wordpress\/ -->\n<title>LES RENCONTRES DE CETTE 6\u00c8ME JOURN\u00c9E - Judo Pro League<\/title>\n<meta name=\"robots\" content=\"index, follow, max-snippet:-1, max-image-preview:large, max-video-preview:-1\" \/>\n<link rel=\"canonical\" href=\"https:\/\/judoproleague.com\/en\/the-meetings-of-this-sixth-day\/\" \/>\n<meta property=\"og:locale\" content=\"en_US\" \/>\n<meta property=\"og:type\" content=\"article\" \/>\n<meta property=\"og:title\" content=\"LES RENCONTRES DE CETTE 6\u00c8ME JOURN\u00c9E - Judo Pro League\" \/>\n<meta property=\"og:description\" content=\"La phase de groupes de la 2\u00e8me \u00e9dition de la Judo Pro League arrive \u00e0 son terme, avec au programme des rencontres attendues et des enjeux d\u00e9cisifs. Ce mardi, six \u00e9quipes s&rsquo;affronteront pour cette derni\u00e8re journ\u00e9e de phase de poules. Dans la poule A, l&rsquo;US Orl\u00e9ans Judo Loiret se rendra en r\u00e9gion parisienne pour affronter [&hellip;]\" \/>\n<meta property=\"og:url\" content=\"https:\/\/judoproleague.com\/en\/the-meetings-of-this-sixth-day\/\" \/>\n<meta property=\"og:site_name\" content=\"Judo Pro League\" \/>\n<meta property=\"article:published_time\" content=\"2023-10-17T10:08:23+00:00\" \/>\n<meta property=\"og:image\" content=\"https:\/\/judoproleague.com\/wp-content\/uploads\/2023\/10\/HD-AM-Asnieres-Judo-ProLeague-031-TAL04833-1.webp\" \/>\n\t<meta property=\"og:image:width\" content=\"1620\" \/>\n\t<meta property=\"og:image:height\" content=\"1080\" \/>\n\t<meta property=\"og:image:type\" content=\"image\/webp\" \/>\n<meta name=\"author\" content=\"Alan GAUDEFROY\" \/>\n<meta name=\"twitter:card\" content=\"summary_large_image\" \/>\n<meta name=\"twitter:label1\" content=\"Written by\" \/>\n\t<meta name=\"twitter:data1\" content=\"Alan GAUDEFROY\" \/>\n\t<meta name=\"twitter:label2\" content=\"Est. reading time\" \/>\n\t<meta name=\"twitter:data2\" content=\"2 minutes\" \/>\n<script type=\"application\/ld+json\" class=\"yoast-schema-graph\">{\"@context\":\"https:\/\/schema.org\",\"@graph\":[{\"@type\":\"Article\",\"@id\":\"https:\/\/judoproleague.com\/les-rencontres-de-cette-sixieme-journee\/#article\",\"isPartOf\":{\"@id\":\"https:\/\/judoproleague.com\/les-rencontres-de-cette-sixieme-journee\/\"},\"author\":{\"name\":\"Alan GAUDEFROY\",\"@id\":\"https:\/\/judoproleague.com\/#\/schema\/person\/1cc0d3c1265a4f6956c0bf9ad6389b37\"},\"headline\":\"LES RENCONTRES DE CETTE 6\u00c8ME JOURN\u00c9E\",\"datePublished\":\"2023-10-17T10:08:23+00:00\",\"mainEntityOfPage\":{\"@id\":\"https:\/\/judoproleague.com\/les-rencontres-de-cette-sixieme-journee\/\"},\"wordCount\":244,\"publisher\":{\"@id\":\"https:\/\/judoproleague.com\/#organization\"},\"image\":{\"@id\":\"https:\/\/judoproleague.com\/les-rencontres-de-cette-sixieme-journee\/#primaryimage\"},\"thumbnailUrl\":\"https:\/\/judoproleague.com\/wp-content\/uploads\/2023\/10\/HD-AM-Asnieres-Judo-ProLeague-031-TAL04833-1.webp\",\"articleSection\":[\"Non class\u00e9\"],\"inLanguage\":\"en-US\"},{\"@type\":\"WebPage\",\"@id\":\"https:\/\/judoproleague.com\/les-rencontres-de-cette-sixieme-journee\/\",\"url\":\"https:\/\/judoproleague.com\/les-rencontres-de-cette-sixieme-journee\/\",\"name\":\"LES RENCONTRES DE CETTE 6\u00c8ME JOURN\u00c9E - Judo Pro League\",\"isPartOf\":{\"@id\":\"https:\/\/judoproleague.com\/#website\"},\"primaryImageOfPage\":{\"@id\":\"https:\/\/judoproleague.com\/les-rencontres-de-cette-sixieme-journee\/#primaryimage\"},\"image\":{\"@id\":\"https:\/\/judoproleague.com\/les-rencontres-de-cette-sixieme-journee\/#primaryimage\"},\"thumbnailUrl\":\"https:\/\/judoproleague.com\/wp-content\/uploads\/2023\/10\/HD-AM-Asnieres-Judo-ProLeague-031-TAL04833-1.webp\",\"datePublished\":\"2023-10-17T10:08:23+00:00\",\"inLanguage\":\"en-US\",\"potentialAction\":[{\"@type\":\"ReadAction\",\"target\":[\"https:\/\/judoproleague.com\/les-rencontres-de-cette-sixieme-journee\/\"]}]},{\"@type\":\"ImageObject\",\"inLanguage\":\"en-US\",\"@id\":\"https:\/\/judoproleague.com\/les-rencontres-de-cette-sixieme-journee\/#primaryimage\",\"url\":\"https:\/\/judoproleague.com\/wp-content\/uploads\/2023\/10\/HD-AM-Asnieres-Judo-ProLeague-031-TAL04833-1.webp\",\"contentUrl\":\"https:\/\/judoproleague.com\/wp-content\/uploads\/2023\/10\/HD-AM-Asnieres-Judo-ProLeague-031-TAL04833-1.webp\",\"width\":1620,\"height\":1080},{\"@type\":\"WebSite\",\"@id\":\"https:\/\/judoproleague.com\/#website\",\"url\":\"https:\/\/judoproleague.com\/\",\"name\":\"Judo Pro League\",\"description\":\"\",\"publisher\":{\"@id\":\"https:\/\/judoproleague.com\/#organization\"},\"potentialAction\":[{\"@type\":\"SearchAction\",\"target\":{\"@type\":\"EntryPoint\",\"urlTemplate\":\"https:\/\/judoproleague.com\/?s={search_term_string}\"},\"query-input\":{\"@type\":\"PropertyValueSpecification\",\"valueRequired\":true,\"valueName\":\"search_term_string\"}}],\"inLanguage\":\"en-US\"},{\"@type\":\"Organization\",\"@id\":\"https:\/\/judoproleague.com\/#organization\",\"name\":\"Judo Pro League\",\"url\":\"https:\/\/judoproleague.com\/\",\"logo\":{\"@type\":\"ImageObject\",\"inLanguage\":\"en-US\",\"@id\":\"https:\/\/judoproleague.com\/#\/schema\/logo\/image\/\",\"url\":\"https:\/\/judoproleague.com\/wp-content\/uploads\/2024\/10\/JPL-LOGO-light-1.svg\",\"contentUrl\":\"https:\/\/judoproleague.com\/wp-content\/uploads\/2024\/10\/JPL-LOGO-light-1.svg\",\"width\":198,\"height\":83,\"caption\":\"Judo Pro League\"},\"image\":{\"@id\":\"https:\/\/judoproleague.com\/#\/schema\/logo\/image\/\"}},{\"@type\":\"Person\",\"@id\":\"https:\/\/judoproleague.com\/#\/schema\/person\/1cc0d3c1265a4f6956c0bf9ad6389b37\",\"name\":\"Alan GAUDEFROY\",\"image\":{\"@type\":\"ImageObject\",\"inLanguage\":\"en-US\",\"@id\":\"https:\/\/judoproleague.com\/#\/schema\/person\/image\/\",\"url\":\"https:\/\/secure.gravatar.com\/avatar\/f7ed2dc65f91e5fc8e3a880a460ca52653ffa31251b597d2880f1aaf5b39fdc4?s=96&d=mm&r=g\",\"contentUrl\":\"https:\/\/secure.gravatar.com\/avatar\/f7ed2dc65f91e5fc8e3a880a460ca52653ffa31251b597d2880f1aaf5b39fdc4?s=96&d=mm&r=g\",\"caption\":\"Alan GAUDEFROY\"},\"url\":\"https:\/\/judoproleague.com\/en\/author\/alanjpl\/\"}]}<\/script>\n<!-- \/ Yoast SEO plugin. -->","yoast_head_json":{"title":"DAY 6 MEETINGS - Judo Pro League","robots":{"index":"index","follow":"follow","max-snippet":"max-snippet:-1","max-image-preview":"max-image-preview:large","max-video-preview":"max-video-preview:-1"},"canonical":"https:\/\/judoproleague.com\/en\/the-meetings-of-this-sixth-day\/","og_locale":"en_US","og_type":"article","og_title":"LES RENCONTRES DE CETTE 6\u00c8ME JOURN\u00c9E - Judo Pro League","og_description":"La phase de groupes de la 2\u00e8me \u00e9dition de la Judo Pro League arrive \u00e0 son terme, avec au programme des rencontres attendues et des enjeux d\u00e9cisifs. Ce mardi, six \u00e9quipes s&rsquo;affronteront pour cette derni\u00e8re journ\u00e9e de phase de poules. Dans la poule A, l&rsquo;US Orl\u00e9ans Judo Loiret se rendra en r\u00e9gion parisienne pour affronter [&hellip;]","og_url":"https:\/\/judoproleague.com\/en\/the-meetings-of-this-sixth-day\/","og_site_name":"Judo Pro League","article_published_time":"2023-10-17T10:08:23+00:00","og_image":[{"width":1620,"height":1080,"url":"https:\/\/judoproleague.com\/wp-content\/uploads\/2023\/10\/HD-AM-Asnieres-Judo-ProLeague-031-TAL04833-1.webp","type":"image\/webp"}],"author":"Alan GAUDEFROY","twitter_card":"summary_large_image","twitter_misc":{"Written by":"Alan GAUDEFROY","Est. reading time":"2 minutes"},"schema":{"@context":"https:\/\/schema.org","@graph":[{"@type":"Article","@id":"https:\/\/judoproleague.com\/les-rencontres-de-cette-sixieme-journee\/#article","isPartOf":{"@id":"https:\/\/judoproleague.com\/les-rencontres-de-cette-sixieme-journee\/"},"author":{"name":"Alan GAUDEFROY","@id":"https:\/\/judoproleague.com\/#\/schema\/person\/1cc0d3c1265a4f6956c0bf9ad6389b37"},"headline":"LES RENCONTRES DE CETTE 6\u00c8ME JOURN\u00c9E","datePublished":"2023-10-17T10:08:23+00:00","mainEntityOfPage":{"@id":"https:\/\/judoproleague.com\/les-rencontres-de-cette-sixieme-journee\/"},"wordCount":244,"publisher":{"@id":"https:\/\/judoproleague.com\/#organization"},"image":{"@id":"https:\/\/judoproleague.com\/les-rencontres-de-cette-sixieme-journee\/#primaryimage"},"thumbnailUrl":"https:\/\/judoproleague.com\/wp-content\/uploads\/2023\/10\/HD-AM-Asnieres-Judo-ProLeague-031-TAL04833-1.webp","articleSection":["Non class\u00e9"],"inLanguage":"en-US"},{"@type":"WebPage","@id":"https:\/\/judoproleague.com\/les-rencontres-de-cette-sixieme-journee\/","url":"https:\/\/judoproleague.com\/les-rencontres-de-cette-sixieme-journee\/","name":"DAY 6 MEETINGS - Judo Pro League","isPartOf":{"@id":"https:\/\/judoproleague.com\/#website"},"primaryImageOfPage":{"@id":"https:\/\/judoproleague.com\/les-rencontres-de-cette-sixieme-journee\/#primaryimage"},"image":{"@id":"https:\/\/judoproleague.com\/les-rencontres-de-cette-sixieme-journee\/#primaryimage"},"thumbnailUrl":"https:\/\/judoproleague.com\/wp-content\/uploads\/2023\/10\/HD-AM-Asnieres-Judo-ProLeague-031-TAL04833-1.webp","datePublished":"2023-10-17T10:08:23+00:00","inLanguage":"en-US","potentialAction":[{"@type":"ReadAction","target":["https:\/\/judoproleague.com\/les-rencontres-de-cette-sixieme-journee\/"]}]},{"@type":"ImageObject","inLanguage":"en-US","@id":"https:\/\/judoproleague.com\/les-rencontres-de-cette-sixieme-journee\/#primaryimage","url":"https:\/\/judoproleague.com\/wp-content\/uploads\/2023\/10\/HD-AM-Asnieres-Judo-ProLeague-031-TAL04833-1.webp","contentUrl":"https:\/\/judoproleague.com\/wp-content\/uploads\/2023\/10\/HD-AM-Asnieres-Judo-ProLeague-031-TAL04833-1.webp","width":1620,"height":1080},{"@type":"WebSite","@id":"https:\/\/judoproleague.com\/#website","url":"https:\/\/judoproleague.com\/","name":"Judo Pro League","description":"","publisher":{"@id":"https:\/\/judoproleague.com\/#organization"},"potentialAction":[{"@type":"SearchAction","target":{"@type":"EntryPoint","urlTemplate":"https:\/\/judoproleague.com\/?s={search_term_string}"},"query-input":{"@type":"PropertyValueSpecification","valueRequired":true,"valueName":"search_term_string"}}],"inLanguage":"en-US"},{"@type":"Organization","@id":"https:\/\/judoproleague.com\/#organization","name":"Judo Pro League","url":"https:\/\/judoproleague.com\/","logo":{"@type":"ImageObject","inLanguage":"en-US","@id":"https:\/\/judoproleague.com\/#\/schema\/logo\/image\/","url":"https:\/\/judoproleague.com\/wp-content\/uploads\/2024\/10\/JPL-LOGO-light-1.svg","contentUrl":"https:\/\/judoproleague.com\/wp-content\/uploads\/2024\/10\/JPL-LOGO-light-1.svg","width":198,"height":83,"caption":"Judo Pro League"},"image":{"@id":"https:\/\/judoproleague.com\/#\/schema\/logo\/image\/"}},{"@type":"Person","@id":"https:\/\/judoproleague.com\/#\/schema\/person\/1cc0d3c1265a4f6956c0bf9ad6389b37","name":"Alan GAUDEFROY","image":{"@type":"ImageObject","inLanguage":"en-US","@id":"https:\/\/judoproleague.com\/#\/schema\/person\/image\/","url":"https:\/\/secure.gravatar.com\/avatar\/f7ed2dc65f91e5fc8e3a880a460ca52653ffa31251b597d2880f1aaf5b39fdc4?s=96&d=mm&r=g","contentUrl":"https:\/\/secure.gravatar.com\/avatar\/f7ed2dc65f91e5fc8e3a880a460ca52653ffa31251b597d2880f1aaf5b39fdc4?s=96&d=mm&r=g","caption":"Alan GAUDEFROY"},"url":"https:\/\/judoproleague.com\/en\/author\/alanjpl\/"}]}},"_links":{"self":[{"href":"https:\/\/judoproleague.com\/en\/wp-json\/wp\/v2\/posts\/3174","targetHints":{"allow":["GET"]}}],"collection":[{"href":"https:\/\/judoproleague.com\/en\/wp-json\/wp\/v2\/posts"}],"about":[{"href":"https:\/\/judoproleague.com\/en\/wp-json\/wp\/v2\/types\/post"}],"author":[{"embeddable":true,"href":"https:\/\/judoproleague.com\/en\/wp-json\/wp\/v2\/users\/4"}],"replies":[{"embeddable":true,"href":"https:\/\/judoproleague.com\/en\/wp-json\/wp\/v2\/comments?post=3174"}],"version-history":[{"count":0,"href":"https:\/\/judoproleague.com\/en\/wp-json\/wp\/v2\/posts\/3174\/revisions"}],"wp:featuredmedia":[{"embeddable":true,"href":"https:\/\/judoproleague.com\/en\/wp-json\/wp\/v2\/media\/3175"}],"wp:attachment":[{"href":"https:\/\/judoproleague.com\/en\/wp-json\/wp\/v2\/media?parent=3174"}],"wp:term":[{"taxonomy":"category","embeddable":true,"href":"https:\/\/judoproleague.com\/en\/wp-json\/wp\/v2\/categories?post=3174"},{"taxonomy":"post_tag","embeddable":true,"href":"https:\/\/judoproleague.com\/en\/wp-json\/wp\/v2\/tags?post=3174"}],"curies":[{"name":"wp","href":"https:\/\/api.w.org\/{rel}","templated":true}]}}