{"id":2909,"date":"2023-09-29T22:38:17","date_gmt":"2023-09-29T20:38:17","guid":{"rendered":"https:\/\/judoproleague.com\/?p=2909"},"modified":"2023-09-29T22:38:17","modified_gmt":"2023-09-29T20:38:17","slug":"auxerre-judo-strengthens-its-territorial-anchorage-with-cpme-89","status":"publish","type":"post","link":"https:\/\/judoproleague.com\/en\/auxerre-judo-renforce-son-ancrage-territorial-avec-la-cpme-89\/","title":{"rendered":"AUXERRE JUDO STRENGTHENS ITS LOCAL ROOTS WITH CPME 89"},"content":{"rendered":"<p style=\"font-weight: 400;\"><strong>On Thursday September 14 in Auxerre (Yonne), Auxerre Judo presented the stakes involved in its participation in the Judo Pro League to members of the CPME 89. <\/strong><\/p>\n<p style=\"font-weight: 400;\">At the event, St\u00e9phane Nomis, President of France Judo, and Nassar El Assri, President of Auxerre Judo, discussed the ambitions of the club, which has joined the Judo Pro League for the second season.<\/p>\n<p style=\"font-weight: 400;\">After an introductory speech by Baptiste Clerin, President of the CPME 89, the members of the CPME and the F\u00e9d\u00e9ration Fran\u00e7aise du B\u00e2timent from the Ile-de-France were able to discover the territorial ambitions of the Judo Pro League.<\/p>\n<p style=\"font-weight: 400;\">By taking part in this innovative competition, Auxerre Judo hopes to attract champions and develop high-level judo in the region. Sensitive to this message, the business leaders present were able to share their vision of sponsorship and patronage at local level.<\/p>\n<p style=\"font-weight: 400;\">Finally, Hicham El Medhi, Deputy Sports Director for Auxerre, and J\u00e9r\u00f4me Delavault, Conseiller D\u00e9partemental de l'Yonne, also took the opportunity to discuss the vital role played by local authorities in the club's growth.<\/p>\n<p style=\"font-weight: 400;\"><strong>Personalities present: <\/strong><\/p>\n<p style=\"font-weight: 400;\">St\u00e9phane Nomis, President of France Judo<\/p>\n<p style=\"font-weight: 400;\">Nassar El Assri, President of Auxerre Judo<\/p>\n<p style=\"font-weight: 400;\">Hicham El Medhi, Deputy Sports Director, Auxerre town council<\/p>\n<p style=\"font-weight: 400;\">J\u00e9r\u00f4me Delavault, Yonne Departmental Councillor<\/p>\n<p style=\"font-weight: 400;\">Baptiste Clerin, President CPME 89<\/p>\n<p style=\"font-weight: 400;\">Cyril Chareti\u00e9, Managing Director, Groupe Icaunaise<\/p>","protected":false},"excerpt":{"rendered":"<p>Le jeudi 14 septembre \u00e0 Auxerre (Yonne), Auxerre Judo a pr\u00e9sent\u00e9 les enjeux de sa participation \u00e0 la Judo Pro League aux membres de la CPME 89. Lors de cet \u00e9v\u00e9nement St\u00e9phane Nomis, Pr\u00e9sident de France Judo, et Nassar El Assri, Pr\u00e9sident d\u2019Auxerre Judo, sont revenus sur les ambitions du club ayant rejoint la Judo [&hellip;]<\/p>\n","protected":false},"author":4,"featured_media":3907,"comment_status":"closed","ping_status":"open","sticky":false,"template":"","format":"standard","meta":{"footnotes":""},"categories":[1],"tags":[],"class_list":["post-2909","post","type-post","status-publish","format-standard","has-post-thumbnail","hentry","category-non-classe"],"acf":[],"yoast_head":"<!-- This site is optimized with the Yoast SEO plugin v27.1.1 - https:\/\/yoast.com\/product\/yoast-seo-wordpress\/ -->\n<title>AUXERRE JUDO RENFORCE SON ANCRAGE TERRITORIAL AVEC LA CPME 89 - Judo Pro League<\/title>\n<meta name=\"robots\" content=\"index, follow, max-snippet:-1, max-image-preview:large, max-video-preview:-1\" \/>\n<link rel=\"canonical\" href=\"https:\/\/judoproleague.com\/en\/auxerre-judo-strengthens-its-territorial-anchorage-with-cpme-89\/\" \/>\n<meta property=\"og:locale\" content=\"en_US\" \/>\n<meta property=\"og:type\" content=\"article\" \/>\n<meta property=\"og:title\" content=\"AUXERRE JUDO RENFORCE SON ANCRAGE TERRITORIAL AVEC LA CPME 89 - Judo Pro League\" \/>\n<meta property=\"og:description\" content=\"Le jeudi 14 septembre \u00e0 Auxerre (Yonne), Auxerre Judo a pr\u00e9sent\u00e9 les enjeux de sa participation \u00e0 la Judo Pro League aux membres de la CPME 89. Lors de cet \u00e9v\u00e9nement St\u00e9phane Nomis, Pr\u00e9sident de France Judo, et Nassar El Assri, Pr\u00e9sident d\u2019Auxerre Judo, sont revenus sur les ambitions du club ayant rejoint la Judo [&hellip;]\" \/>\n<meta property=\"og:url\" content=\"https:\/\/judoproleague.com\/en\/auxerre-judo-strengthens-its-territorial-anchorage-with-cpme-89\/\" \/>\n<meta property=\"og:site_name\" content=\"Judo Pro League\" \/>\n<meta property=\"article:published_time\" content=\"2023-09-29T20:38:17+00:00\" \/>\n<meta property=\"og:image\" content=\"https:\/\/judoproleague.com\/wp-content\/uploads\/2023\/09\/Sans-titre.webp\" \/>\n\t<meta property=\"og:image:width\" content=\"1114\" \/>\n\t<meta property=\"og:image:height\" content=\"1080\" \/>\n\t<meta property=\"og:image:type\" content=\"image\/webp\" \/>\n<meta name=\"author\" content=\"Alan GAUDEFROY\" \/>\n<meta name=\"twitter:card\" content=\"summary_large_image\" \/>\n<meta name=\"twitter:label1\" content=\"Written by\" \/>\n\t<meta name=\"twitter:data1\" content=\"Alan GAUDEFROY\" \/>\n\t<meta name=\"twitter:label2\" content=\"Est. reading time\" \/>\n\t<meta name=\"twitter:data2\" content=\"2 minutes\" \/>\n<script type=\"application\/ld+json\" class=\"yoast-schema-graph\">{\"@context\":\"https:\/\/schema.org\",\"@graph\":[{\"@type\":\"Article\",\"@id\":\"https:\/\/judoproleague.com\/auxerre-judo-renforce-son-ancrage-territorial-avec-la-cpme-89\/#article\",\"isPartOf\":{\"@id\":\"https:\/\/judoproleague.com\/auxerre-judo-renforce-son-ancrage-territorial-avec-la-cpme-89\/\"},\"author\":{\"name\":\"Alan GAUDEFROY\",\"@id\":\"https:\/\/judoproleague.com\/#\/schema\/person\/1cc0d3c1265a4f6956c0bf9ad6389b37\"},\"headline\":\"AUXERRE JUDO RENFORCE SON ANCRAGE TERRITORIAL AVEC LA CPME 89\",\"datePublished\":\"2023-09-29T20:38:17+00:00\",\"mainEntityOfPage\":{\"@id\":\"https:\/\/judoproleague.com\/auxerre-judo-renforce-son-ancrage-territorial-avec-la-cpme-89\/\"},\"wordCount\":265,\"publisher\":{\"@id\":\"https:\/\/judoproleague.com\/#organization\"},\"image\":{\"@id\":\"https:\/\/judoproleague.com\/auxerre-judo-renforce-son-ancrage-territorial-avec-la-cpme-89\/#primaryimage\"},\"thumbnailUrl\":\"https:\/\/judoproleague.com\/wp-content\/uploads\/2023\/09\/Sans-titre.webp\",\"articleSection\":[\"Non class\u00e9\"],\"inLanguage\":\"en-US\"},{\"@type\":\"WebPage\",\"@id\":\"https:\/\/judoproleague.com\/auxerre-judo-renforce-son-ancrage-territorial-avec-la-cpme-89\/\",\"url\":\"https:\/\/judoproleague.com\/auxerre-judo-renforce-son-ancrage-territorial-avec-la-cpme-89\/\",\"name\":\"AUXERRE JUDO RENFORCE SON ANCRAGE TERRITORIAL AVEC LA CPME 89 - Judo Pro League\",\"isPartOf\":{\"@id\":\"https:\/\/judoproleague.com\/#website\"},\"primaryImageOfPage\":{\"@id\":\"https:\/\/judoproleague.com\/auxerre-judo-renforce-son-ancrage-territorial-avec-la-cpme-89\/#primaryimage\"},\"image\":{\"@id\":\"https:\/\/judoproleague.com\/auxerre-judo-renforce-son-ancrage-territorial-avec-la-cpme-89\/#primaryimage\"},\"thumbnailUrl\":\"https:\/\/judoproleague.com\/wp-content\/uploads\/2023\/09\/Sans-titre.webp\",\"datePublished\":\"2023-09-29T20:38:17+00:00\",\"inLanguage\":\"en-US\",\"potentialAction\":[{\"@type\":\"ReadAction\",\"target\":[\"https:\/\/judoproleague.com\/auxerre-judo-renforce-son-ancrage-territorial-avec-la-cpme-89\/\"]}]},{\"@type\":\"ImageObject\",\"inLanguage\":\"en-US\",\"@id\":\"https:\/\/judoproleague.com\/auxerre-judo-renforce-son-ancrage-territorial-avec-la-cpme-89\/#primaryimage\",\"url\":\"https:\/\/judoproleague.com\/wp-content\/uploads\/2023\/09\/Sans-titre.webp\",\"contentUrl\":\"https:\/\/judoproleague.com\/wp-content\/uploads\/2023\/09\/Sans-titre.webp\",\"width\":1114,\"height\":1080},{\"@type\":\"WebSite\",\"@id\":\"https:\/\/judoproleague.com\/#website\",\"url\":\"https:\/\/judoproleague.com\/\",\"name\":\"Judo Pro League\",\"description\":\"\",\"publisher\":{\"@id\":\"https:\/\/judoproleague.com\/#organization\"},\"potentialAction\":[{\"@type\":\"SearchAction\",\"target\":{\"@type\":\"EntryPoint\",\"urlTemplate\":\"https:\/\/judoproleague.com\/?s={search_term_string}\"},\"query-input\":{\"@type\":\"PropertyValueSpecification\",\"valueRequired\":true,\"valueName\":\"search_term_string\"}}],\"inLanguage\":\"en-US\"},{\"@type\":\"Organization\",\"@id\":\"https:\/\/judoproleague.com\/#organization\",\"name\":\"Judo Pro League\",\"url\":\"https:\/\/judoproleague.com\/\",\"logo\":{\"@type\":\"ImageObject\",\"inLanguage\":\"en-US\",\"@id\":\"https:\/\/judoproleague.com\/#\/schema\/logo\/image\/\",\"url\":\"https:\/\/judoproleague.com\/wp-content\/uploads\/2024\/10\/JPL-LOGO-light-1.svg\",\"contentUrl\":\"https:\/\/judoproleague.com\/wp-content\/uploads\/2024\/10\/JPL-LOGO-light-1.svg\",\"width\":198,\"height\":83,\"caption\":\"Judo Pro League\"},\"image\":{\"@id\":\"https:\/\/judoproleague.com\/#\/schema\/logo\/image\/\"}},{\"@type\":\"Person\",\"@id\":\"https:\/\/judoproleague.com\/#\/schema\/person\/1cc0d3c1265a4f6956c0bf9ad6389b37\",\"name\":\"Alan GAUDEFROY\",\"image\":{\"@type\":\"ImageObject\",\"inLanguage\":\"en-US\",\"@id\":\"https:\/\/judoproleague.com\/#\/schema\/person\/image\/\",\"url\":\"https:\/\/secure.gravatar.com\/avatar\/f7ed2dc65f91e5fc8e3a880a460ca52653ffa31251b597d2880f1aaf5b39fdc4?s=96&d=mm&r=g\",\"contentUrl\":\"https:\/\/secure.gravatar.com\/avatar\/f7ed2dc65f91e5fc8e3a880a460ca52653ffa31251b597d2880f1aaf5b39fdc4?s=96&d=mm&r=g\",\"caption\":\"Alan GAUDEFROY\"},\"url\":\"https:\/\/judoproleague.com\/en\/author\/alanjpl\/\"}]}<\/script>\n<!-- \/ Yoast SEO plugin. -->","yoast_head_json":{"title":"AUXERRE JUDO STRENGTHENS ITS TERRITORIAL BOND WITH CPME 89 - Judo Pro League","robots":{"index":"index","follow":"follow","max-snippet":"max-snippet:-1","max-image-preview":"max-image-preview:large","max-video-preview":"max-video-preview:-1"},"canonical":"https:\/\/judoproleague.com\/en\/auxerre-judo-strengthens-its-territorial-anchorage-with-cpme-89\/","og_locale":"en_US","og_type":"article","og_title":"AUXERRE JUDO RENFORCE SON ANCRAGE TERRITORIAL AVEC LA CPME 89 - Judo Pro League","og_description":"Le jeudi 14 septembre \u00e0 Auxerre (Yonne), Auxerre Judo a pr\u00e9sent\u00e9 les enjeux de sa participation \u00e0 la Judo Pro League aux membres de la CPME 89. Lors de cet \u00e9v\u00e9nement St\u00e9phane Nomis, Pr\u00e9sident de France Judo, et Nassar El Assri, Pr\u00e9sident d\u2019Auxerre Judo, sont revenus sur les ambitions du club ayant rejoint la Judo [&hellip;]","og_url":"https:\/\/judoproleague.com\/en\/auxerre-judo-strengthens-its-territorial-anchorage-with-cpme-89\/","og_site_name":"Judo Pro League","article_published_time":"2023-09-29T20:38:17+00:00","og_image":[{"width":1114,"height":1080,"url":"https:\/\/judoproleague.com\/wp-content\/uploads\/2023\/09\/Sans-titre.webp","type":"image\/webp"}],"author":"Alan GAUDEFROY","twitter_card":"summary_large_image","twitter_misc":{"Written by":"Alan GAUDEFROY","Est. reading time":"2 minutes"},"schema":{"@context":"https:\/\/schema.org","@graph":[{"@type":"Article","@id":"https:\/\/judoproleague.com\/auxerre-judo-renforce-son-ancrage-territorial-avec-la-cpme-89\/#article","isPartOf":{"@id":"https:\/\/judoproleague.com\/auxerre-judo-renforce-son-ancrage-territorial-avec-la-cpme-89\/"},"author":{"name":"Alan GAUDEFROY","@id":"https:\/\/judoproleague.com\/#\/schema\/person\/1cc0d3c1265a4f6956c0bf9ad6389b37"},"headline":"AUXERRE JUDO RENFORCE SON ANCRAGE TERRITORIAL AVEC LA CPME 89","datePublished":"2023-09-29T20:38:17+00:00","mainEntityOfPage":{"@id":"https:\/\/judoproleague.com\/auxerre-judo-renforce-son-ancrage-territorial-avec-la-cpme-89\/"},"wordCount":265,"publisher":{"@id":"https:\/\/judoproleague.com\/#organization"},"image":{"@id":"https:\/\/judoproleague.com\/auxerre-judo-renforce-son-ancrage-territorial-avec-la-cpme-89\/#primaryimage"},"thumbnailUrl":"https:\/\/judoproleague.com\/wp-content\/uploads\/2023\/09\/Sans-titre.webp","articleSection":["Non class\u00e9"],"inLanguage":"en-US"},{"@type":"WebPage","@id":"https:\/\/judoproleague.com\/auxerre-judo-renforce-son-ancrage-territorial-avec-la-cpme-89\/","url":"https:\/\/judoproleague.com\/auxerre-judo-renforce-son-ancrage-territorial-avec-la-cpme-89\/","name":"AUXERRE JUDO STRENGTHENS ITS TERRITORIAL BOND WITH CPME 89 - Judo Pro League","isPartOf":{"@id":"https:\/\/judoproleague.com\/#website"},"primaryImageOfPage":{"@id":"https:\/\/judoproleague.com\/auxerre-judo-renforce-son-ancrage-territorial-avec-la-cpme-89\/#primaryimage"},"image":{"@id":"https:\/\/judoproleague.com\/auxerre-judo-renforce-son-ancrage-territorial-avec-la-cpme-89\/#primaryimage"},"thumbnailUrl":"https:\/\/judoproleague.com\/wp-content\/uploads\/2023\/09\/Sans-titre.webp","datePublished":"2023-09-29T20:38:17+00:00","inLanguage":"en-US","potentialAction":[{"@type":"ReadAction","target":["https:\/\/judoproleague.com\/auxerre-judo-renforce-son-ancrage-territorial-avec-la-cpme-89\/"]}]},{"@type":"ImageObject","inLanguage":"en-US","@id":"https:\/\/judoproleague.com\/auxerre-judo-renforce-son-ancrage-territorial-avec-la-cpme-89\/#primaryimage","url":"https:\/\/judoproleague.com\/wp-content\/uploads\/2023\/09\/Sans-titre.webp","contentUrl":"https:\/\/judoproleague.com\/wp-content\/uploads\/2023\/09\/Sans-titre.webp","width":1114,"height":1080},{"@type":"WebSite","@id":"https:\/\/judoproleague.com\/#website","url":"https:\/\/judoproleague.com\/","name":"Judo Pro League","description":"","publisher":{"@id":"https:\/\/judoproleague.com\/#organization"},"potentialAction":[{"@type":"SearchAction","target":{"@type":"EntryPoint","urlTemplate":"https:\/\/judoproleague.com\/?s={search_term_string}"},"query-input":{"@type":"PropertyValueSpecification","valueRequired":true,"valueName":"search_term_string"}}],"inLanguage":"en-US"},{"@type":"Organization","@id":"https:\/\/judoproleague.com\/#organization","name":"Judo Pro League","url":"https:\/\/judoproleague.com\/","logo":{"@type":"ImageObject","inLanguage":"en-US","@id":"https:\/\/judoproleague.com\/#\/schema\/logo\/image\/","url":"https:\/\/judoproleague.com\/wp-content\/uploads\/2024\/10\/JPL-LOGO-light-1.svg","contentUrl":"https:\/\/judoproleague.com\/wp-content\/uploads\/2024\/10\/JPL-LOGO-light-1.svg","width":198,"height":83,"caption":"Judo Pro League"},"image":{"@id":"https:\/\/judoproleague.com\/#\/schema\/logo\/image\/"}},{"@type":"Person","@id":"https:\/\/judoproleague.com\/#\/schema\/person\/1cc0d3c1265a4f6956c0bf9ad6389b37","name":"Alan GAUDEFROY","image":{"@type":"ImageObject","inLanguage":"en-US","@id":"https:\/\/judoproleague.com\/#\/schema\/person\/image\/","url":"https:\/\/secure.gravatar.com\/avatar\/f7ed2dc65f91e5fc8e3a880a460ca52653ffa31251b597d2880f1aaf5b39fdc4?s=96&d=mm&r=g","contentUrl":"https:\/\/secure.gravatar.com\/avatar\/f7ed2dc65f91e5fc8e3a880a460ca52653ffa31251b597d2880f1aaf5b39fdc4?s=96&d=mm&r=g","caption":"Alan GAUDEFROY"},"url":"https:\/\/judoproleague.com\/en\/author\/alanjpl\/"}]}},"_links":{"self":[{"href":"https:\/\/judoproleague.com\/en\/wp-json\/wp\/v2\/posts\/2909","targetHints":{"allow":["GET"]}}],"collection":[{"href":"https:\/\/judoproleague.com\/en\/wp-json\/wp\/v2\/posts"}],"about":[{"href":"https:\/\/judoproleague.com\/en\/wp-json\/wp\/v2\/types\/post"}],"author":[{"embeddable":true,"href":"https:\/\/judoproleague.com\/en\/wp-json\/wp\/v2\/users\/4"}],"replies":[{"embeddable":true,"href":"https:\/\/judoproleague.com\/en\/wp-json\/wp\/v2\/comments?post=2909"}],"version-history":[{"count":0,"href":"https:\/\/judoproleague.com\/en\/wp-json\/wp\/v2\/posts\/2909\/revisions"}],"wp:featuredmedia":[{"embeddable":true,"href":"https:\/\/judoproleague.com\/en\/wp-json\/wp\/v2\/media\/3907"}],"wp:attachment":[{"href":"https:\/\/judoproleague.com\/en\/wp-json\/wp\/v2\/media?parent=2909"}],"wp:term":[{"taxonomy":"category","embeddable":true,"href":"https:\/\/judoproleague.com\/en\/wp-json\/wp\/v2\/categories?post=2909"},{"taxonomy":"post_tag","embeddable":true,"href":"https:\/\/judoproleague.com\/en\/wp-json\/wp\/v2\/tags?post=2909"}],"curies":[{"name":"wp","href":"https:\/\/api.w.org\/{rel}","templated":true}]}}