{"id":2192,"date":"2023-09-08T18:34:40","date_gmt":"2023-09-08T16:34:40","guid":{"rendered":"https:\/\/judoproleague.com\/?p=2192"},"modified":"2023-09-08T18:34:40","modified_gmt":"2023-09-08T16:34:40","slug":"presentation-des-equipes-poule-b","status":"publish","type":"post","link":"https:\/\/judoproleague.com\/en\/presentation-des-equipes-poule-b\/","title":{"rendered":"TEAM PRESENTATION - POOL B"},"content":{"rendered":"<p><strong>The Judo Pro League resumes on Tuesday, September 12. Thirteen teams are vying to win the second edition of the competition at a grand Final Four to be held at the Paris Dojo on December 16. With the start of the new season just around the corner, we bring you a complete team review. Discover each day the teams that make up the four groups in the group stages.\u00a0<\/strong><\/p>\n<p>Thursday, September 7 : <a href=\"https:\/\/judoproleague.com\/en\/presentation-des-equipes-poule-a\/\">Presentation of Poule A teams<\/a><\/p>\n<p>Friday, September 8: Presentation of Poule B teams<\/p>\n<p>Saturday, September 9: Presentation of Poule C teams<\/p>\n<p>Sunday, September 10: Presentation of Poule D teams<\/p>\n<p>&nbsp;<\/p>\n<h4>AM Asni\u00e8res Judo 92<\/h4>\n<p>France's leading club with 1,400 members, the Hauts-de-Seine banner has doubled up for its first participation in the Judo Pro League, creating a second dedicated structure, AM Judo 92. \"It's double the work, but we've known for several years that to reach the top level, you need the resources that come from membership fees, subsidies and partners. Now, the Pro League is a way of reaching partners we didn't have access to before,\" explains Paul Aspord, a long-standing manager and president since 2000.<\/p>\n<p>At Asni\u00e8res, the heart of our work lies in training, which produces regular results. Most recently, in 2022 and 2023, a cadet and a cadet from Asni\u00e8res were crowned world team champions. \"Blanc-Mesnil and PSG are more attractive, but we've never tried to recruit elsewhere, we try to do everything in-house\", explains the head coach. And it works: in the French junior champion team, five out of seven fighters had started out in baby-judo. \"Our teachers are very happy,\" says Paul Aspord. The only downside to these medal winners is that the club's trainers are now coveted. \"One or two have received offers. But they're very keen to pass on the torch. Retaining the loyalty of athletes and instructors is essential for a structure that has \"put a lot of emphasis on training\" and where results are therefore \"longer\" in coming.<\/p>\n<h4>Dojo B\u00e9glais<\/h4>\n<p>Founded in 1996 on the site of a former factory by Christophe Dumontier, now Technical Director, the Dojo B\u00e9glais is the club of a neighborhood and a town: 80% of its 634 members are locals; the others are B\u00e9glais residents who have moved to neighboring towns. Faced with rugby (Union B\u00e8gles Bordeaux), women's handball (CAB) and athletics, the club positioned itself as a place for socializing that quickly found its place, soon multiplying the number of members by four and becoming the number one in Gironde in its fourth year of existence. The Aquitaine club, which has been awarded the \"sport sant\u00e9\" label, has a motto reminiscent of another famous fast-food chain: come to the dojo as you are.<\/p>\n<p>On the high-level side, athletes who have graduated from the Insep in the Paris region usually remain enrolled at the B\u00e9glais Dojo, which in turn develops a business model conducive to their progression: sports, medical, educational and community support. \"The aim is to create an attractive model and become more professional,\" sums up president Olivier Fondriest. In the meantime, the Gironde-based structure relies on the goodwill of all: among the eleven members of its board of directors are parents of members who are happy to share their skills.<\/p>\n<h4>Dojo Nantais<\/h4>\n<p>Founded in 1957, making it one of the city's oldest sports clubs, the Dojo Nantais is now one of the biggest in France, with 1,200 members. \"We attract members from beyond Nantes, but our local involvement is recognized,\" explains Renaud Brossard, who has been president for the past four years. The Dojo Nantais attracts fighters from all over the Loire-Atlantique department. At present, the club's activities are spread over four sites, in order to maintain a strong presence in the neighborhoods and to continue the development of judo and associated disciplines.<\/p>\n<p>\"As the President of the French Judo Federation has said, the Pro League helps to bring judo back to the heart of the country,\" adds Renaud Brossard, for whom the new competition has \"added value in terms of brand awareness, which brings in private partners\". Until now, however, \"it was difficult to publicize our discipline in its traditional form, because a day of competition is long and not always attractive\".<\/p>\n<p>While he is not keen to keep his top players \"at all costs\", the manager at least wants to \"offer them a choice\". For example, world bronze medallist Manon Deketer spent three seasons in the Pays de la Loire before joining Etoile Sportive du Blanc-Mesnil. The manager also cites Barbara Harel, a native of Nantes and double European champion in 2000 and 2006.<\/p>\n<p>&nbsp;<\/p>","protected":false},"excerpt":{"rendered":"<p>La Judo Pro League reprend ses droits le mardi 12 septembre prochain. Treize \u00e9quipes sont engag\u00e9es pour remporter la deuxi\u00e8me \u00e9dition de la comp\u00e9tition lors d\u2019un grand Final Four qui se tiendra au Dojo de Paris le 16 d\u00e9cembre prochain. Alors que la reprise approche, nous vous proposons une revue d\u2019\u00e9quipe compl\u00e8te. D\u00e9couvrez chaque jour [&hellip;]<\/p>\n","protected":false},"author":4,"featured_media":2197,"comment_status":"closed","ping_status":"open","sticky":false,"template":"","format":"standard","meta":{"footnotes":""},"categories":[1],"tags":[],"class_list":["post-2192","post","type-post","status-publish","format-standard","has-post-thumbnail","hentry","category-non-classe"],"acf":[],"yoast_head":"<!-- This site is optimized with the Yoast SEO plugin v27.1.1 - https:\/\/yoast.com\/product\/yoast-seo-wordpress\/ -->\n<title>PR\u00c9SENTATION DES \u00c9QUIPES - POULE B - Judo Pro League<\/title>\n<meta name=\"robots\" content=\"index, follow, max-snippet:-1, max-image-preview:large, max-video-preview:-1\" \/>\n<link rel=\"canonical\" href=\"https:\/\/judoproleague.com\/en\/presentation-des-equipes-poule-b\/\" \/>\n<meta property=\"og:locale\" content=\"en_US\" \/>\n<meta property=\"og:type\" content=\"article\" \/>\n<meta property=\"og:title\" content=\"PR\u00c9SENTATION DES \u00c9QUIPES - POULE B - Judo Pro League\" \/>\n<meta property=\"og:description\" content=\"La Judo Pro League reprend ses droits le mardi 12 septembre prochain. Treize \u00e9quipes sont engag\u00e9es pour remporter la deuxi\u00e8me \u00e9dition de la comp\u00e9tition lors d\u2019un grand Final Four qui se tiendra au Dojo de Paris le 16 d\u00e9cembre prochain. Alors que la reprise approche, nous vous proposons une revue d\u2019\u00e9quipe compl\u00e8te. D\u00e9couvrez chaque jour [&hellip;]\" \/>\n<meta property=\"og:url\" content=\"https:\/\/judoproleague.com\/en\/presentation-des-equipes-poule-b\/\" \/>\n<meta property=\"og:site_name\" content=\"Judo Pro League\" \/>\n<meta property=\"article:published_time\" content=\"2023-09-08T16:34:40+00:00\" \/>\n<meta property=\"og:image\" content=\"https:\/\/judoproleague.com\/wp-content\/uploads\/2023\/09\/MicrosoftTeams-image-69-1.webp\" \/>\n\t<meta property=\"og:image:width\" content=\"1350\" \/>\n\t<meta property=\"og:image:height\" content=\"900\" \/>\n\t<meta property=\"og:image:type\" content=\"image\/webp\" \/>\n<meta name=\"author\" content=\"Alan GAUDEFROY\" \/>\n<meta name=\"twitter:card\" content=\"summary_large_image\" \/>\n<meta name=\"twitter:label1\" content=\"Written by\" \/>\n\t<meta name=\"twitter:data1\" content=\"Alan GAUDEFROY\" \/>\n\t<meta name=\"twitter:label2\" content=\"Est. reading time\" \/>\n\t<meta name=\"twitter:data2\" content=\"4 minutes\" \/>\n<script type=\"application\/ld+json\" class=\"yoast-schema-graph\">{\"@context\":\"https:\/\/schema.org\",\"@graph\":[{\"@type\":\"Article\",\"@id\":\"https:\/\/judoproleague.com\/presentation-des-equipes-poule-b\/#article\",\"isPartOf\":{\"@id\":\"https:\/\/judoproleague.com\/presentation-des-equipes-poule-b\/\"},\"author\":{\"name\":\"Alan GAUDEFROY\",\"@id\":\"https:\/\/judoproleague.com\/#\/schema\/person\/1cc0d3c1265a4f6956c0bf9ad6389b37\"},\"headline\":\"PR\u00c9SENTATION DES \u00c9QUIPES &#8211; POULE B\",\"datePublished\":\"2023-09-08T16:34:40+00:00\",\"mainEntityOfPage\":{\"@id\":\"https:\/\/judoproleague.com\/presentation-des-equipes-poule-b\/\"},\"wordCount\":879,\"publisher\":{\"@id\":\"https:\/\/judoproleague.com\/#organization\"},\"image\":{\"@id\":\"https:\/\/judoproleague.com\/presentation-des-equipes-poule-b\/#primaryimage\"},\"thumbnailUrl\":\"https:\/\/judoproleague.com\/wp-content\/uploads\/2023\/09\/MicrosoftTeams-image-69-1.webp\",\"articleSection\":[\"Non class\u00e9\"],\"inLanguage\":\"en-US\"},{\"@type\":\"WebPage\",\"@id\":\"https:\/\/judoproleague.com\/presentation-des-equipes-poule-b\/\",\"url\":\"https:\/\/judoproleague.com\/presentation-des-equipes-poule-b\/\",\"name\":\"PR\u00c9SENTATION DES \u00c9QUIPES - POULE B - Judo Pro League\",\"isPartOf\":{\"@id\":\"https:\/\/judoproleague.com\/#website\"},\"primaryImageOfPage\":{\"@id\":\"https:\/\/judoproleague.com\/presentation-des-equipes-poule-b\/#primaryimage\"},\"image\":{\"@id\":\"https:\/\/judoproleague.com\/presentation-des-equipes-poule-b\/#primaryimage\"},\"thumbnailUrl\":\"https:\/\/judoproleague.com\/wp-content\/uploads\/2023\/09\/MicrosoftTeams-image-69-1.webp\",\"datePublished\":\"2023-09-08T16:34:40+00:00\",\"inLanguage\":\"en-US\",\"potentialAction\":[{\"@type\":\"ReadAction\",\"target\":[\"https:\/\/judoproleague.com\/presentation-des-equipes-poule-b\/\"]}]},{\"@type\":\"ImageObject\",\"inLanguage\":\"en-US\",\"@id\":\"https:\/\/judoproleague.com\/presentation-des-equipes-poule-b\/#primaryimage\",\"url\":\"https:\/\/judoproleague.com\/wp-content\/uploads\/2023\/09\/MicrosoftTeams-image-69-1.webp\",\"contentUrl\":\"https:\/\/judoproleague.com\/wp-content\/uploads\/2023\/09\/MicrosoftTeams-image-69-1.webp\",\"width\":1350,\"height\":900},{\"@type\":\"WebSite\",\"@id\":\"https:\/\/judoproleague.com\/#website\",\"url\":\"https:\/\/judoproleague.com\/\",\"name\":\"Judo Pro League\",\"description\":\"\",\"publisher\":{\"@id\":\"https:\/\/judoproleague.com\/#organization\"},\"potentialAction\":[{\"@type\":\"SearchAction\",\"target\":{\"@type\":\"EntryPoint\",\"urlTemplate\":\"https:\/\/judoproleague.com\/?s={search_term_string}\"},\"query-input\":{\"@type\":\"PropertyValueSpecification\",\"valueRequired\":true,\"valueName\":\"search_term_string\"}}],\"inLanguage\":\"en-US\"},{\"@type\":\"Organization\",\"@id\":\"https:\/\/judoproleague.com\/#organization\",\"name\":\"Judo Pro League\",\"url\":\"https:\/\/judoproleague.com\/\",\"logo\":{\"@type\":\"ImageObject\",\"inLanguage\":\"en-US\",\"@id\":\"https:\/\/judoproleague.com\/#\/schema\/logo\/image\/\",\"url\":\"https:\/\/judoproleague.com\/wp-content\/uploads\/2024\/10\/JPL-LOGO-light-1.svg\",\"contentUrl\":\"https:\/\/judoproleague.com\/wp-content\/uploads\/2024\/10\/JPL-LOGO-light-1.svg\",\"width\":198,\"height\":83,\"caption\":\"Judo Pro League\"},\"image\":{\"@id\":\"https:\/\/judoproleague.com\/#\/schema\/logo\/image\/\"}},{\"@type\":\"Person\",\"@id\":\"https:\/\/judoproleague.com\/#\/schema\/person\/1cc0d3c1265a4f6956c0bf9ad6389b37\",\"name\":\"Alan GAUDEFROY\",\"image\":{\"@type\":\"ImageObject\",\"inLanguage\":\"en-US\",\"@id\":\"https:\/\/judoproleague.com\/#\/schema\/person\/image\/\",\"url\":\"https:\/\/secure.gravatar.com\/avatar\/f7ed2dc65f91e5fc8e3a880a460ca52653ffa31251b597d2880f1aaf5b39fdc4?s=96&d=mm&r=g\",\"contentUrl\":\"https:\/\/secure.gravatar.com\/avatar\/f7ed2dc65f91e5fc8e3a880a460ca52653ffa31251b597d2880f1aaf5b39fdc4?s=96&d=mm&r=g\",\"caption\":\"Alan GAUDEFROY\"},\"url\":\"https:\/\/judoproleague.com\/en\/author\/alanjpl\/\"}]}<\/script>\n<!-- \/ Yoast SEO plugin. -->","yoast_head_json":{"title":"TEAM PRESENTATION - POULE B - Judo Pro League","robots":{"index":"index","follow":"follow","max-snippet":"max-snippet:-1","max-image-preview":"max-image-preview:large","max-video-preview":"max-video-preview:-1"},"canonical":"https:\/\/judoproleague.com\/en\/presentation-des-equipes-poule-b\/","og_locale":"en_US","og_type":"article","og_title":"PR\u00c9SENTATION DES \u00c9QUIPES - POULE B - Judo Pro League","og_description":"La Judo Pro League reprend ses droits le mardi 12 septembre prochain. Treize \u00e9quipes sont engag\u00e9es pour remporter la deuxi\u00e8me \u00e9dition de la comp\u00e9tition lors d\u2019un grand Final Four qui se tiendra au Dojo de Paris le 16 d\u00e9cembre prochain. Alors que la reprise approche, nous vous proposons une revue d\u2019\u00e9quipe compl\u00e8te. D\u00e9couvrez chaque jour [&hellip;]","og_url":"https:\/\/judoproleague.com\/en\/presentation-des-equipes-poule-b\/","og_site_name":"Judo Pro League","article_published_time":"2023-09-08T16:34:40+00:00","og_image":[{"width":1350,"height":900,"url":"https:\/\/judoproleague.com\/wp-content\/uploads\/2023\/09\/MicrosoftTeams-image-69-1.webp","type":"image\/webp"}],"author":"Alan GAUDEFROY","twitter_card":"summary_large_image","twitter_misc":{"Written by":"Alan GAUDEFROY","Est. reading time":"4 minutes"},"schema":{"@context":"https:\/\/schema.org","@graph":[{"@type":"Article","@id":"https:\/\/judoproleague.com\/presentation-des-equipes-poule-b\/#article","isPartOf":{"@id":"https:\/\/judoproleague.com\/presentation-des-equipes-poule-b\/"},"author":{"name":"Alan GAUDEFROY","@id":"https:\/\/judoproleague.com\/#\/schema\/person\/1cc0d3c1265a4f6956c0bf9ad6389b37"},"headline":"PR\u00c9SENTATION DES \u00c9QUIPES &#8211; POULE B","datePublished":"2023-09-08T16:34:40+00:00","mainEntityOfPage":{"@id":"https:\/\/judoproleague.com\/presentation-des-equipes-poule-b\/"},"wordCount":879,"publisher":{"@id":"https:\/\/judoproleague.com\/#organization"},"image":{"@id":"https:\/\/judoproleague.com\/presentation-des-equipes-poule-b\/#primaryimage"},"thumbnailUrl":"https:\/\/judoproleague.com\/wp-content\/uploads\/2023\/09\/MicrosoftTeams-image-69-1.webp","articleSection":["Non class\u00e9"],"inLanguage":"en-US"},{"@type":"WebPage","@id":"https:\/\/judoproleague.com\/presentation-des-equipes-poule-b\/","url":"https:\/\/judoproleague.com\/presentation-des-equipes-poule-b\/","name":"TEAM PRESENTATION - POULE B - Judo Pro League","isPartOf":{"@id":"https:\/\/judoproleague.com\/#website"},"primaryImageOfPage":{"@id":"https:\/\/judoproleague.com\/presentation-des-equipes-poule-b\/#primaryimage"},"image":{"@id":"https:\/\/judoproleague.com\/presentation-des-equipes-poule-b\/#primaryimage"},"thumbnailUrl":"https:\/\/judoproleague.com\/wp-content\/uploads\/2023\/09\/MicrosoftTeams-image-69-1.webp","datePublished":"2023-09-08T16:34:40+00:00","inLanguage":"en-US","potentialAction":[{"@type":"ReadAction","target":["https:\/\/judoproleague.com\/presentation-des-equipes-poule-b\/"]}]},{"@type":"ImageObject","inLanguage":"en-US","@id":"https:\/\/judoproleague.com\/presentation-des-equipes-poule-b\/#primaryimage","url":"https:\/\/judoproleague.com\/wp-content\/uploads\/2023\/09\/MicrosoftTeams-image-69-1.webp","contentUrl":"https:\/\/judoproleague.com\/wp-content\/uploads\/2023\/09\/MicrosoftTeams-image-69-1.webp","width":1350,"height":900},{"@type":"WebSite","@id":"https:\/\/judoproleague.com\/#website","url":"https:\/\/judoproleague.com\/","name":"Judo Pro League","description":"","publisher":{"@id":"https:\/\/judoproleague.com\/#organization"},"potentialAction":[{"@type":"SearchAction","target":{"@type":"EntryPoint","urlTemplate":"https:\/\/judoproleague.com\/?s={search_term_string}"},"query-input":{"@type":"PropertyValueSpecification","valueRequired":true,"valueName":"search_term_string"}}],"inLanguage":"en-US"},{"@type":"Organization","@id":"https:\/\/judoproleague.com\/#organization","name":"Judo Pro League","url":"https:\/\/judoproleague.com\/","logo":{"@type":"ImageObject","inLanguage":"en-US","@id":"https:\/\/judoproleague.com\/#\/schema\/logo\/image\/","url":"https:\/\/judoproleague.com\/wp-content\/uploads\/2024\/10\/JPL-LOGO-light-1.svg","contentUrl":"https:\/\/judoproleague.com\/wp-content\/uploads\/2024\/10\/JPL-LOGO-light-1.svg","width":198,"height":83,"caption":"Judo Pro League"},"image":{"@id":"https:\/\/judoproleague.com\/#\/schema\/logo\/image\/"}},{"@type":"Person","@id":"https:\/\/judoproleague.com\/#\/schema\/person\/1cc0d3c1265a4f6956c0bf9ad6389b37","name":"Alan GAUDEFROY","image":{"@type":"ImageObject","inLanguage":"en-US","@id":"https:\/\/judoproleague.com\/#\/schema\/person\/image\/","url":"https:\/\/secure.gravatar.com\/avatar\/f7ed2dc65f91e5fc8e3a880a460ca52653ffa31251b597d2880f1aaf5b39fdc4?s=96&d=mm&r=g","contentUrl":"https:\/\/secure.gravatar.com\/avatar\/f7ed2dc65f91e5fc8e3a880a460ca52653ffa31251b597d2880f1aaf5b39fdc4?s=96&d=mm&r=g","caption":"Alan GAUDEFROY"},"url":"https:\/\/judoproleague.com\/en\/author\/alanjpl\/"}]}},"_links":{"self":[{"href":"https:\/\/judoproleague.com\/en\/wp-json\/wp\/v2\/posts\/2192","targetHints":{"allow":["GET"]}}],"collection":[{"href":"https:\/\/judoproleague.com\/en\/wp-json\/wp\/v2\/posts"}],"about":[{"href":"https:\/\/judoproleague.com\/en\/wp-json\/wp\/v2\/types\/post"}],"author":[{"embeddable":true,"href":"https:\/\/judoproleague.com\/en\/wp-json\/wp\/v2\/users\/4"}],"replies":[{"embeddable":true,"href":"https:\/\/judoproleague.com\/en\/wp-json\/wp\/v2\/comments?post=2192"}],"version-history":[{"count":0,"href":"https:\/\/judoproleague.com\/en\/wp-json\/wp\/v2\/posts\/2192\/revisions"}],"wp:featuredmedia":[{"embeddable":true,"href":"https:\/\/judoproleague.com\/en\/wp-json\/wp\/v2\/media\/2197"}],"wp:attachment":[{"href":"https:\/\/judoproleague.com\/en\/wp-json\/wp\/v2\/media?parent=2192"}],"wp:term":[{"taxonomy":"category","embeddable":true,"href":"https:\/\/judoproleague.com\/en\/wp-json\/wp\/v2\/categories?post=2192"},{"taxonomy":"post_tag","embeddable":true,"href":"https:\/\/judoproleague.com\/en\/wp-json\/wp\/v2\/tags?post=2192"}],"curies":[{"name":"wp","href":"https:\/\/api.w.org\/{rel}","templated":true}]}}