{"id":2177,"date":"2023-09-07T18:10:11","date_gmt":"2023-09-07T16:10:11","guid":{"rendered":"https:\/\/judoproleague.com\/?p=2177"},"modified":"2023-09-07T18:10:11","modified_gmt":"2023-09-07T16:10:11","slug":"presentation-des-equipes-poule-a","status":"publish","type":"post","link":"https:\/\/judoproleague.com\/en\/presentation-des-equipes-poule-a\/","title":{"rendered":"TEAM PRESENTATION - POOL A"},"content":{"rendered":"<p><strong>The Judo Pro League resumes on Tuesday, September 12. Thirteen teams are vying to win the second edition of the competition at a grand Final Four to be held at the Paris Dojo on December 16. With the start of the new season just around the corner, we bring you a complete team review. Discover each day the teams that make up the four groups in the group stages.\u00a0<\/strong><\/p>\n<p>Thursday, September 7: Presentation of Poule A teams<\/p>\n<p>Friday, September 8: Presentation of Poule B teams<\/p>\n<p>Saturday, September 9: Presentation of Poule C teams<\/p>\n<p>Sunday, September 10: Presentation of Poule D teams<\/p>\n<h2>POULE A<\/h2>\n<h4>SAINTE-GENEVI\u00c8VE SPORTS<\/h4>\n<p style=\"font-weight: 400;\"><span class=\"ui-provider jl og jj clg clh cli clj clk cll clm cln clo clp clq clr cls clt clu clv clw clx cly clz cma cmb cmc cmd cme cmf cmg cmh cmi cmj cmk cml\" dir=\"ltr\">Back in the 80s, before it became the norm, Sainte-Genevi\u00e8ve's directors used to take their youngsters to tournaments in Germany or Denmark, earning themselves a nickname in the process: Little House on the Prairie. Pascal Renault, president for thirty years, was Charles Ingalls, the father of the family. \"We'd get teased, but we'd beat up a lot of people,\" laughs the manager, unstoppable when it comes to going back in time.<\/span><\/p>\n<figure id=\"attachment_2180\" aria-describedby=\"caption-attachment-2180\" style=\"width: 1620px\" class=\"wp-caption alignnone\"><img loading=\"lazy\" decoding=\"async\" class=\"wp-image-2180 size-full\" src=\"https:\/\/judoproleague.com\/wp-content\/uploads\/2023\/09\/SGS.webp\" alt=\"\" width=\"1620\" height=\"1080\" \/><figcaption id=\"caption-attachment-2180\" class=\"wp-caption-text\">The SGS Judo women's team at the French team championships (2022, \u00a9 Philippe Rabouin \/ France Judo).<\/figcaption><\/figure>\n<p>Today, nothing has changed: the Essonne club is still one of the favourites in the competitions it contests. Boys or girls, youth or senior, \"we've had an exceptional track record over the last fifteen years\". The list is too long to go into in detail. However, the philosophy behind these successes can be summed up in three words: priority to the teams. \"When they shine, we can bring out the best in individuals. That's our leitmotiv\", sums up the manager.<\/p>\n<p>The club, which will be sixty years old in 2024, has given itself another mission, one of citizenship. \"Before turning them into champions, we want them to be men and women we can be proud of, trained by irremovable coaches, some of whom have been with us for fifteen years\". Once SGS, always SGS.<\/p>\n<h4>US ORL\u00c9ANS JUDO LOIRET<\/h4>\n<p style=\"font-weight: 400;\"><span class=\"ui-provider jl og jj clg clh cli clj clk cll clm cln clo clp clq clr cls clt clu clv clw clx cly clz cma cmb cmc cmd cme cmf cmg cmh cmi cmj cmk cml\" dir=\"ltr\">In November 2022, the US Orl\u00e9ans women's team returned to the top by winning the European Cup for the sixth time, more than ten years after their last success. \"We have to live up to our own rich history,\" recalls Ma\u00eblle Di Cintio, 32 and president since last year. And it's not just judo; jujitsu is also producing convincing results, with world gold for Juliana Ferreira in July 2023.<\/span><\/p>\n<figure id=\"attachment_2179\" aria-describedby=\"caption-attachment-2179\" style=\"width: 1620px\" class=\"wp-caption alignnone\"><img loading=\"lazy\" decoding=\"async\" class=\"wp-image-2179 size-full\" src=\"https:\/\/judoproleague.com\/wp-content\/uploads\/2023\/09\/ORLEANS_.webp\" alt=\"\" width=\"1620\" height=\"1080\" \/><figcaption id=\"caption-attachment-2179\" class=\"wp-caption-text\">The US Orl\u00e9ans Judo Loiret team at the 2022 Final Four (2022, \u00a9 St\u00e9phane Bonnet \/ France Judo)<\/figcaption><\/figure>\n<p>A keen player herself, she has now stopped fighting on the mats, but has many other battles to fight for the development of US Orleans: with the local authorities, and against the nearby, attractive clubs in the Paris region. \"That's life, but we won't give up,\" says the manager, who has attracted Joseph Terhec from Normandy for the second edition of the Pro League.<\/p>\n<p>Competition is one of the ambitious projects cited by Ma\u00eblle Di Cintio to continue making Orl\u00e9ans \"a flagship club\". But while the club is \"doing well\" at the top level, it is above all \"a place where we feel good, a place where we can live and share\" for its 650 members, who see it as \"a second family\".<\/p>\n<h4>NORMANDIE JUDO<\/h4>\n<p>This year, the region encouraged the League to form a team representative of the region. \"A bit of a rush,\" says Jean Mesnildrey, who is coordinating the team in the competition, with Dimitri Dragin from Le Havre, world team champion in 2011, in charge of the sporting side. Normandy has seen the likes of David Douillet and Fabien Canu pass through its ranks, \"but hasn't been able to keep them\", regrets the manager.<\/p>\n<p>Normandie Judo's position is clear: quality athletes and coaching, but as much as possible linked to the region. As a result, the team is made up of fighters who are either licensed in Normandy or have passed through the Caen or Rouen \"p\u00f4les espoirs\".<\/p>\n<figure id=\"attachment_2178\" aria-describedby=\"caption-attachment-2178\" style=\"width: 1920px\" class=\"wp-caption alignnone\"><img loading=\"lazy\" decoding=\"async\" class=\"wp-image-2178 size-full\" src=\"https:\/\/judoproleague.com\/wp-content\/uploads\/2023\/09\/NORMANDIE-1.webp\" alt=\"\" width=\"1920\" height=\"1025\" \/><figcaption id=\"caption-attachment-2178\" class=\"wp-caption-text\">Normandie Judo during the pre-fight salute in the first round of the Judo Pro League 2022 (2022, \u00a9 Victor Joly \/ France Judo).<\/figcaption><\/figure>\n<p class=\"x_MsoNoSpacing\"><span class=\"ui-provider jl og jj clg clh cli clj clk cll clm cln clo clp clq clr cls clt clu clv clw clx cly clz cma cmb cmc cmd cme cmf cmg cmh cmi cmj cmk cml\" dir=\"ltr\">Establishing an entity independent of the Ligue de Normandie by 2024 is plan A. However, retaining the regional team format in the future is a possibility. A number of towns have expressed an interest in hosting Normandie Judo on a permanent basis in the future. This year, three different departments will host Pro League matches. \"Here, we have the particularity of being fairly close-knit. We liked the idea of establishing a regional identity. What's more, all the clubs are keen to support us,\" concludes an optimistic Jean Mesnildrey.<\/span><\/p>\n<h4>JUDO DES HAUTS DE FRANCE<\/h4>\n<p>The \"plagiarism\" is fully assumed. \"I copied the Normandy model,\" says G\u00e9rard Guilbault, President of the Ligue des Hauts-de-France, before detailing what he calls \"a long history\". In a nutshell: although he found the Pro League project attractive, last year he found that no club had applied. The \"pioneer\" from Normandy prompted him to take the plunge under the region's label. \"It's a logical follow-up to the opening of the Arena B\u00e9thune-Bruay,\" stresses the first manager of the Hauts-de-France region.<\/p>\n<p>Thanks to the commitment of its technical managers, who have agreed to take charge of detection, training, internships and coaching, a marketing manager was hired in June, tasked with attracting partners. In the meantime, good financial results over the last four years mean that the company can look forward to the future \"without any major risks\".<\/p>\n<p>\"A regional team means that we don't have just one big club recruiting the best hopefuls from the others and making a lot of people unhappy,\" appreciates G<strong>\u00e9<\/strong>rard Guilbault, himself a club president. He believes \"very strongly\" in this model, which avoids uprooting athletes and impoverishing clubs.<\/p>\n<p>As in Normandy, the three Pro League matches will be hosted in three d\u00e9partements: Wasquehal (Nord), Tergnier (Aisne) and Verquin (Pas-de-Calais). \"Involving my department presidents, not all of whom were in favor of the project, is a way of convincing them and seeing for themselves,\" adds the manager, who has clear ideas: \"Priority to the region and young people\".<\/p>","protected":false},"excerpt":{"rendered":"<p>La Judo Pro League reprend ses droits le mardi 12 septembre prochain. Treize \u00e9quipes sont engag\u00e9es pour remporter la deuxi\u00e8me \u00e9dition de la comp\u00e9tition lors d&rsquo;un grand Final Four qui se tiendra au Dojo de Paris le 16 d\u00e9cembre prochain. Alors que la reprise approche, nous vous proposons une revue d&rsquo;\u00e9quipe compl\u00e8te. D\u00e9couvrez chaque jour [&hellip;]<\/p>\n","protected":false},"author":4,"featured_media":2182,"comment_status":"closed","ping_status":"open","sticky":false,"template":"","format":"standard","meta":{"footnotes":""},"categories":[20,1,8,19,9],"tags":[],"class_list":["post-2177","post","type-post","status-publish","format-standard","has-post-thumbnail","hentry","category-judo-des-hauts-de-france","category-non-classe","category-normandie-judo","category-sgs-judo","category-us-orleans"],"acf":[],"yoast_head":"<!-- This site is optimized with the Yoast SEO plugin v27.1.1 - https:\/\/yoast.com\/product\/yoast-seo-wordpress\/ -->\n<title>PR\u00c9SENTATION DES \u00c9QUIPES - POULE A - Judo Pro League<\/title>\n<meta name=\"robots\" content=\"index, follow, max-snippet:-1, max-image-preview:large, max-video-preview:-1\" \/>\n<link rel=\"canonical\" href=\"https:\/\/judoproleague.com\/en\/presentation-des-equipes-poule-a\/\" \/>\n<meta property=\"og:locale\" content=\"en_US\" \/>\n<meta property=\"og:type\" content=\"article\" \/>\n<meta property=\"og:title\" content=\"PR\u00c9SENTATION DES \u00c9QUIPES - POULE A - Judo Pro League\" \/>\n<meta property=\"og:description\" content=\"La Judo Pro League reprend ses droits le mardi 12 septembre prochain. Treize \u00e9quipes sont engag\u00e9es pour remporter la deuxi\u00e8me \u00e9dition de la comp\u00e9tition lors d&rsquo;un grand Final Four qui se tiendra au Dojo de Paris le 16 d\u00e9cembre prochain. Alors que la reprise approche, nous vous proposons une revue d&rsquo;\u00e9quipe compl\u00e8te. D\u00e9couvrez chaque jour [&hellip;]\" \/>\n<meta property=\"og:url\" content=\"https:\/\/judoproleague.com\/en\/presentation-des-equipes-poule-a\/\" \/>\n<meta property=\"og:site_name\" content=\"Judo Pro League\" \/>\n<meta property=\"article:published_time\" content=\"2023-09-07T16:10:11+00:00\" \/>\n<meta property=\"og:image\" content=\"https:\/\/judoproleague.com\/wp-content\/uploads\/2023\/09\/MicrosoftTeams-image-67-1.webp\" \/>\n\t<meta property=\"og:image:width\" content=\"1350\" \/>\n\t<meta property=\"og:image:height\" content=\"900\" \/>\n\t<meta property=\"og:image:type\" content=\"image\/webp\" \/>\n<meta name=\"author\" content=\"Alan GAUDEFROY\" \/>\n<meta name=\"twitter:card\" content=\"summary_large_image\" \/>\n<meta name=\"twitter:label1\" content=\"Written by\" \/>\n\t<meta name=\"twitter:data1\" content=\"Alan GAUDEFROY\" \/>\n\t<meta name=\"twitter:label2\" content=\"Est. reading time\" \/>\n\t<meta name=\"twitter:data2\" content=\"6 minutes\" \/>\n<script type=\"application\/ld+json\" class=\"yoast-schema-graph\">{\"@context\":\"https:\/\/schema.org\",\"@graph\":[{\"@type\":\"Article\",\"@id\":\"https:\/\/judoproleague.com\/presentation-des-equipes-poule-a\/#article\",\"isPartOf\":{\"@id\":\"https:\/\/judoproleague.com\/presentation-des-equipes-poule-a\/\"},\"author\":{\"name\":\"Alan GAUDEFROY\",\"@id\":\"https:\/\/judoproleague.com\/#\/schema\/person\/1cc0d3c1265a4f6956c0bf9ad6389b37\"},\"headline\":\"PR\u00c9SENTATION DES \u00c9QUIPES &#8211; POULE A\",\"datePublished\":\"2023-09-07T16:10:11+00:00\",\"mainEntityOfPage\":{\"@id\":\"https:\/\/judoproleague.com\/presentation-des-equipes-poule-a\/\"},\"wordCount\":1157,\"publisher\":{\"@id\":\"https:\/\/judoproleague.com\/#organization\"},\"image\":{\"@id\":\"https:\/\/judoproleague.com\/presentation-des-equipes-poule-a\/#primaryimage\"},\"thumbnailUrl\":\"https:\/\/judoproleague.com\/wp-content\/uploads\/2023\/09\/MicrosoftTeams-image-67-1.webp\",\"articleSection\":[\"Judo des Hauts de France\",\"Non class\u00e9\",\"Normandie Judo\",\"SGS Judo\",\"US Orl\u00e9ans\"],\"inLanguage\":\"en-US\"},{\"@type\":\"WebPage\",\"@id\":\"https:\/\/judoproleague.com\/presentation-des-equipes-poule-a\/\",\"url\":\"https:\/\/judoproleague.com\/presentation-des-equipes-poule-a\/\",\"name\":\"PR\u00c9SENTATION DES \u00c9QUIPES - POULE A - Judo Pro League\",\"isPartOf\":{\"@id\":\"https:\/\/judoproleague.com\/#website\"},\"primaryImageOfPage\":{\"@id\":\"https:\/\/judoproleague.com\/presentation-des-equipes-poule-a\/#primaryimage\"},\"image\":{\"@id\":\"https:\/\/judoproleague.com\/presentation-des-equipes-poule-a\/#primaryimage\"},\"thumbnailUrl\":\"https:\/\/judoproleague.com\/wp-content\/uploads\/2023\/09\/MicrosoftTeams-image-67-1.webp\",\"datePublished\":\"2023-09-07T16:10:11+00:00\",\"inLanguage\":\"en-US\",\"potentialAction\":[{\"@type\":\"ReadAction\",\"target\":[\"https:\/\/judoproleague.com\/presentation-des-equipes-poule-a\/\"]}]},{\"@type\":\"ImageObject\",\"inLanguage\":\"en-US\",\"@id\":\"https:\/\/judoproleague.com\/presentation-des-equipes-poule-a\/#primaryimage\",\"url\":\"https:\/\/judoproleague.com\/wp-content\/uploads\/2023\/09\/MicrosoftTeams-image-67-1.webp\",\"contentUrl\":\"https:\/\/judoproleague.com\/wp-content\/uploads\/2023\/09\/MicrosoftTeams-image-67-1.webp\",\"width\":1350,\"height\":900},{\"@type\":\"WebSite\",\"@id\":\"https:\/\/judoproleague.com\/#website\",\"url\":\"https:\/\/judoproleague.com\/\",\"name\":\"Judo Pro League\",\"description\":\"\",\"publisher\":{\"@id\":\"https:\/\/judoproleague.com\/#organization\"},\"potentialAction\":[{\"@type\":\"SearchAction\",\"target\":{\"@type\":\"EntryPoint\",\"urlTemplate\":\"https:\/\/judoproleague.com\/?s={search_term_string}\"},\"query-input\":{\"@type\":\"PropertyValueSpecification\",\"valueRequired\":true,\"valueName\":\"search_term_string\"}}],\"inLanguage\":\"en-US\"},{\"@type\":\"Organization\",\"@id\":\"https:\/\/judoproleague.com\/#organization\",\"name\":\"Judo Pro League\",\"url\":\"https:\/\/judoproleague.com\/\",\"logo\":{\"@type\":\"ImageObject\",\"inLanguage\":\"en-US\",\"@id\":\"https:\/\/judoproleague.com\/#\/schema\/logo\/image\/\",\"url\":\"https:\/\/judoproleague.com\/wp-content\/uploads\/2024\/10\/JPL-LOGO-light-1.svg\",\"contentUrl\":\"https:\/\/judoproleague.com\/wp-content\/uploads\/2024\/10\/JPL-LOGO-light-1.svg\",\"width\":198,\"height\":83,\"caption\":\"Judo Pro League\"},\"image\":{\"@id\":\"https:\/\/judoproleague.com\/#\/schema\/logo\/image\/\"}},{\"@type\":\"Person\",\"@id\":\"https:\/\/judoproleague.com\/#\/schema\/person\/1cc0d3c1265a4f6956c0bf9ad6389b37\",\"name\":\"Alan GAUDEFROY\",\"image\":{\"@type\":\"ImageObject\",\"inLanguage\":\"en-US\",\"@id\":\"https:\/\/judoproleague.com\/#\/schema\/person\/image\/\",\"url\":\"https:\/\/secure.gravatar.com\/avatar\/f7ed2dc65f91e5fc8e3a880a460ca52653ffa31251b597d2880f1aaf5b39fdc4?s=96&d=mm&r=g\",\"contentUrl\":\"https:\/\/secure.gravatar.com\/avatar\/f7ed2dc65f91e5fc8e3a880a460ca52653ffa31251b597d2880f1aaf5b39fdc4?s=96&d=mm&r=g\",\"caption\":\"Alan GAUDEFROY\"},\"url\":\"https:\/\/judoproleague.com\/en\/author\/alanjpl\/\"}]}<\/script>\n<!-- \/ Yoast SEO plugin. -->","yoast_head_json":{"title":"TEAM PRESENTATION - POULE A - Judo Pro League","robots":{"index":"index","follow":"follow","max-snippet":"max-snippet:-1","max-image-preview":"max-image-preview:large","max-video-preview":"max-video-preview:-1"},"canonical":"https:\/\/judoproleague.com\/en\/presentation-des-equipes-poule-a\/","og_locale":"en_US","og_type":"article","og_title":"PR\u00c9SENTATION DES \u00c9QUIPES - POULE A - Judo Pro League","og_description":"La Judo Pro League reprend ses droits le mardi 12 septembre prochain. Treize \u00e9quipes sont engag\u00e9es pour remporter la deuxi\u00e8me \u00e9dition de la comp\u00e9tition lors d&rsquo;un grand Final Four qui se tiendra au Dojo de Paris le 16 d\u00e9cembre prochain. Alors que la reprise approche, nous vous proposons une revue d&rsquo;\u00e9quipe compl\u00e8te. D\u00e9couvrez chaque jour [&hellip;]","og_url":"https:\/\/judoproleague.com\/en\/presentation-des-equipes-poule-a\/","og_site_name":"Judo Pro League","article_published_time":"2023-09-07T16:10:11+00:00","og_image":[{"width":1350,"height":900,"url":"https:\/\/judoproleague.com\/wp-content\/uploads\/2023\/09\/MicrosoftTeams-image-67-1.webp","type":"image\/webp"}],"author":"Alan GAUDEFROY","twitter_card":"summary_large_image","twitter_misc":{"Written by":"Alan GAUDEFROY","Est. reading time":"6 minutes"},"schema":{"@context":"https:\/\/schema.org","@graph":[{"@type":"Article","@id":"https:\/\/judoproleague.com\/presentation-des-equipes-poule-a\/#article","isPartOf":{"@id":"https:\/\/judoproleague.com\/presentation-des-equipes-poule-a\/"},"author":{"name":"Alan GAUDEFROY","@id":"https:\/\/judoproleague.com\/#\/schema\/person\/1cc0d3c1265a4f6956c0bf9ad6389b37"},"headline":"PR\u00c9SENTATION DES \u00c9QUIPES &#8211; POULE A","datePublished":"2023-09-07T16:10:11+00:00","mainEntityOfPage":{"@id":"https:\/\/judoproleague.com\/presentation-des-equipes-poule-a\/"},"wordCount":1157,"publisher":{"@id":"https:\/\/judoproleague.com\/#organization"},"image":{"@id":"https:\/\/judoproleague.com\/presentation-des-equipes-poule-a\/#primaryimage"},"thumbnailUrl":"https:\/\/judoproleague.com\/wp-content\/uploads\/2023\/09\/MicrosoftTeams-image-67-1.webp","articleSection":["Judo des Hauts de France","Non class\u00e9","Normandie Judo","SGS Judo","US Orl\u00e9ans"],"inLanguage":"en-US"},{"@type":"WebPage","@id":"https:\/\/judoproleague.com\/presentation-des-equipes-poule-a\/","url":"https:\/\/judoproleague.com\/presentation-des-equipes-poule-a\/","name":"TEAM PRESENTATION - POULE A - Judo Pro League","isPartOf":{"@id":"https:\/\/judoproleague.com\/#website"},"primaryImageOfPage":{"@id":"https:\/\/judoproleague.com\/presentation-des-equipes-poule-a\/#primaryimage"},"image":{"@id":"https:\/\/judoproleague.com\/presentation-des-equipes-poule-a\/#primaryimage"},"thumbnailUrl":"https:\/\/judoproleague.com\/wp-content\/uploads\/2023\/09\/MicrosoftTeams-image-67-1.webp","datePublished":"2023-09-07T16:10:11+00:00","inLanguage":"en-US","potentialAction":[{"@type":"ReadAction","target":["https:\/\/judoproleague.com\/presentation-des-equipes-poule-a\/"]}]},{"@type":"ImageObject","inLanguage":"en-US","@id":"https:\/\/judoproleague.com\/presentation-des-equipes-poule-a\/#primaryimage","url":"https:\/\/judoproleague.com\/wp-content\/uploads\/2023\/09\/MicrosoftTeams-image-67-1.webp","contentUrl":"https:\/\/judoproleague.com\/wp-content\/uploads\/2023\/09\/MicrosoftTeams-image-67-1.webp","width":1350,"height":900},{"@type":"WebSite","@id":"https:\/\/judoproleague.com\/#website","url":"https:\/\/judoproleague.com\/","name":"Judo Pro League","description":"","publisher":{"@id":"https:\/\/judoproleague.com\/#organization"},"potentialAction":[{"@type":"SearchAction","target":{"@type":"EntryPoint","urlTemplate":"https:\/\/judoproleague.com\/?s={search_term_string}"},"query-input":{"@type":"PropertyValueSpecification","valueRequired":true,"valueName":"search_term_string"}}],"inLanguage":"en-US"},{"@type":"Organization","@id":"https:\/\/judoproleague.com\/#organization","name":"Judo Pro League","url":"https:\/\/judoproleague.com\/","logo":{"@type":"ImageObject","inLanguage":"en-US","@id":"https:\/\/judoproleague.com\/#\/schema\/logo\/image\/","url":"https:\/\/judoproleague.com\/wp-content\/uploads\/2024\/10\/JPL-LOGO-light-1.svg","contentUrl":"https:\/\/judoproleague.com\/wp-content\/uploads\/2024\/10\/JPL-LOGO-light-1.svg","width":198,"height":83,"caption":"Judo Pro League"},"image":{"@id":"https:\/\/judoproleague.com\/#\/schema\/logo\/image\/"}},{"@type":"Person","@id":"https:\/\/judoproleague.com\/#\/schema\/person\/1cc0d3c1265a4f6956c0bf9ad6389b37","name":"Alan GAUDEFROY","image":{"@type":"ImageObject","inLanguage":"en-US","@id":"https:\/\/judoproleague.com\/#\/schema\/person\/image\/","url":"https:\/\/secure.gravatar.com\/avatar\/f7ed2dc65f91e5fc8e3a880a460ca52653ffa31251b597d2880f1aaf5b39fdc4?s=96&d=mm&r=g","contentUrl":"https:\/\/secure.gravatar.com\/avatar\/f7ed2dc65f91e5fc8e3a880a460ca52653ffa31251b597d2880f1aaf5b39fdc4?s=96&d=mm&r=g","caption":"Alan GAUDEFROY"},"url":"https:\/\/judoproleague.com\/en\/author\/alanjpl\/"}]}},"_links":{"self":[{"href":"https:\/\/judoproleague.com\/en\/wp-json\/wp\/v2\/posts\/2177","targetHints":{"allow":["GET"]}}],"collection":[{"href":"https:\/\/judoproleague.com\/en\/wp-json\/wp\/v2\/posts"}],"about":[{"href":"https:\/\/judoproleague.com\/en\/wp-json\/wp\/v2\/types\/post"}],"author":[{"embeddable":true,"href":"https:\/\/judoproleague.com\/en\/wp-json\/wp\/v2\/users\/4"}],"replies":[{"embeddable":true,"href":"https:\/\/judoproleague.com\/en\/wp-json\/wp\/v2\/comments?post=2177"}],"version-history":[{"count":0,"href":"https:\/\/judoproleague.com\/en\/wp-json\/wp\/v2\/posts\/2177\/revisions"}],"wp:featuredmedia":[{"embeddable":true,"href":"https:\/\/judoproleague.com\/en\/wp-json\/wp\/v2\/media\/2182"}],"wp:attachment":[{"href":"https:\/\/judoproleague.com\/en\/wp-json\/wp\/v2\/media?parent=2177"}],"wp:term":[{"taxonomy":"category","embeddable":true,"href":"https:\/\/judoproleague.com\/en\/wp-json\/wp\/v2\/categories?post=2177"},{"taxonomy":"post_tag","embeddable":true,"href":"https:\/\/judoproleague.com\/en\/wp-json\/wp\/v2\/tags?post=2177"}],"curies":[{"name":"wp","href":"https:\/\/api.w.org\/{rel}","templated":true}]}}