{"id":19196,"date":"2026-02-26T11:49:15","date_gmt":"2026-02-26T10:49:15","guid":{"rendered":"https:\/\/judoproleague.com\/?p=19196"},"modified":"2026-02-26T11:49:15","modified_gmt":"2026-02-26T10:49:15","slug":"lacbb-judo-impregnable-at-home","status":"publish","type":"post","link":"https:\/\/judoproleague.com\/en\/lacbb-judo-imprenable-a-domicile\/","title":{"rendered":"ACBB Judo impregnable at home"},"content":{"rendered":"<p><b><span data-contrast=\"auto\">Just as in the qualifying rounds, when they beat US Orl\u00e9ans LJJ (5-0) and Dojo Nantais (8-1) in the gymnasium Souriau, the legendary Boulogne-Billancourt club made short work of FLAM 91, who were without Olympic medallists Shirine Boukli and Luka Mkheidze, and French heavyweight champion Math\u00e9o Akiana Mongo.<\/span><\/b><span data-ccp-props=\"{}\">\u00a0<\/span><\/p>\n<p><span data-ccp-props=\"{}\">\u00a0<\/span><\/p>\n<p><span data-contrast=\"auto\">The gymnasium Souriau was warmed up by the announcer, and a memorable evening was had by all for the first Judo Pro League quarter-final in the history of the ACBB, an ambitious newcomer to the competition. Flags, T-shirts, scarves, giant signs bearing the effigy of their champions, DJ set... everything had been planned to ensure a great show for the hundreds of supporters packed into the stands. Essonnienne Laura Duchaussoy's skilful stranglehold on Naomi Cabaret (-70kg) in the first duel had barely lowered the decibels when Yoann Benezra (-90kg), up against captain Ibrahim Keita, put his team back on track with a shoulder movement worth ippon after a good two minutes of golden score (back from the quarter-finals according to the competition formula). Better still, the Orange et Noir literally took off, with 2025 world junior champion - and fifth at the last Grand Slam in Paris - C\u00e9lia Cancan beating Yvana Kamga Ngangoum with a back-and-forth move of which she is a master, before Ukrainian Yevheniy Balyevskyy (+90kg) pinned Francis Damier to the floor. Before the break, L\u00e9onie Gonzalez (-52kg) showed her ne-waza skills to subdue Fina Pam\u00e9die Katendi Nzuzi, who had been honored two days earlier at the Label Excellence in Saint-Gratien, with a juji-gatame.<\/span><\/p>\n<p>&nbsp;<\/p>\n<p style=\"text-align: center;\"><img loading=\"lazy\" decoding=\"async\" class=\"alignnone  wp-image-19198\" src=\"https:\/\/judoproleague.com\/wp-content\/uploads\/2026\/02\/ACBB-judo-pro-league-J2-\u00a9Fabrice-Sudaka-300x200.jpg\" alt=\"\" width=\"500\" height=\"333\" srcset=\"https:\/\/judoproleague.com\/wp-content\/uploads\/2026\/02\/ACBB-judo-pro-league-J2-\u00a9Fabrice-Sudaka-300x200.jpg 300w, https:\/\/judoproleague.com\/wp-content\/uploads\/2026\/02\/ACBB-judo-pro-league-J2-\u00a9Fabrice-Sudaka-1024x683.jpg 1024w, https:\/\/judoproleague.com\/wp-content\/uploads\/2026\/02\/ACBB-judo-pro-league-J2-\u00a9Fabrice-Sudaka-768x512.jpg 768w, https:\/\/judoproleague.com\/wp-content\/uploads\/2026\/02\/ACBB-judo-pro-league-J2-\u00a9Fabrice-Sudaka-18x12.jpg 18w, https:\/\/judoproleague.com\/wp-content\/uploads\/2026\/02\/ACBB-judo-pro-league-J2-\u00a9Fabrice-Sudaka.jpg 1200w\" sizes=\"auto, (max-width: 500px) 100vw, 500px\" \/><\/p>\n<h3 style=\"text-align: center;\">\n<b><span data-contrast=\"auto\">A fiery atmosphere until the tenth fight<\/span><\/b><span data-ccp-props=\"{}\">\u00a0<\/span><\/h3>\n<p>&nbsp;<\/p>\n<p><span data-contrast=\"auto\">At 4-1, the mission was already looking almost impossible for Louis Masy and Mathias Boucher's troops, all the more so as the Hauts-de-Seine outfit's major assets were looming large. Romain Valadier Picard, vice world champion 2025 in the -60kg class, was surprised by a sweep from Enzo Vantroyen - vice champion of France cadets 2024 - who unabashedly scored a yuko at the start of the bout, but came through with flying ippon-seoi-nage. He was then able to serenely hand over to the two Olympic bronze medallists in the -57kg category at the Paris 2024 Games, Japan's Haruka Funakubo and France's Sarah-L\u00e9onie Cysique (lined up in the -63kg category), who both won on the floor against reigning French champion Chlo\u00e9 Devictor and Arminda Nkayilu. Between demonstrations by the two international rivals, it was Eliot Pr\u00e9v\u00e9 (-73kg) who ensured the show with a perfectly timed sweep against L\u00e9on Muteba. All that remained was for young Mehdi Salah (-81kg), third at the recent Label Super Excellence junior tournament in Aix-en-Provence, to conclude victoriously against the 2022 European cadet vice-champion, Kais Guettari, in a clash that smacked of the next generation. With a 9-1 scoreline, FLAM 91's Judo Pro League campaign came to an end in the Hauts-de-Seine, while ACBB Judo will be in the Final Four on May 16.\u00a0<\/span><span data-ccp-props=\"{}\">\u00a0<\/span><\/p>\n<p><span data-ccp-props=\"{}\">\u00a0<\/span><\/p>\n<p><span data-contrast=\"auto\">To find out who their semi-final opponents will be, we'll have to wait until next week, when Arts Martiaux Saint Gratien, runners-up in the qualifying rounds and also promoted to the event, take on Juniville-Marnaval Grand Est on March 3.<\/span><span data-ccp-props=\"{}\">\u00a0<\/span><\/p>\n<p><span data-ccp-props=\"{}\">\u00a0<\/span><\/p>","protected":false},"excerpt":{"rendered":"<p>Comme lors des \u00e9liminatoires o\u00f9 il a impos\u00e9 sa loi au gymnase Souriau face \u00e0 l\u2019US Orl\u00e9ans\u00a0LJJ\u00a0(5-0) et au Dojo Nantais (8-1),\u00a0le club mythique de Boulogne-Billancourt\u00a0n\u2019a fait qu\u2019une bouch\u00e9e du FLAM 91,\u00a0qui se\u00a0pr\u00e9sentait\u00a0sans ses m\u00e9daill\u00e9s olympiques\u00a0Shirine\u00a0Boukli\u00a0et Luka\u00a0Mkheidze, ni son champion de France des lourds Math\u00e9o\u00a0Akiana\u00a0Mongo.\u00a0 \u00a0 Chauff\u00e9 \u00e0 blanc par le speaker, le gymnase Souriau [&hellip;]<\/p>\n","protected":false},"author":4,"featured_media":19197,"comment_status":"closed","ping_status":"open","sticky":false,"template":"","format":"standard","meta":{"footnotes":""},"categories":[25],"tags":[],"class_list":["post-19196","post","type-post","status-publish","format-standard","has-post-thumbnail","hentry","category-acbb-boulogne"],"acf":[],"yoast_head":"<!-- This site is optimized with the Yoast SEO plugin v27.1.1 - https:\/\/yoast.com\/product\/yoast-seo-wordpress\/ -->\n<title>L\u2019ACBB Judo imprenable \u00e0 domicile - Judo Pro League<\/title>\n<meta name=\"robots\" content=\"index, follow, max-snippet:-1, max-image-preview:large, max-video-preview:-1\" \/>\n<link rel=\"canonical\" href=\"https:\/\/judoproleague.com\/en\/lacbb-judo-impregnable-at-home\/\" \/>\n<meta property=\"og:locale\" content=\"en_US\" \/>\n<meta property=\"og:type\" content=\"article\" \/>\n<meta property=\"og:title\" content=\"L\u2019ACBB Judo imprenable \u00e0 domicile - Judo Pro League\" \/>\n<meta property=\"og:description\" content=\"Comme lors des \u00e9liminatoires o\u00f9 il a impos\u00e9 sa loi au gymnase Souriau face \u00e0 l\u2019US Orl\u00e9ans\u00a0LJJ\u00a0(5-0) et au Dojo Nantais (8-1),\u00a0le club mythique de Boulogne-Billancourt\u00a0n\u2019a fait qu\u2019une bouch\u00e9e du FLAM 91,\u00a0qui se\u00a0pr\u00e9sentait\u00a0sans ses m\u00e9daill\u00e9s olympiques\u00a0Shirine\u00a0Boukli\u00a0et Luka\u00a0Mkheidze, ni son champion de France des lourds Math\u00e9o\u00a0Akiana\u00a0Mongo.\u00a0 \u00a0 Chauff\u00e9 \u00e0 blanc par le speaker, le gymnase Souriau [&hellip;]\" \/>\n<meta property=\"og:url\" content=\"https:\/\/judoproleague.com\/en\/lacbb-judo-impregnable-at-home\/\" \/>\n<meta property=\"og:site_name\" content=\"Judo Pro League\" \/>\n<meta property=\"article:published_time\" content=\"2026-02-26T10:49:15+00:00\" \/>\n<meta property=\"og:image\" content=\"https:\/\/judoproleague.com\/wp-content\/uploads\/2026\/02\/IMG_0194.jpg\" \/>\n\t<meta property=\"og:image:width\" content=\"1179\" \/>\n\t<meta property=\"og:image:height\" content=\"777\" \/>\n\t<meta property=\"og:image:type\" content=\"image\/jpeg\" \/>\n<meta name=\"author\" content=\"Alan GAUDEFROY\" \/>\n<meta name=\"twitter:card\" content=\"summary_large_image\" \/>\n<meta name=\"twitter:label1\" content=\"Written by\" \/>\n\t<meta name=\"twitter:data1\" content=\"Alan GAUDEFROY\" \/>\n\t<meta name=\"twitter:label2\" content=\"Est. reading time\" \/>\n\t<meta name=\"twitter:data2\" content=\"4 minutes\" \/>\n<script type=\"application\/ld+json\" class=\"yoast-schema-graph\">{\"@context\":\"https:\/\/schema.org\",\"@graph\":[{\"@type\":\"Article\",\"@id\":\"https:\/\/judoproleague.com\/lacbb-judo-imprenable-a-domicile\/#article\",\"isPartOf\":{\"@id\":\"https:\/\/judoproleague.com\/lacbb-judo-imprenable-a-domicile\/\"},\"author\":{\"name\":\"Alan GAUDEFROY\",\"@id\":\"https:\/\/judoproleague.com\/#\/schema\/person\/1cc0d3c1265a4f6956c0bf9ad6389b37\"},\"headline\":\"L\u2019ACBB Judo imprenable \u00e0 domicile\",\"datePublished\":\"2026-02-26T10:49:15+00:00\",\"mainEntityOfPage\":{\"@id\":\"https:\/\/judoproleague.com\/lacbb-judo-imprenable-a-domicile\/\"},\"wordCount\":603,\"publisher\":{\"@id\":\"https:\/\/judoproleague.com\/#organization\"},\"image\":{\"@id\":\"https:\/\/judoproleague.com\/lacbb-judo-imprenable-a-domicile\/#primaryimage\"},\"thumbnailUrl\":\"https:\/\/judoproleague.com\/wp-content\/uploads\/2026\/02\/IMG_0194.jpg\",\"articleSection\":[\"ACBB Boulogne\"],\"inLanguage\":\"en-US\"},{\"@type\":\"WebPage\",\"@id\":\"https:\/\/judoproleague.com\/lacbb-judo-imprenable-a-domicile\/\",\"url\":\"https:\/\/judoproleague.com\/lacbb-judo-imprenable-a-domicile\/\",\"name\":\"L\u2019ACBB Judo imprenable \u00e0 domicile - Judo Pro League\",\"isPartOf\":{\"@id\":\"https:\/\/judoproleague.com\/#website\"},\"primaryImageOfPage\":{\"@id\":\"https:\/\/judoproleague.com\/lacbb-judo-imprenable-a-domicile\/#primaryimage\"},\"image\":{\"@id\":\"https:\/\/judoproleague.com\/lacbb-judo-imprenable-a-domicile\/#primaryimage\"},\"thumbnailUrl\":\"https:\/\/judoproleague.com\/wp-content\/uploads\/2026\/02\/IMG_0194.jpg\",\"datePublished\":\"2026-02-26T10:49:15+00:00\",\"inLanguage\":\"en-US\",\"potentialAction\":[{\"@type\":\"ReadAction\",\"target\":[\"https:\/\/judoproleague.com\/lacbb-judo-imprenable-a-domicile\/\"]}]},{\"@type\":\"ImageObject\",\"inLanguage\":\"en-US\",\"@id\":\"https:\/\/judoproleague.com\/lacbb-judo-imprenable-a-domicile\/#primaryimage\",\"url\":\"https:\/\/judoproleague.com\/wp-content\/uploads\/2026\/02\/IMG_0194.jpg\",\"contentUrl\":\"https:\/\/judoproleague.com\/wp-content\/uploads\/2026\/02\/IMG_0194.jpg\",\"width\":1179,\"height\":777,\"caption\":\"Screenshot\"},{\"@type\":\"WebSite\",\"@id\":\"https:\/\/judoproleague.com\/#website\",\"url\":\"https:\/\/judoproleague.com\/\",\"name\":\"Judo Pro League\",\"description\":\"\",\"publisher\":{\"@id\":\"https:\/\/judoproleague.com\/#organization\"},\"potentialAction\":[{\"@type\":\"SearchAction\",\"target\":{\"@type\":\"EntryPoint\",\"urlTemplate\":\"https:\/\/judoproleague.com\/?s={search_term_string}\"},\"query-input\":{\"@type\":\"PropertyValueSpecification\",\"valueRequired\":true,\"valueName\":\"search_term_string\"}}],\"inLanguage\":\"en-US\"},{\"@type\":\"Organization\",\"@id\":\"https:\/\/judoproleague.com\/#organization\",\"name\":\"Judo Pro League\",\"url\":\"https:\/\/judoproleague.com\/\",\"logo\":{\"@type\":\"ImageObject\",\"inLanguage\":\"en-US\",\"@id\":\"https:\/\/judoproleague.com\/#\/schema\/logo\/image\/\",\"url\":\"https:\/\/judoproleague.com\/wp-content\/uploads\/2024\/10\/JPL-LOGO-light-1.svg\",\"contentUrl\":\"https:\/\/judoproleague.com\/wp-content\/uploads\/2024\/10\/JPL-LOGO-light-1.svg\",\"width\":198,\"height\":83,\"caption\":\"Judo Pro League\"},\"image\":{\"@id\":\"https:\/\/judoproleague.com\/#\/schema\/logo\/image\/\"}},{\"@type\":\"Person\",\"@id\":\"https:\/\/judoproleague.com\/#\/schema\/person\/1cc0d3c1265a4f6956c0bf9ad6389b37\",\"name\":\"Alan GAUDEFROY\",\"image\":{\"@type\":\"ImageObject\",\"inLanguage\":\"en-US\",\"@id\":\"https:\/\/judoproleague.com\/#\/schema\/person\/image\/\",\"url\":\"https:\/\/secure.gravatar.com\/avatar\/f7ed2dc65f91e5fc8e3a880a460ca52653ffa31251b597d2880f1aaf5b39fdc4?s=96&d=mm&r=g\",\"contentUrl\":\"https:\/\/secure.gravatar.com\/avatar\/f7ed2dc65f91e5fc8e3a880a460ca52653ffa31251b597d2880f1aaf5b39fdc4?s=96&d=mm&r=g\",\"caption\":\"Alan GAUDEFROY\"},\"url\":\"https:\/\/judoproleague.com\/en\/author\/alanjpl\/\"}]}<\/script>\n<!-- \/ Yoast SEO plugin. -->","yoast_head_json":{"title":"ACBB Judo impregnable at home - Judo Pro League","robots":{"index":"index","follow":"follow","max-snippet":"max-snippet:-1","max-image-preview":"max-image-preview:large","max-video-preview":"max-video-preview:-1"},"canonical":"https:\/\/judoproleague.com\/en\/lacbb-judo-impregnable-at-home\/","og_locale":"en_US","og_type":"article","og_title":"L\u2019ACBB Judo imprenable \u00e0 domicile - Judo Pro League","og_description":"Comme lors des \u00e9liminatoires o\u00f9 il a impos\u00e9 sa loi au gymnase Souriau face \u00e0 l\u2019US Orl\u00e9ans\u00a0LJJ\u00a0(5-0) et au Dojo Nantais (8-1),\u00a0le club mythique de Boulogne-Billancourt\u00a0n\u2019a fait qu\u2019une bouch\u00e9e du FLAM 91,\u00a0qui se\u00a0pr\u00e9sentait\u00a0sans ses m\u00e9daill\u00e9s olympiques\u00a0Shirine\u00a0Boukli\u00a0et Luka\u00a0Mkheidze, ni son champion de France des lourds Math\u00e9o\u00a0Akiana\u00a0Mongo.\u00a0 \u00a0 Chauff\u00e9 \u00e0 blanc par le speaker, le gymnase Souriau [&hellip;]","og_url":"https:\/\/judoproleague.com\/en\/lacbb-judo-impregnable-at-home\/","og_site_name":"Judo Pro League","article_published_time":"2026-02-26T10:49:15+00:00","og_image":[{"width":1179,"height":777,"url":"https:\/\/judoproleague.com\/wp-content\/uploads\/2026\/02\/IMG_0194.jpg","type":"image\/jpeg"}],"author":"Alan GAUDEFROY","twitter_card":"summary_large_image","twitter_misc":{"Written by":"Alan GAUDEFROY","Est. reading time":"4 minutes"},"schema":{"@context":"https:\/\/schema.org","@graph":[{"@type":"Article","@id":"https:\/\/judoproleague.com\/lacbb-judo-imprenable-a-domicile\/#article","isPartOf":{"@id":"https:\/\/judoproleague.com\/lacbb-judo-imprenable-a-domicile\/"},"author":{"name":"Alan GAUDEFROY","@id":"https:\/\/judoproleague.com\/#\/schema\/person\/1cc0d3c1265a4f6956c0bf9ad6389b37"},"headline":"L\u2019ACBB Judo imprenable \u00e0 domicile","datePublished":"2026-02-26T10:49:15+00:00","mainEntityOfPage":{"@id":"https:\/\/judoproleague.com\/lacbb-judo-imprenable-a-domicile\/"},"wordCount":603,"publisher":{"@id":"https:\/\/judoproleague.com\/#organization"},"image":{"@id":"https:\/\/judoproleague.com\/lacbb-judo-imprenable-a-domicile\/#primaryimage"},"thumbnailUrl":"https:\/\/judoproleague.com\/wp-content\/uploads\/2026\/02\/IMG_0194.jpg","articleSection":["ACBB Boulogne"],"inLanguage":"en-US"},{"@type":"WebPage","@id":"https:\/\/judoproleague.com\/lacbb-judo-imprenable-a-domicile\/","url":"https:\/\/judoproleague.com\/lacbb-judo-imprenable-a-domicile\/","name":"ACBB Judo impregnable at home - Judo Pro League","isPartOf":{"@id":"https:\/\/judoproleague.com\/#website"},"primaryImageOfPage":{"@id":"https:\/\/judoproleague.com\/lacbb-judo-imprenable-a-domicile\/#primaryimage"},"image":{"@id":"https:\/\/judoproleague.com\/lacbb-judo-imprenable-a-domicile\/#primaryimage"},"thumbnailUrl":"https:\/\/judoproleague.com\/wp-content\/uploads\/2026\/02\/IMG_0194.jpg","datePublished":"2026-02-26T10:49:15+00:00","inLanguage":"en-US","potentialAction":[{"@type":"ReadAction","target":["https:\/\/judoproleague.com\/lacbb-judo-imprenable-a-domicile\/"]}]},{"@type":"ImageObject","inLanguage":"en-US","@id":"https:\/\/judoproleague.com\/lacbb-judo-imprenable-a-domicile\/#primaryimage","url":"https:\/\/judoproleague.com\/wp-content\/uploads\/2026\/02\/IMG_0194.jpg","contentUrl":"https:\/\/judoproleague.com\/wp-content\/uploads\/2026\/02\/IMG_0194.jpg","width":1179,"height":777,"caption":"Screenshot"},{"@type":"WebSite","@id":"https:\/\/judoproleague.com\/#website","url":"https:\/\/judoproleague.com\/","name":"Judo Pro League","description":"","publisher":{"@id":"https:\/\/judoproleague.com\/#organization"},"potentialAction":[{"@type":"SearchAction","target":{"@type":"EntryPoint","urlTemplate":"https:\/\/judoproleague.com\/?s={search_term_string}"},"query-input":{"@type":"PropertyValueSpecification","valueRequired":true,"valueName":"search_term_string"}}],"inLanguage":"en-US"},{"@type":"Organization","@id":"https:\/\/judoproleague.com\/#organization","name":"Judo Pro League","url":"https:\/\/judoproleague.com\/","logo":{"@type":"ImageObject","inLanguage":"en-US","@id":"https:\/\/judoproleague.com\/#\/schema\/logo\/image\/","url":"https:\/\/judoproleague.com\/wp-content\/uploads\/2024\/10\/JPL-LOGO-light-1.svg","contentUrl":"https:\/\/judoproleague.com\/wp-content\/uploads\/2024\/10\/JPL-LOGO-light-1.svg","width":198,"height":83,"caption":"Judo Pro League"},"image":{"@id":"https:\/\/judoproleague.com\/#\/schema\/logo\/image\/"}},{"@type":"Person","@id":"https:\/\/judoproleague.com\/#\/schema\/person\/1cc0d3c1265a4f6956c0bf9ad6389b37","name":"Alan GAUDEFROY","image":{"@type":"ImageObject","inLanguage":"en-US","@id":"https:\/\/judoproleague.com\/#\/schema\/person\/image\/","url":"https:\/\/secure.gravatar.com\/avatar\/f7ed2dc65f91e5fc8e3a880a460ca52653ffa31251b597d2880f1aaf5b39fdc4?s=96&d=mm&r=g","contentUrl":"https:\/\/secure.gravatar.com\/avatar\/f7ed2dc65f91e5fc8e3a880a460ca52653ffa31251b597d2880f1aaf5b39fdc4?s=96&d=mm&r=g","caption":"Alan GAUDEFROY"},"url":"https:\/\/judoproleague.com\/en\/author\/alanjpl\/"}]}},"_links":{"self":[{"href":"https:\/\/judoproleague.com\/en\/wp-json\/wp\/v2\/posts\/19196","targetHints":{"allow":["GET"]}}],"collection":[{"href":"https:\/\/judoproleague.com\/en\/wp-json\/wp\/v2\/posts"}],"about":[{"href":"https:\/\/judoproleague.com\/en\/wp-json\/wp\/v2\/types\/post"}],"author":[{"embeddable":true,"href":"https:\/\/judoproleague.com\/en\/wp-json\/wp\/v2\/users\/4"}],"replies":[{"embeddable":true,"href":"https:\/\/judoproleague.com\/en\/wp-json\/wp\/v2\/comments?post=19196"}],"version-history":[{"count":1,"href":"https:\/\/judoproleague.com\/en\/wp-json\/wp\/v2\/posts\/19196\/revisions"}],"predecessor-version":[{"id":19199,"href":"https:\/\/judoproleague.com\/en\/wp-json\/wp\/v2\/posts\/19196\/revisions\/19199"}],"wp:featuredmedia":[{"embeddable":true,"href":"https:\/\/judoproleague.com\/en\/wp-json\/wp\/v2\/media\/19197"}],"wp:attachment":[{"href":"https:\/\/judoproleague.com\/en\/wp-json\/wp\/v2\/media?parent=19196"}],"wp:term":[{"taxonomy":"category","embeddable":true,"href":"https:\/\/judoproleague.com\/en\/wp-json\/wp\/v2\/categories?post=19196"},{"taxonomy":"post_tag","embeddable":true,"href":"https:\/\/judoproleague.com\/en\/wp-json\/wp\/v2\/tags?post=19196"}],"curies":[{"name":"wp","href":"https:\/\/api.w.org\/{rel}","templated":true}]}}