{"id":18009,"date":"2026-01-06T17:23:20","date_gmt":"2026-01-06T16:23:20","guid":{"rendered":"https:\/\/judoproleague.com\/?p=18009"},"modified":"2026-01-06T17:24:37","modified_gmt":"2026-01-06T16:24:37","slug":"flam-91-never-wavers","status":"publish","type":"post","link":"https:\/\/judoproleague.com\/en\/le-flam-91-ne-vacille-pas\/","title":{"rendered":"FLAM 91 is not wavering"},"content":{"rendered":"<p>&nbsp;<\/p>\n<p><span data-contrast=\"auto\">Behind RSC Montreuil and Arts Martiaux Saint-Gratien, who made it four in a row in the qualifiers, it's FLAM 91 who are in the best position, even before their final match against Judo Nice M\u00e9tropole on January 13.\u00a0<\/span><i><span data-contrast=\"auto\">\u00abAs soon as the draw was made, we knew we'd have to make sure of the first three days, especially the Essonne derby against JC Chilly-Mazarin Morangis.\u00a0<\/span><\/i><span data-contrast=\"auto\">(7-3 victory, Editor's note)<\/span><i><span data-contrast=\"auto\">,<\/span><\/i><span data-contrast=\"auto\">\u00a0says president Simon Soubiran.\u00a0<\/span><i><span data-contrast=\"auto\">Between the January national training camps with the French team and the prospect of the Paris Grand Slam - five selected for the club - at the beginning of February, we wanted to approach the reception of Nice, a big client in this Judo Pro League, in the most comfortable position possible.\u00bb<\/span><\/i><span data-contrast=\"auto\">\u00a0Without losing sight of the goal of a perfect record, which would undoubtedly earn them a quarter at home,\u00a0<\/span><i><span data-contrast=\"auto\">\u00abIt's a great opportunity for us to bring together our young practitioners, our volunteers and our champions for one evening.<\/span><\/i><span data-ccp-props=\"{}\">\u00a0<\/span><\/p>\n<p><span data-ccp-props=\"{}\">\u00a0<\/span><\/p>\n<p style=\"text-align: center;\"><img loading=\"lazy\" decoding=\"async\" class=\"alignnone wp-image-3392\" src=\"https:\/\/judoproleague.com\/wp-content\/uploads\/2024\/09\/FLAM_LOGO-300x298.png\" alt=\"\" width=\"356\" height=\"354\" srcset=\"https:\/\/judoproleague.com\/wp-content\/uploads\/2024\/09\/FLAM_LOGO-300x298.png 300w, https:\/\/judoproleague.com\/wp-content\/uploads\/2024\/09\/FLAM_LOGO-150x150.png 150w, https:\/\/judoproleague.com\/wp-content\/uploads\/2024\/09\/FLAM_LOGO-12x12.png 12w, https:\/\/judoproleague.com\/wp-content\/uploads\/2024\/09\/FLAM_LOGO.png 532w\" sizes=\"auto, (max-width: 356px) 100vw, 356px\" \/><\/p>\n<p>&nbsp;<\/p>\n<p>&nbsp;<\/p>\n<h2 style=\"text-align: center;\"><b><span data-contrast=\"auto\">Top 4 in the sights<\/span><\/b><span data-ccp-props=\"{}\">\u00a0<\/span><\/h2>\n<p>&nbsp;<\/p>\n<p><span data-contrast=\"auto\">Despite a more restrained collective than in the past, in order to push the individualization sliders even further, the Noir et Or have so far succeeded in blending their historical pillars - Ibrahim Keita and Francis Damier in the lead - with their triumphant youth, notably embodied by Fina Pam\u00e9die Katendi Nzuzi and Yvana Kamga Ngangoum. And with its two Olympic medallists, Shirine Boukli and Luka Mkheidze (in the -66kg class against Chilly-Mazarin to prepare for his international comeback), and its two recent French champions - Chlo\u00e9 Devictor in the -57kg class and Math\u00e9o Akiana Mongo in the +100kg class - the second half of the season is shaping up nicely.\u00a0<\/span><i><span data-contrast=\"auto\">\u00abOur ambition is to support each athlete in his or her personal project, and the Judo Pro League should also serve us for that, over and above the visibility that the competition offers our structure.\u00bb\u00a0<\/span><\/i><span data-contrast=\"auto\">First objective: to erase for good the disappointment of last year's cruel quarter-final defeat by Auxerre Judo (3-5). This means putting in a solid performance against the Azur\u00e9ens next week...<\/span><span data-ccp-props=\"{}\">\u00a0<\/span><\/p>\n<p>&nbsp;<\/p>\n<p style=\"text-align: center;\">","protected":false},"excerpt":{"rendered":"<p>&nbsp; Derri\u00e8re Le RSC Montreuil et les Arts Martiaux Saint-Gratien qui ont r\u00e9ussi le quatre \u00e0 la suite en \u00e9liminatoires, c\u2019est\u00a0le FLAM 91\u00a0qui se trouve dans la meilleure position,\u00a0avant m\u00eame sa derni\u00e8re rencontre,\u00a0le 13 janvier prochain contre le Judo Nice M\u00e9tropole.\u00a0\u00ab\u202fD\u00e8s le tirage au sort, nous savions qu\u2019il fallait assurer sur les trois premi\u00e8res journ\u00e9es, [&hellip;]<\/p>\n","protected":false},"author":4,"featured_media":18010,"comment_status":"closed","ping_status":"open","sticky":false,"template":"","format":"standard","meta":{"footnotes":""},"categories":[22],"tags":[],"class_list":["post-18009","post","type-post","status-publish","format-standard","has-post-thumbnail","hentry","category-flam-91"],"acf":[],"yoast_head":"<!-- This site is optimized with the Yoast SEO plugin v27.1.1 - https:\/\/yoast.com\/product\/yoast-seo-wordpress\/ -->\n<title>Le FLAM 91 ne vacille pas - Judo Pro League<\/title>\n<meta name=\"robots\" content=\"index, follow, max-snippet:-1, max-image-preview:large, max-video-preview:-1\" \/>\n<link rel=\"canonical\" href=\"https:\/\/judoproleague.com\/en\/flam-91-never-wavers\/\" \/>\n<meta property=\"og:locale\" content=\"en_US\" \/>\n<meta property=\"og:type\" content=\"article\" \/>\n<meta property=\"og:title\" content=\"Le FLAM 91 ne vacille pas - Judo Pro League\" \/>\n<meta property=\"og:description\" content=\"&nbsp; Derri\u00e8re Le RSC Montreuil et les Arts Martiaux Saint-Gratien qui ont r\u00e9ussi le quatre \u00e0 la suite en \u00e9liminatoires, c\u2019est\u00a0le FLAM 91\u00a0qui se trouve dans la meilleure position,\u00a0avant m\u00eame sa derni\u00e8re rencontre,\u00a0le 13 janvier prochain contre le Judo Nice M\u00e9tropole.\u00a0\u00ab\u202fD\u00e8s le tirage au sort, nous savions qu\u2019il fallait assurer sur les trois premi\u00e8res journ\u00e9es, [&hellip;]\" \/>\n<meta property=\"og:url\" content=\"https:\/\/judoproleague.com\/en\/flam-91-never-wavers\/\" \/>\n<meta property=\"og:site_name\" content=\"Judo Pro League\" \/>\n<meta property=\"article:published_time\" content=\"2026-01-06T16:23:20+00:00\" \/>\n<meta property=\"article:modified_time\" content=\"2026-01-06T16:24:37+00:00\" \/>\n<meta property=\"og:image\" content=\"https:\/\/judoproleague.com\/wp-content\/uploads\/2026\/01\/Flam-91-1024x668.png\" \/>\n\t<meta property=\"og:image:width\" content=\"1024\" \/>\n\t<meta property=\"og:image:height\" content=\"668\" \/>\n\t<meta property=\"og:image:type\" content=\"image\/png\" \/>\n<meta name=\"author\" content=\"Alan GAUDEFROY\" \/>\n<meta name=\"twitter:card\" content=\"summary_large_image\" \/>\n<meta name=\"twitter:label1\" content=\"Written by\" \/>\n\t<meta name=\"twitter:data1\" content=\"Alan GAUDEFROY\" \/>\n\t<meta name=\"twitter:label2\" content=\"Est. reading time\" \/>\n\t<meta name=\"twitter:data2\" content=\"3 minutes\" \/>\n<script type=\"application\/ld+json\" class=\"yoast-schema-graph\">{\"@context\":\"https:\/\/schema.org\",\"@graph\":[{\"@type\":\"Article\",\"@id\":\"https:\/\/judoproleague.com\/le-flam-91-ne-vacille-pas\/#article\",\"isPartOf\":{\"@id\":\"https:\/\/judoproleague.com\/le-flam-91-ne-vacille-pas\/\"},\"author\":{\"name\":\"Alan GAUDEFROY\",\"@id\":\"https:\/\/judoproleague.com\/#\/schema\/person\/1cc0d3c1265a4f6956c0bf9ad6389b37\"},\"headline\":\"Le FLAM 91 ne vacille pas\",\"datePublished\":\"2026-01-06T16:23:20+00:00\",\"dateModified\":\"2026-01-06T16:24:37+00:00\",\"mainEntityOfPage\":{\"@id\":\"https:\/\/judoproleague.com\/le-flam-91-ne-vacille-pas\/\"},\"wordCount\":389,\"publisher\":{\"@id\":\"https:\/\/judoproleague.com\/#organization\"},\"image\":{\"@id\":\"https:\/\/judoproleague.com\/le-flam-91-ne-vacille-pas\/#primaryimage\"},\"thumbnailUrl\":\"https:\/\/judoproleague.com\/wp-content\/uploads\/2026\/01\/Flam-91.png\",\"articleSection\":[\"FLAM 91\"],\"inLanguage\":\"en-US\"},{\"@type\":\"WebPage\",\"@id\":\"https:\/\/judoproleague.com\/le-flam-91-ne-vacille-pas\/\",\"url\":\"https:\/\/judoproleague.com\/le-flam-91-ne-vacille-pas\/\",\"name\":\"Le FLAM 91 ne vacille pas - Judo Pro League\",\"isPartOf\":{\"@id\":\"https:\/\/judoproleague.com\/#website\"},\"primaryImageOfPage\":{\"@id\":\"https:\/\/judoproleague.com\/le-flam-91-ne-vacille-pas\/#primaryimage\"},\"image\":{\"@id\":\"https:\/\/judoproleague.com\/le-flam-91-ne-vacille-pas\/#primaryimage\"},\"thumbnailUrl\":\"https:\/\/judoproleague.com\/wp-content\/uploads\/2026\/01\/Flam-91.png\",\"datePublished\":\"2026-01-06T16:23:20+00:00\",\"dateModified\":\"2026-01-06T16:24:37+00:00\",\"inLanguage\":\"en-US\",\"potentialAction\":[{\"@type\":\"ReadAction\",\"target\":[\"https:\/\/judoproleague.com\/le-flam-91-ne-vacille-pas\/\"]}]},{\"@type\":\"ImageObject\",\"inLanguage\":\"en-US\",\"@id\":\"https:\/\/judoproleague.com\/le-flam-91-ne-vacille-pas\/#primaryimage\",\"url\":\"https:\/\/judoproleague.com\/wp-content\/uploads\/2026\/01\/Flam-91.png\",\"contentUrl\":\"https:\/\/judoproleague.com\/wp-content\/uploads\/2026\/01\/Flam-91.png\",\"width\":2234,\"height\":1458},{\"@type\":\"WebSite\",\"@id\":\"https:\/\/judoproleague.com\/#website\",\"url\":\"https:\/\/judoproleague.com\/\",\"name\":\"Judo Pro League\",\"description\":\"\",\"publisher\":{\"@id\":\"https:\/\/judoproleague.com\/#organization\"},\"potentialAction\":[{\"@type\":\"SearchAction\",\"target\":{\"@type\":\"EntryPoint\",\"urlTemplate\":\"https:\/\/judoproleague.com\/?s={search_term_string}\"},\"query-input\":{\"@type\":\"PropertyValueSpecification\",\"valueRequired\":true,\"valueName\":\"search_term_string\"}}],\"inLanguage\":\"en-US\"},{\"@type\":\"Organization\",\"@id\":\"https:\/\/judoproleague.com\/#organization\",\"name\":\"Judo Pro League\",\"url\":\"https:\/\/judoproleague.com\/\",\"logo\":{\"@type\":\"ImageObject\",\"inLanguage\":\"en-US\",\"@id\":\"https:\/\/judoproleague.com\/#\/schema\/logo\/image\/\",\"url\":\"https:\/\/judoproleague.com\/wp-content\/uploads\/2024\/10\/JPL-LOGO-light-1.svg\",\"contentUrl\":\"https:\/\/judoproleague.com\/wp-content\/uploads\/2024\/10\/JPL-LOGO-light-1.svg\",\"width\":198,\"height\":83,\"caption\":\"Judo Pro League\"},\"image\":{\"@id\":\"https:\/\/judoproleague.com\/#\/schema\/logo\/image\/\"}},{\"@type\":\"Person\",\"@id\":\"https:\/\/judoproleague.com\/#\/schema\/person\/1cc0d3c1265a4f6956c0bf9ad6389b37\",\"name\":\"Alan GAUDEFROY\",\"image\":{\"@type\":\"ImageObject\",\"inLanguage\":\"en-US\",\"@id\":\"https:\/\/judoproleague.com\/#\/schema\/person\/image\/\",\"url\":\"https:\/\/secure.gravatar.com\/avatar\/f7ed2dc65f91e5fc8e3a880a460ca52653ffa31251b597d2880f1aaf5b39fdc4?s=96&d=mm&r=g\",\"contentUrl\":\"https:\/\/secure.gravatar.com\/avatar\/f7ed2dc65f91e5fc8e3a880a460ca52653ffa31251b597d2880f1aaf5b39fdc4?s=96&d=mm&r=g\",\"caption\":\"Alan GAUDEFROY\"},\"url\":\"https:\/\/judoproleague.com\/en\/author\/alanjpl\/\"}]}<\/script>\n<!-- \/ Yoast SEO plugin. -->","yoast_head_json":{"title":"FLAM 91 never wavers - Judo Pro League","robots":{"index":"index","follow":"follow","max-snippet":"max-snippet:-1","max-image-preview":"max-image-preview:large","max-video-preview":"max-video-preview:-1"},"canonical":"https:\/\/judoproleague.com\/en\/flam-91-never-wavers\/","og_locale":"en_US","og_type":"article","og_title":"Le FLAM 91 ne vacille pas - Judo Pro League","og_description":"&nbsp; Derri\u00e8re Le RSC Montreuil et les Arts Martiaux Saint-Gratien qui ont r\u00e9ussi le quatre \u00e0 la suite en \u00e9liminatoires, c\u2019est\u00a0le FLAM 91\u00a0qui se trouve dans la meilleure position,\u00a0avant m\u00eame sa derni\u00e8re rencontre,\u00a0le 13 janvier prochain contre le Judo Nice M\u00e9tropole.\u00a0\u00ab\u202fD\u00e8s le tirage au sort, nous savions qu\u2019il fallait assurer sur les trois premi\u00e8res journ\u00e9es, [&hellip;]","og_url":"https:\/\/judoproleague.com\/en\/flam-91-never-wavers\/","og_site_name":"Judo Pro League","article_published_time":"2026-01-06T16:23:20+00:00","article_modified_time":"2026-01-06T16:24:37+00:00","og_image":[{"width":1024,"height":668,"url":"https:\/\/judoproleague.com\/wp-content\/uploads\/2026\/01\/Flam-91-1024x668.png","type":"image\/png"}],"author":"Alan GAUDEFROY","twitter_card":"summary_large_image","twitter_misc":{"Written by":"Alan GAUDEFROY","Est. reading time":"3 minutes"},"schema":{"@context":"https:\/\/schema.org","@graph":[{"@type":"Article","@id":"https:\/\/judoproleague.com\/le-flam-91-ne-vacille-pas\/#article","isPartOf":{"@id":"https:\/\/judoproleague.com\/le-flam-91-ne-vacille-pas\/"},"author":{"name":"Alan GAUDEFROY","@id":"https:\/\/judoproleague.com\/#\/schema\/person\/1cc0d3c1265a4f6956c0bf9ad6389b37"},"headline":"Le FLAM 91 ne vacille pas","datePublished":"2026-01-06T16:23:20+00:00","dateModified":"2026-01-06T16:24:37+00:00","mainEntityOfPage":{"@id":"https:\/\/judoproleague.com\/le-flam-91-ne-vacille-pas\/"},"wordCount":389,"publisher":{"@id":"https:\/\/judoproleague.com\/#organization"},"image":{"@id":"https:\/\/judoproleague.com\/le-flam-91-ne-vacille-pas\/#primaryimage"},"thumbnailUrl":"https:\/\/judoproleague.com\/wp-content\/uploads\/2026\/01\/Flam-91.png","articleSection":["FLAM 91"],"inLanguage":"en-US"},{"@type":"WebPage","@id":"https:\/\/judoproleague.com\/le-flam-91-ne-vacille-pas\/","url":"https:\/\/judoproleague.com\/le-flam-91-ne-vacille-pas\/","name":"FLAM 91 never wavers - Judo Pro League","isPartOf":{"@id":"https:\/\/judoproleague.com\/#website"},"primaryImageOfPage":{"@id":"https:\/\/judoproleague.com\/le-flam-91-ne-vacille-pas\/#primaryimage"},"image":{"@id":"https:\/\/judoproleague.com\/le-flam-91-ne-vacille-pas\/#primaryimage"},"thumbnailUrl":"https:\/\/judoproleague.com\/wp-content\/uploads\/2026\/01\/Flam-91.png","datePublished":"2026-01-06T16:23:20+00:00","dateModified":"2026-01-06T16:24:37+00:00","inLanguage":"en-US","potentialAction":[{"@type":"ReadAction","target":["https:\/\/judoproleague.com\/le-flam-91-ne-vacille-pas\/"]}]},{"@type":"ImageObject","inLanguage":"en-US","@id":"https:\/\/judoproleague.com\/le-flam-91-ne-vacille-pas\/#primaryimage","url":"https:\/\/judoproleague.com\/wp-content\/uploads\/2026\/01\/Flam-91.png","contentUrl":"https:\/\/judoproleague.com\/wp-content\/uploads\/2026\/01\/Flam-91.png","width":2234,"height":1458},{"@type":"WebSite","@id":"https:\/\/judoproleague.com\/#website","url":"https:\/\/judoproleague.com\/","name":"Judo Pro League","description":"","publisher":{"@id":"https:\/\/judoproleague.com\/#organization"},"potentialAction":[{"@type":"SearchAction","target":{"@type":"EntryPoint","urlTemplate":"https:\/\/judoproleague.com\/?s={search_term_string}"},"query-input":{"@type":"PropertyValueSpecification","valueRequired":true,"valueName":"search_term_string"}}],"inLanguage":"en-US"},{"@type":"Organization","@id":"https:\/\/judoproleague.com\/#organization","name":"Judo Pro League","url":"https:\/\/judoproleague.com\/","logo":{"@type":"ImageObject","inLanguage":"en-US","@id":"https:\/\/judoproleague.com\/#\/schema\/logo\/image\/","url":"https:\/\/judoproleague.com\/wp-content\/uploads\/2024\/10\/JPL-LOGO-light-1.svg","contentUrl":"https:\/\/judoproleague.com\/wp-content\/uploads\/2024\/10\/JPL-LOGO-light-1.svg","width":198,"height":83,"caption":"Judo Pro League"},"image":{"@id":"https:\/\/judoproleague.com\/#\/schema\/logo\/image\/"}},{"@type":"Person","@id":"https:\/\/judoproleague.com\/#\/schema\/person\/1cc0d3c1265a4f6956c0bf9ad6389b37","name":"Alan GAUDEFROY","image":{"@type":"ImageObject","inLanguage":"en-US","@id":"https:\/\/judoproleague.com\/#\/schema\/person\/image\/","url":"https:\/\/secure.gravatar.com\/avatar\/f7ed2dc65f91e5fc8e3a880a460ca52653ffa31251b597d2880f1aaf5b39fdc4?s=96&d=mm&r=g","contentUrl":"https:\/\/secure.gravatar.com\/avatar\/f7ed2dc65f91e5fc8e3a880a460ca52653ffa31251b597d2880f1aaf5b39fdc4?s=96&d=mm&r=g","caption":"Alan GAUDEFROY"},"url":"https:\/\/judoproleague.com\/en\/author\/alanjpl\/"}]}},"_links":{"self":[{"href":"https:\/\/judoproleague.com\/en\/wp-json\/wp\/v2\/posts\/18009","targetHints":{"allow":["GET"]}}],"collection":[{"href":"https:\/\/judoproleague.com\/en\/wp-json\/wp\/v2\/posts"}],"about":[{"href":"https:\/\/judoproleague.com\/en\/wp-json\/wp\/v2\/types\/post"}],"author":[{"embeddable":true,"href":"https:\/\/judoproleague.com\/en\/wp-json\/wp\/v2\/users\/4"}],"replies":[{"embeddable":true,"href":"https:\/\/judoproleague.com\/en\/wp-json\/wp\/v2\/comments?post=18009"}],"version-history":[{"count":3,"href":"https:\/\/judoproleague.com\/en\/wp-json\/wp\/v2\/posts\/18009\/revisions"}],"predecessor-version":[{"id":18013,"href":"https:\/\/judoproleague.com\/en\/wp-json\/wp\/v2\/posts\/18009\/revisions\/18013"}],"wp:featuredmedia":[{"embeddable":true,"href":"https:\/\/judoproleague.com\/en\/wp-json\/wp\/v2\/media\/18010"}],"wp:attachment":[{"href":"https:\/\/judoproleague.com\/en\/wp-json\/wp\/v2\/media?parent=18009"}],"wp:term":[{"taxonomy":"category","embeddable":true,"href":"https:\/\/judoproleague.com\/en\/wp-json\/wp\/v2\/categories?post=18009"},{"taxonomy":"post_tag","embeddable":true,"href":"https:\/\/judoproleague.com\/en\/wp-json\/wp\/v2\/tags?post=18009"}],"curies":[{"name":"wp","href":"https:\/\/api.w.org\/{rel}","templated":true}]}}