{"id":16188,"date":"2025-11-27T10:54:48","date_gmt":"2025-11-27T09:54:48","guid":{"rendered":"https:\/\/judoproleague.com\/?p=16188"},"modified":"2025-11-27T13:59:27","modified_gmt":"2025-11-27T12:59:27","slug":"orleans-the-titleholder-looking-to-move-forward","status":"publish","type":"post","link":"https:\/\/judoproleague.com\/en\/orleans-le-tenant-du-titre-qui-veut-aller-de-lavant\/","title":{"rendered":"Orl\u00e9ans, the defending champions looking to move forward"},"content":{"rendered":"<p><span class=\"TextRun SCXW242456139 BCX0\" lang=\"FR-FR\" xml:lang=\"FR-FR\" data-contrast=\"auto\"><span class=\"NormalTextRun SCXW242456139 BCX0\">crowned on January 18 after coming to<\/span><span class=\"NormalTextRun SCXW242456139 BCX0\">e<\/span><span class=\"NormalTextRun SCXW242456139 BCX0\"> Auxerre Judo (5-4) in the final at the Paris Dojo, US Orl\u00e9ans Loiret JJ<\/span><span class=\"NormalTextRun SCXW242456139 BCX0\"> would like to see itself become the first team to retain its title. <\/span><\/span><span class=\"TextRun SCXW242456139 BCX0\" lang=\"FR-FR\" xml:lang=\"FR-FR\" data-contrast=\"auto\"><span class=\"NormalTextRun SCXW242456139 BCX0\">\"Inevitably, when you've tasted victory, you want to do it again as soon as possible.<\/span><\/span><span class=\"TextRun SCXW242456139 BCX0\" lang=\"FR-FR\" xml:lang=\"FR-FR\" data-contrast=\"auto\"><span class=\"NormalTextRun SCXW242456139 BCX0\">says coach Anthony Rodriguez. <\/span><\/span><span class=\"TextRun SCXW242456139 BCX0\" lang=\"FR-FR\" xml:lang=\"FR-FR\" data-contrast=\"auto\"><span class=\"NormalTextRun SCXW242456139 BCX0\">In terms of<\/span><span class=\"NormalTextRun SCXW242456139 BCX0\">state of<\/span><span class=\"NormalTextRun SCXW242456139 BCX0\">So it's the desire to do well that will once again guide us this year. <\/span><span class=\"NormalTextRun SCXW242456139 BCX0\">It wasn't enough <\/span><span class=\"NormalTextRun SCXW242456139 BCX0\">against AC Boulogne-Billancourt<\/span><\/span><span class=\"TextRun SCXW242456139 BCX0\" lang=\"FR-FR\" xml:lang=\"FR-FR\" data-contrast=\"auto\"><span class=\"NormalTextRun SCXW242456139 BCX0\"> (<\/span><span class=\"NormalTextRun SCXW242456139 BCX0\">defeat <\/span><span class=\"NormalTextRun SCXW242456139 BCX0\">0-5<\/span><span class=\"NormalTextRun SCXW242456139 BCX0\"> October 9, NDLR<\/span><span class=\"NormalTextRun SCXW242456139 BCX0\">)<\/span><\/span><span class=\"TextRun SCXW242456139 BCX0\" lang=\"FR-FR\" xml:lang=\"FR-FR\" data-contrast=\"auto\"><span class=\"NormalTextRun SCXW242456139 BCX0\">, <\/span><span class=\"NormalTextRun SCXW242456139 BCX0\">where we were missing several athletes like Martha <\/span><span class=\"NormalTextRun SpellingErrorV2Themed SCXW242456139 BCX0\">Fawaz<\/span><span class=\"NormalTextRun SCXW242456139 BCX0\">, <\/span><span class=\"NormalTextRun SpellingErrorV2Themed SCXW242456139 BCX0\">Zakary<\/span> <span class=\"NormalTextRun SpellingErrorV2Themed SCXW242456139 BCX0\">Ainseba<\/span><span class=\"NormalTextRun SCXW242456139 BCX0\"> and Max Laborde<\/span><span class=\"NormalTextRun SCXW242456139 BCX0\">But we still have three matches to go to the quarter-finals.<\/span><span class=\"NormalTextRun SCXW242456139 BCX0\">\"<\/span><\/span><span class=\"TextRun SCXW242456139 BCX0\" lang=\"FR-FR\" xml:lang=\"FR-FR\" data-contrast=\"auto\"><span class=\"NormalTextRun SCXW242456139 BCX0\"> After this week's trip to Saint-Gratien, the Loir\u00e9tains will be looking to shine in front of their home fans against Venelles (November 27) and Montpellier (December 17).<\/span><\/span><span class=\"EOP SCXW242456139 BCX0\" data-ccp-props=\"{}\">\u00a0<\/span><\/p>\n<p>&nbsp;<\/p>\n<p style=\"text-align: center;\"><img loading=\"lazy\" decoding=\"async\" class=\"alignnone wp-image-16189\" src=\"https:\/\/judoproleague.com\/wp-content\/uploads\/2025\/11\/uso-logo-300x300.jpg\" alt=\"\" width=\"358\" height=\"358\" srcset=\"https:\/\/judoproleague.com\/wp-content\/uploads\/2025\/11\/uso-logo-300x300.jpg 300w, https:\/\/judoproleague.com\/wp-content\/uploads\/2025\/11\/uso-logo-150x150.jpg 150w, https:\/\/judoproleague.com\/wp-content\/uploads\/2025\/11\/uso-logo-12x12.jpg 12w, https:\/\/judoproleague.com\/wp-content\/uploads\/2025\/11\/uso-logo.jpg 480w\" sizes=\"auto, (max-width: 358px) 100vw, 358px\" \/><\/p>\n<p><span class=\"TextRun SCXW188967864 BCX0\" lang=\"FR-FR\" xml:lang=\"FR-FR\" data-contrast=\"auto\"><span class=\"NormalTextRun SCXW188967864 BCX0\">With a squad virtually identical to last year's, bolstered by the arrival of triple junior national medallist Ilona <\/span><span class=\"NormalTextRun SpellingErrorV2Themed SCXW188967864 BCX0\">Depri<\/span><span class=\"NormalTextRun SCXW188967864 BCX0\"> (-70kg), the lighthouse of the Centre Val-de-Loire region knows the recipe for going far in the competition. \"<\/span><\/span><span class=\"TextRun SCXW188967864 BCX0\" lang=\"FR-FR\" xml:lang=\"FR-FR\" data-contrast=\"auto\"><span class=\"NormalTextRun SCXW188967864 BCX0\">C<\/span><span class=\"NormalTextRun SCXW188967864 BCX0\">his Judo Pro League should serve as a springboard for the individual seasons of each of us, including <\/span><span class=\"NormalTextRun SCXW188967864 BCX0\">this <\/span><span class=\"NormalTextRun SCXW188967864 BCX0\">first <\/span><span class=\"NormalTextRun SCXW188967864 BCX0\">an essential step <\/span><span class=\"NormalTextRun SCXW188967864 BCX0\">of the<\/span><span class=\"NormalTextRun SCXW188967864 BCX0\"> France championships<\/span><span class=\"NormalTextRun SCXW188967864 BCX0\">,<\/span><span class=\"NormalTextRun SCXW188967864 BCX0\"> on the horizon<\/span><span class=\"NormalTextRun SCXW188967864 BCX0\">nt<\/span><span class=\"NormalTextRun SCXW188967864 BCX0\"> in the middle of this elimination phase<\/span><span class=\"NormalTextRun SCXW188967864 BCX0\">, <\/span><\/span><span class=\"TextRun SCXW188967864 BCX0\" lang=\"FR-FR\" xml:lang=\"FR-FR\" data-contrast=\"auto\"><span class=\"NormalTextRun SCXW188967864 BCX0\">continues the <\/span><span class=\"NormalTextRun ContextualSpellingAndGrammarErrorV2Themed SCXW188967864 BCX0\">vice champion<\/span><span class=\"NormalTextRun SCXW188967864 BCX0\"> of the world 200<\/span><span class=\"NormalTextRun SCXW188967864 BCX0\">7, a native of the Johannine city<\/span><span class=\"NormalTextRun SCXW188967864 BCX0\">.<\/span><\/span><span class=\"TextRun SCXW188967864 BCX0\" lang=\"FR-FR\" xml:lang=\"FR-FR\" data-contrast=\"auto\"><span class=\"NormalTextRun SCXW188967864 BCX0\"> What Lili Nguyen and Enzo Jean offered against 2024 world champion Joanne Van <\/span><span class=\"NormalTextRun SpellingErrorV2Themed SCXW188967864 BCX0\">Lieshout<\/span><span class=\"NormalTextRun SCXW188967864 BCX0\"> and Romain Valadier-Picard<\/span> <\/span><span class=\"TextRun SCXW188967864 BCX0\" lang=\"FR-FR\" xml:lang=\"FR-FR\" data-contrast=\"auto\"><span class=\"NormalTextRun SCXW188967864 BCX0\">(<\/span><span class=\"NormalTextRun ContextualSpellingAndGrammarErrorV2Themed SCXW188967864 BCX0\">vice champion<\/span><span class=\"NormalTextRun SCXW188967864 BCX0\"> World Cup 2025, Editor's note)<\/span><\/span><span class=\"TextRun SCXW188967864 BCX0\" lang=\"FR-FR\" xml:lang=\"FR-FR\" data-contrast=\"auto\"><span class=\"NormalTextRun SCXW188967864 BCX0\"> is particularly interesting for the<\/span><span class=\"NormalTextRun SCXW188967864 BCX0\">he rest of the year<\/span><span class=\"NormalTextRun SCXW188967864 BCX0\">.<\/span><span class=\"NormalTextRun SCXW188967864 BCX0\">\"<\/span><\/span><span class=\"TextRun SCXW188967864 BCX0\" lang=\"FR-FR\" xml:lang=\"FR-FR\" data-contrast=\"auto\"> <span class=\"NormalTextRun SCXW188967864 BCX0\">A year ago, the -60kg reached the podium of the Paris Grand Slam a fortnight after the <\/span><\/span><span class=\"TextRun SCXW188967864 BCX0\" lang=\"FR-FR\" xml:lang=\"FR-FR\" data-contrast=\"auto\"><span class=\"NormalTextRun SCXW188967864 BCX0\">Final Four<\/span><\/span><span class=\"TextRun SCXW188967864 BCX0\" lang=\"FR-FR\" xml:lang=\"FR-FR\" data-contrast=\"auto\"><span class=\"NormalTextRun SCXW188967864 BCX0\">This was followed by her first major selection for the European championships, as did Martha <\/span><span class=\"NormalTextRun SpellingErrorV2Themed SCXW188967864 BCX0\">Fawaz<\/span><span class=\"NormalTextRun SCXW188967864 BCX0\"> (-57kg) - bronze medallist in Montenegro - and Arnaud <\/span><span class=\"NormalTextRun SpellingErrorV2Themed SCXW188967864 BCX0\">Aregba<\/span><span class=\"NormalTextRun SCXW188967864 BCX0\"> (-81kg). <\/span><span class=\"NormalTextRun SCXW188967864 BCX0\">These exemplary trajectories are sure to inspire the judokas of Orleans this season.<\/span><\/span><span class=\"EOP SCXW188967864 BCX0\" data-ccp-props=\"{}\">\u00a0<\/span><\/p>\n<p>&nbsp;<\/p>\n<p style=\"text-align: center;\"><img loading=\"lazy\" decoding=\"async\" class=\"alignnone wp-image-12537\" src=\"https:\/\/judoproleague.com\/wp-content\/uploads\/2025\/10\/2048px-2025-10-22-ProLeague-ACBB-USO-Galery-258-TAL01474-1-300x200.jpg\" alt=\"\" width=\"646\" height=\"431\" srcset=\"https:\/\/judoproleague.com\/wp-content\/uploads\/2025\/10\/2048px-2025-10-22-ProLeague-ACBB-USO-Galery-258-TAL01474-1-300x200.jpg 300w, https:\/\/judoproleague.com\/wp-content\/uploads\/2025\/10\/2048px-2025-10-22-ProLeague-ACBB-USO-Galery-258-TAL01474-1-1024x683.jpg 1024w, https:\/\/judoproleague.com\/wp-content\/uploads\/2025\/10\/2048px-2025-10-22-ProLeague-ACBB-USO-Galery-258-TAL01474-1-768x512.jpg 768w, https:\/\/judoproleague.com\/wp-content\/uploads\/2025\/10\/2048px-2025-10-22-ProLeague-ACBB-USO-Galery-258-TAL01474-1-1536x1024.jpg 1536w, https:\/\/judoproleague.com\/wp-content\/uploads\/2025\/10\/2048px-2025-10-22-ProLeague-ACBB-USO-Galery-258-TAL01474-1-18x12.jpg 18w, https:\/\/judoproleague.com\/wp-content\/uploads\/2025\/10\/2048px-2025-10-22-ProLeague-ACBB-USO-Galery-258-TAL01474-1.jpg 2048w\" sizes=\"auto, (max-width: 646px) 100vw, 646px\" \/><\/p>\n<p>&nbsp;<\/p>","protected":false},"excerpt":{"rendered":"<p>Sacr\u00e9e le 18 janvier dernier apr\u00e8s \u00eatre venue \u00e0 bout d\u2019Auxerre Judo (5-4) en finale au Dojo de Paris, l\u2019US Orl\u00e9ans Loiret JJ se verrait bien devenir la premi\u00e8re \u00e9quipe \u00e0 conserver son titre. \u00ab\u202fForc\u00e9ment, lorsque l\u2019on a go\u00fbt\u00e9 \u00e0 la victoire, on a envie de remettre \u00e7a au plus vite, assure le coach Anthony [&hellip;]<\/p>\n","protected":false},"author":4,"featured_media":16190,"comment_status":"closed","ping_status":"open","sticky":false,"template":"","format":"standard","meta":{"footnotes":""},"categories":[9],"tags":[],"class_list":["post-16188","post","type-post","status-publish","format-standard","has-post-thumbnail","hentry","category-us-orleans"],"acf":[],"yoast_head":"<!-- This site is optimized with the Yoast SEO plugin v27.1.1 - https:\/\/yoast.com\/product\/yoast-seo-wordpress\/ -->\n<title>Orl\u00e9ans, le tenant du titre qui veut aller de l\u2019avant - Judo Pro League<\/title>\n<meta name=\"robots\" content=\"index, follow, max-snippet:-1, max-image-preview:large, max-video-preview:-1\" \/>\n<link rel=\"canonical\" href=\"https:\/\/judoproleague.com\/en\/orleans-the-titleholder-looking-to-move-forward\/\" \/>\n<meta property=\"og:locale\" content=\"en_US\" \/>\n<meta property=\"og:type\" content=\"article\" \/>\n<meta property=\"og:title\" content=\"Orl\u00e9ans, le tenant du titre qui veut aller de l\u2019avant - Judo Pro League\" \/>\n<meta property=\"og:description\" content=\"Sacr\u00e9e le 18 janvier dernier apr\u00e8s \u00eatre venue \u00e0 bout d\u2019Auxerre Judo (5-4) en finale au Dojo de Paris, l\u2019US Orl\u00e9ans Loiret JJ se verrait bien devenir la premi\u00e8re \u00e9quipe \u00e0 conserver son titre. \u00ab\u202fForc\u00e9ment, lorsque l\u2019on a go\u00fbt\u00e9 \u00e0 la victoire, on a envie de remettre \u00e7a au plus vite, assure le coach Anthony [&hellip;]\" \/>\n<meta property=\"og:url\" content=\"https:\/\/judoproleague.com\/en\/orleans-the-titleholder-looking-to-move-forward\/\" \/>\n<meta property=\"og:site_name\" content=\"Judo Pro League\" \/>\n<meta property=\"article:published_time\" content=\"2025-11-27T09:54:48+00:00\" \/>\n<meta property=\"article:modified_time\" content=\"2025-11-27T12:59:27+00:00\" \/>\n<meta property=\"og:image\" content=\"https:\/\/judoproleague.com\/wp-content\/uploads\/2025\/11\/photo-equipe-uso.jpg\" \/>\n\t<meta property=\"og:image:width\" content=\"2048\" \/>\n\t<meta property=\"og:image:height\" content=\"1366\" \/>\n\t<meta property=\"og:image:type\" content=\"image\/jpeg\" \/>\n<meta name=\"author\" content=\"Alan GAUDEFROY\" \/>\n<meta name=\"twitter:card\" content=\"summary_large_image\" \/>\n<meta name=\"twitter:label1\" content=\"Written by\" \/>\n\t<meta name=\"twitter:data1\" content=\"Alan GAUDEFROY\" \/>\n\t<meta name=\"twitter:label2\" content=\"Est. reading time\" \/>\n\t<meta name=\"twitter:data2\" content=\"3 minutes\" \/>\n<script type=\"application\/ld+json\" class=\"yoast-schema-graph\">{\"@context\":\"https:\/\/schema.org\",\"@graph\":[{\"@type\":\"Article\",\"@id\":\"https:\/\/judoproleague.com\/orleans-le-tenant-du-titre-qui-veut-aller-de-lavant\/#article\",\"isPartOf\":{\"@id\":\"https:\/\/judoproleague.com\/orleans-le-tenant-du-titre-qui-veut-aller-de-lavant\/\"},\"author\":{\"name\":\"Alan GAUDEFROY\",\"@id\":\"https:\/\/judoproleague.com\/#\/schema\/person\/1cc0d3c1265a4f6956c0bf9ad6389b37\"},\"headline\":\"Orl\u00e9ans, le tenant du titre qui veut aller de l\u2019avant\",\"datePublished\":\"2025-11-27T09:54:48+00:00\",\"dateModified\":\"2025-11-27T12:59:27+00:00\",\"mainEntityOfPage\":{\"@id\":\"https:\/\/judoproleague.com\/orleans-le-tenant-du-titre-qui-veut-aller-de-lavant\/\"},\"wordCount\":383,\"publisher\":{\"@id\":\"https:\/\/judoproleague.com\/#organization\"},\"image\":{\"@id\":\"https:\/\/judoproleague.com\/orleans-le-tenant-du-titre-qui-veut-aller-de-lavant\/#primaryimage\"},\"thumbnailUrl\":\"https:\/\/judoproleague.com\/wp-content\/uploads\/2025\/11\/photo-equipe-uso.jpg\",\"articleSection\":[\"US Orl\u00e9ans\"],\"inLanguage\":\"en-US\"},{\"@type\":\"WebPage\",\"@id\":\"https:\/\/judoproleague.com\/orleans-le-tenant-du-titre-qui-veut-aller-de-lavant\/\",\"url\":\"https:\/\/judoproleague.com\/orleans-le-tenant-du-titre-qui-veut-aller-de-lavant\/\",\"name\":\"Orl\u00e9ans, le tenant du titre qui veut aller de l\u2019avant - Judo Pro League\",\"isPartOf\":{\"@id\":\"https:\/\/judoproleague.com\/#website\"},\"primaryImageOfPage\":{\"@id\":\"https:\/\/judoproleague.com\/orleans-le-tenant-du-titre-qui-veut-aller-de-lavant\/#primaryimage\"},\"image\":{\"@id\":\"https:\/\/judoproleague.com\/orleans-le-tenant-du-titre-qui-veut-aller-de-lavant\/#primaryimage\"},\"thumbnailUrl\":\"https:\/\/judoproleague.com\/wp-content\/uploads\/2025\/11\/photo-equipe-uso.jpg\",\"datePublished\":\"2025-11-27T09:54:48+00:00\",\"dateModified\":\"2025-11-27T12:59:27+00:00\",\"inLanguage\":\"en-US\",\"potentialAction\":[{\"@type\":\"ReadAction\",\"target\":[\"https:\/\/judoproleague.com\/orleans-le-tenant-du-titre-qui-veut-aller-de-lavant\/\"]}]},{\"@type\":\"ImageObject\",\"inLanguage\":\"en-US\",\"@id\":\"https:\/\/judoproleague.com\/orleans-le-tenant-du-titre-qui-veut-aller-de-lavant\/#primaryimage\",\"url\":\"https:\/\/judoproleague.com\/wp-content\/uploads\/2025\/11\/photo-equipe-uso.jpg\",\"contentUrl\":\"https:\/\/judoproleague.com\/wp-content\/uploads\/2025\/11\/photo-equipe-uso.jpg\",\"width\":2048,\"height\":1366},{\"@type\":\"WebSite\",\"@id\":\"https:\/\/judoproleague.com\/#website\",\"url\":\"https:\/\/judoproleague.com\/\",\"name\":\"Judo Pro League\",\"description\":\"\",\"publisher\":{\"@id\":\"https:\/\/judoproleague.com\/#organization\"},\"potentialAction\":[{\"@type\":\"SearchAction\",\"target\":{\"@type\":\"EntryPoint\",\"urlTemplate\":\"https:\/\/judoproleague.com\/?s={search_term_string}\"},\"query-input\":{\"@type\":\"PropertyValueSpecification\",\"valueRequired\":true,\"valueName\":\"search_term_string\"}}],\"inLanguage\":\"en-US\"},{\"@type\":\"Organization\",\"@id\":\"https:\/\/judoproleague.com\/#organization\",\"name\":\"Judo Pro League\",\"url\":\"https:\/\/judoproleague.com\/\",\"logo\":{\"@type\":\"ImageObject\",\"inLanguage\":\"en-US\",\"@id\":\"https:\/\/judoproleague.com\/#\/schema\/logo\/image\/\",\"url\":\"https:\/\/judoproleague.com\/wp-content\/uploads\/2024\/10\/JPL-LOGO-light-1.svg\",\"contentUrl\":\"https:\/\/judoproleague.com\/wp-content\/uploads\/2024\/10\/JPL-LOGO-light-1.svg\",\"width\":198,\"height\":83,\"caption\":\"Judo Pro League\"},\"image\":{\"@id\":\"https:\/\/judoproleague.com\/#\/schema\/logo\/image\/\"}},{\"@type\":\"Person\",\"@id\":\"https:\/\/judoproleague.com\/#\/schema\/person\/1cc0d3c1265a4f6956c0bf9ad6389b37\",\"name\":\"Alan GAUDEFROY\",\"image\":{\"@type\":\"ImageObject\",\"inLanguage\":\"en-US\",\"@id\":\"https:\/\/judoproleague.com\/#\/schema\/person\/image\/\",\"url\":\"https:\/\/secure.gravatar.com\/avatar\/f7ed2dc65f91e5fc8e3a880a460ca52653ffa31251b597d2880f1aaf5b39fdc4?s=96&d=mm&r=g\",\"contentUrl\":\"https:\/\/secure.gravatar.com\/avatar\/f7ed2dc65f91e5fc8e3a880a460ca52653ffa31251b597d2880f1aaf5b39fdc4?s=96&d=mm&r=g\",\"caption\":\"Alan GAUDEFROY\"},\"url\":\"https:\/\/judoproleague.com\/en\/author\/alanjpl\/\"}]}<\/script>\n<!-- \/ Yoast SEO plugin. -->","yoast_head_json":{"title":"Orl\u00e9ans, the defending champions looking to move forward - Judo Pro League","robots":{"index":"index","follow":"follow","max-snippet":"max-snippet:-1","max-image-preview":"max-image-preview:large","max-video-preview":"max-video-preview:-1"},"canonical":"https:\/\/judoproleague.com\/en\/orleans-the-titleholder-looking-to-move-forward\/","og_locale":"en_US","og_type":"article","og_title":"Orl\u00e9ans, le tenant du titre qui veut aller de l\u2019avant - Judo Pro League","og_description":"Sacr\u00e9e le 18 janvier dernier apr\u00e8s \u00eatre venue \u00e0 bout d\u2019Auxerre Judo (5-4) en finale au Dojo de Paris, l\u2019US Orl\u00e9ans Loiret JJ se verrait bien devenir la premi\u00e8re \u00e9quipe \u00e0 conserver son titre. \u00ab\u202fForc\u00e9ment, lorsque l\u2019on a go\u00fbt\u00e9 \u00e0 la victoire, on a envie de remettre \u00e7a au plus vite, assure le coach Anthony [&hellip;]","og_url":"https:\/\/judoproleague.com\/en\/orleans-the-titleholder-looking-to-move-forward\/","og_site_name":"Judo Pro League","article_published_time":"2025-11-27T09:54:48+00:00","article_modified_time":"2025-11-27T12:59:27+00:00","og_image":[{"width":2048,"height":1366,"url":"https:\/\/judoproleague.com\/wp-content\/uploads\/2025\/11\/photo-equipe-uso.jpg","type":"image\/jpeg"}],"author":"Alan GAUDEFROY","twitter_card":"summary_large_image","twitter_misc":{"Written by":"Alan GAUDEFROY","Est. reading time":"3 minutes"},"schema":{"@context":"https:\/\/schema.org","@graph":[{"@type":"Article","@id":"https:\/\/judoproleague.com\/orleans-le-tenant-du-titre-qui-veut-aller-de-lavant\/#article","isPartOf":{"@id":"https:\/\/judoproleague.com\/orleans-le-tenant-du-titre-qui-veut-aller-de-lavant\/"},"author":{"name":"Alan GAUDEFROY","@id":"https:\/\/judoproleague.com\/#\/schema\/person\/1cc0d3c1265a4f6956c0bf9ad6389b37"},"headline":"Orl\u00e9ans, le tenant du titre qui veut aller de l\u2019avant","datePublished":"2025-11-27T09:54:48+00:00","dateModified":"2025-11-27T12:59:27+00:00","mainEntityOfPage":{"@id":"https:\/\/judoproleague.com\/orleans-le-tenant-du-titre-qui-veut-aller-de-lavant\/"},"wordCount":383,"publisher":{"@id":"https:\/\/judoproleague.com\/#organization"},"image":{"@id":"https:\/\/judoproleague.com\/orleans-le-tenant-du-titre-qui-veut-aller-de-lavant\/#primaryimage"},"thumbnailUrl":"https:\/\/judoproleague.com\/wp-content\/uploads\/2025\/11\/photo-equipe-uso.jpg","articleSection":["US Orl\u00e9ans"],"inLanguage":"en-US"},{"@type":"WebPage","@id":"https:\/\/judoproleague.com\/orleans-le-tenant-du-titre-qui-veut-aller-de-lavant\/","url":"https:\/\/judoproleague.com\/orleans-le-tenant-du-titre-qui-veut-aller-de-lavant\/","name":"Orl\u00e9ans, the defending champions looking to move forward - Judo Pro League","isPartOf":{"@id":"https:\/\/judoproleague.com\/#website"},"primaryImageOfPage":{"@id":"https:\/\/judoproleague.com\/orleans-le-tenant-du-titre-qui-veut-aller-de-lavant\/#primaryimage"},"image":{"@id":"https:\/\/judoproleague.com\/orleans-le-tenant-du-titre-qui-veut-aller-de-lavant\/#primaryimage"},"thumbnailUrl":"https:\/\/judoproleague.com\/wp-content\/uploads\/2025\/11\/photo-equipe-uso.jpg","datePublished":"2025-11-27T09:54:48+00:00","dateModified":"2025-11-27T12:59:27+00:00","inLanguage":"en-US","potentialAction":[{"@type":"ReadAction","target":["https:\/\/judoproleague.com\/orleans-le-tenant-du-titre-qui-veut-aller-de-lavant\/"]}]},{"@type":"ImageObject","inLanguage":"en-US","@id":"https:\/\/judoproleague.com\/orleans-le-tenant-du-titre-qui-veut-aller-de-lavant\/#primaryimage","url":"https:\/\/judoproleague.com\/wp-content\/uploads\/2025\/11\/photo-equipe-uso.jpg","contentUrl":"https:\/\/judoproleague.com\/wp-content\/uploads\/2025\/11\/photo-equipe-uso.jpg","width":2048,"height":1366},{"@type":"WebSite","@id":"https:\/\/judoproleague.com\/#website","url":"https:\/\/judoproleague.com\/","name":"Judo Pro League","description":"","publisher":{"@id":"https:\/\/judoproleague.com\/#organization"},"potentialAction":[{"@type":"SearchAction","target":{"@type":"EntryPoint","urlTemplate":"https:\/\/judoproleague.com\/?s={search_term_string}"},"query-input":{"@type":"PropertyValueSpecification","valueRequired":true,"valueName":"search_term_string"}}],"inLanguage":"en-US"},{"@type":"Organization","@id":"https:\/\/judoproleague.com\/#organization","name":"Judo Pro League","url":"https:\/\/judoproleague.com\/","logo":{"@type":"ImageObject","inLanguage":"en-US","@id":"https:\/\/judoproleague.com\/#\/schema\/logo\/image\/","url":"https:\/\/judoproleague.com\/wp-content\/uploads\/2024\/10\/JPL-LOGO-light-1.svg","contentUrl":"https:\/\/judoproleague.com\/wp-content\/uploads\/2024\/10\/JPL-LOGO-light-1.svg","width":198,"height":83,"caption":"Judo Pro League"},"image":{"@id":"https:\/\/judoproleague.com\/#\/schema\/logo\/image\/"}},{"@type":"Person","@id":"https:\/\/judoproleague.com\/#\/schema\/person\/1cc0d3c1265a4f6956c0bf9ad6389b37","name":"Alan GAUDEFROY","image":{"@type":"ImageObject","inLanguage":"en-US","@id":"https:\/\/judoproleague.com\/#\/schema\/person\/image\/","url":"https:\/\/secure.gravatar.com\/avatar\/f7ed2dc65f91e5fc8e3a880a460ca52653ffa31251b597d2880f1aaf5b39fdc4?s=96&d=mm&r=g","contentUrl":"https:\/\/secure.gravatar.com\/avatar\/f7ed2dc65f91e5fc8e3a880a460ca52653ffa31251b597d2880f1aaf5b39fdc4?s=96&d=mm&r=g","caption":"Alan GAUDEFROY"},"url":"https:\/\/judoproleague.com\/en\/author\/alanjpl\/"}]}},"_links":{"self":[{"href":"https:\/\/judoproleague.com\/en\/wp-json\/wp\/v2\/posts\/16188","targetHints":{"allow":["GET"]}}],"collection":[{"href":"https:\/\/judoproleague.com\/en\/wp-json\/wp\/v2\/posts"}],"about":[{"href":"https:\/\/judoproleague.com\/en\/wp-json\/wp\/v2\/types\/post"}],"author":[{"embeddable":true,"href":"https:\/\/judoproleague.com\/en\/wp-json\/wp\/v2\/users\/4"}],"replies":[{"embeddable":true,"href":"https:\/\/judoproleague.com\/en\/wp-json\/wp\/v2\/comments?post=16188"}],"version-history":[{"count":3,"href":"https:\/\/judoproleague.com\/en\/wp-json\/wp\/v2\/posts\/16188\/revisions"}],"predecessor-version":[{"id":16193,"href":"https:\/\/judoproleague.com\/en\/wp-json\/wp\/v2\/posts\/16188\/revisions\/16193"}],"wp:featuredmedia":[{"embeddable":true,"href":"https:\/\/judoproleague.com\/en\/wp-json\/wp\/v2\/media\/16190"}],"wp:attachment":[{"href":"https:\/\/judoproleague.com\/en\/wp-json\/wp\/v2\/media?parent=16188"}],"wp:term":[{"taxonomy":"category","embeddable":true,"href":"https:\/\/judoproleague.com\/en\/wp-json\/wp\/v2\/categories?post=16188"},{"taxonomy":"post_tag","embeddable":true,"href":"https:\/\/judoproleague.com\/en\/wp-json\/wp\/v2\/tags?post=16188"}],"curies":[{"name":"wp","href":"https:\/\/api.w.org\/{rel}","templated":true}]}}