{"id":15782,"date":"2025-11-21T16:02:37","date_gmt":"2025-11-21T15:02:37","guid":{"rendered":"https:\/\/judoproleague.com\/?p=15782"},"modified":"2025-11-21T16:06:51","modified_gmt":"2025-11-21T15:06:51","slug":"normandie-judo-the-standard-bearer-for-an-entire-region","status":"publish","type":"post","link":"https:\/\/judoproleague.com\/en\/normandie-judo-letendard-de-toute-une-region\/","title":{"rendered":"Normandie Judo, the standard-bearer for an entire region"},"content":{"rendered":"<p><span data-contrast=\"auto\">If Corsica and Hauts-de-France, with two participations each, have tried to carry their territory's colors high, what can we say about Normandie Judo, always present to try to highlight the best elements of its region? A loyalty to the Judo Pro League that league president Jean Mesnildrey hopes will endure as his team finds itself at a crossroads.\u00a0<\/span><i><span data-contrast=\"auto\">\"Even though we've been here from the start, we're continuing to structure ourselves so that the team can continue as a JPL while becoming independent of the Normandy league, which supports the project. We have decided to create an eponymous club, which should enable us to evolve from next season. Let's face it, we're struggling to find local athletes who are competitive in all categories and available during the week. The project to support our best Normans, and even others who have all forged links with the region's structures in their careers, remains our primary aim and that of the region, which helps us financially. Even if we don't reach the quarter-finals this year, as was the case for the second edition.<\/span><\/i><span data-ccp-props=\"{}\">\u00a0<\/span><\/p>\n<p><span data-ccp-props=\"{}\">\u00a0<\/span><\/p>\n<p style=\"text-align: center;\"><img loading=\"lazy\" decoding=\"async\" class=\"alignnone wp-image-15783\" src=\"https:\/\/judoproleague.com\/wp-content\/uploads\/2025\/11\/Normandie-Judo-Officiel-300x275.jpg\" alt=\"\" width=\"211\" height=\"193\" srcset=\"https:\/\/judoproleague.com\/wp-content\/uploads\/2025\/11\/Normandie-Judo-Officiel-300x275.jpg 300w, https:\/\/judoproleague.com\/wp-content\/uploads\/2025\/11\/Normandie-Judo-Officiel-13x12.jpg 13w, https:\/\/judoproleague.com\/wp-content\/uploads\/2025\/11\/Normandie-Judo-Officiel.jpg 590w\" sizes=\"auto, (max-width: 211px) 100vw, 211px\" \/><\/p>\n<p>&nbsp;<\/p>\n<p><span data-contrast=\"auto\">However, after two defeats at the hands of Essonniens de Sainte-Genevi\u00e8ve Sports and FLAM 91, despite near-subscription gyms in Montivilliers and Val-de-Reuil, Olivier M\u00e9licine's prot\u00e9g\u00e9s will not be looking for atonement when they travel to Montreuil on Thursday and Bordeaux in January.\u00a0<\/span><i><span data-contrast=\"auto\">\"We're going to try to maintain our position for next season, and we know it's going to come down to the wire. Every victorious bout will bring us closer to that goal, and I know I can count on our athletes to give their all every time they step up to the tatami.\"<\/span><\/i><span data-contrast=\"auto\">\u00a0Faced with two teams with two wins and six points on the board, a successful outcome for Normandie Judo would be all the more valuable.<\/span><span data-ccp-props=\"{}\">\u00a0<\/span><\/p>\n<p>&nbsp;<\/p>\n<p style=\"text-align: center;\"><img loading=\"lazy\" decoding=\"async\" class=\"alignnone wp-image-3764\" src=\"https:\/\/judoproleague.com\/wp-content\/uploads\/2023\/12\/HD-ProLeague-Quart-Asnieres-Normandie-114-_TA94019-1-300x200.webp\" alt=\"\" width=\"567\" height=\"378\" srcset=\"https:\/\/judoproleague.com\/wp-content\/uploads\/2023\/12\/HD-ProLeague-Quart-Asnieres-Normandie-114-_TA94019-1-300x200.webp 300w, https:\/\/judoproleague.com\/wp-content\/uploads\/2023\/12\/HD-ProLeague-Quart-Asnieres-Normandie-114-_TA94019-1-1024x683.webp 1024w, https:\/\/judoproleague.com\/wp-content\/uploads\/2023\/12\/HD-ProLeague-Quart-Asnieres-Normandie-114-_TA94019-1-768x512.webp 768w, https:\/\/judoproleague.com\/wp-content\/uploads\/2023\/12\/HD-ProLeague-Quart-Asnieres-Normandie-114-_TA94019-1-1536x1024.webp 1536w, https:\/\/judoproleague.com\/wp-content\/uploads\/2023\/12\/HD-ProLeague-Quart-Asnieres-Normandie-114-_TA94019-1-18x12.webp 18w, https:\/\/judoproleague.com\/wp-content\/uploads\/2023\/12\/HD-ProLeague-Quart-Asnieres-Normandie-114-_TA94019-1.webp 1620w\" sizes=\"auto, (max-width: 567px) 100vw, 567px\" \/><\/p>","protected":false},"excerpt":{"rendered":"<p>Si la Corse et les Hauts-de-France ont, avec deux participations chacun, tenter de porter haut les couleurs de leur territoire, que dire de Normandie Judo, toujours pr\u00e9sent pour tenter de mettre en valeur les meilleurs \u00e9l\u00e9ments de sa r\u00e9gion\u202f? Une fid\u00e9lit\u00e9 \u00e0 la Judo Pro League que le pr\u00e9sident de la ligue, Jean\u00a0Mesnildrey, esp\u00e8re durable [&hellip;]<\/p>\n","protected":false},"author":4,"featured_media":15785,"comment_status":"closed","ping_status":"open","sticky":false,"template":"","format":"standard","meta":{"footnotes":""},"categories":[8],"tags":[],"class_list":["post-15782","post","type-post","status-publish","format-standard","has-post-thumbnail","hentry","category-normandie-judo"],"acf":[],"yoast_head":"<!-- This site is optimized with the Yoast SEO plugin v27.1.1 - https:\/\/yoast.com\/product\/yoast-seo-wordpress\/ -->\n<title>Normandie Judo, l\u2019\u00e9tendard de toute une r\u00e9gion - Judo Pro League<\/title>\n<meta name=\"robots\" content=\"index, follow, max-snippet:-1, max-image-preview:large, max-video-preview:-1\" \/>\n<link rel=\"canonical\" href=\"https:\/\/judoproleague.com\/en\/normandie-judo-the-standard-bearer-for-an-entire-region\/\" \/>\n<meta property=\"og:locale\" content=\"en_US\" \/>\n<meta property=\"og:type\" content=\"article\" \/>\n<meta property=\"og:title\" content=\"Normandie Judo, l\u2019\u00e9tendard de toute une r\u00e9gion - Judo Pro League\" \/>\n<meta property=\"og:description\" content=\"Si la Corse et les Hauts-de-France ont, avec deux participations chacun, tenter de porter haut les couleurs de leur territoire, que dire de Normandie Judo, toujours pr\u00e9sent pour tenter de mettre en valeur les meilleurs \u00e9l\u00e9ments de sa r\u00e9gion\u202f? Une fid\u00e9lit\u00e9 \u00e0 la Judo Pro League que le pr\u00e9sident de la ligue, Jean\u00a0Mesnildrey, esp\u00e8re durable [&hellip;]\" \/>\n<meta property=\"og:url\" content=\"https:\/\/judoproleague.com\/en\/normandie-judo-the-standard-bearer-for-an-entire-region\/\" \/>\n<meta property=\"og:site_name\" content=\"Judo Pro League\" \/>\n<meta property=\"article:published_time\" content=\"2025-11-21T15:02:37+00:00\" \/>\n<meta property=\"article:modified_time\" content=\"2025-11-21T15:06:51+00:00\" \/>\n<meta property=\"og:image\" content=\"https:\/\/judoproleague.com\/wp-content\/uploads\/2025\/11\/DSC_1109-scaled.jpeg\" \/>\n\t<meta property=\"og:image:width\" content=\"2560\" \/>\n\t<meta property=\"og:image:height\" content=\"1656\" \/>\n\t<meta property=\"og:image:type\" content=\"image\/jpeg\" \/>\n<meta name=\"author\" content=\"Alan GAUDEFROY\" \/>\n<meta name=\"twitter:card\" content=\"summary_large_image\" \/>\n<meta name=\"twitter:label1\" content=\"Written by\" \/>\n\t<meta name=\"twitter:data1\" content=\"Alan GAUDEFROY\" \/>\n\t<meta name=\"twitter:label2\" content=\"Est. reading time\" \/>\n\t<meta name=\"twitter:data2\" content=\"3 minutes\" \/>\n<script type=\"application\/ld+json\" class=\"yoast-schema-graph\">{\"@context\":\"https:\/\/schema.org\",\"@graph\":[{\"@type\":\"Article\",\"@id\":\"https:\/\/judoproleague.com\/normandie-judo-letendard-de-toute-une-region\/#article\",\"isPartOf\":{\"@id\":\"https:\/\/judoproleague.com\/normandie-judo-letendard-de-toute-une-region\/\"},\"author\":{\"name\":\"Alan GAUDEFROY\",\"@id\":\"https:\/\/judoproleague.com\/#\/schema\/person\/1cc0d3c1265a4f6956c0bf9ad6389b37\"},\"headline\":\"Normandie Judo, l\u2019\u00e9tendard de toute une r\u00e9gion\",\"datePublished\":\"2025-11-21T15:02:37+00:00\",\"dateModified\":\"2025-11-21T15:06:51+00:00\",\"mainEntityOfPage\":{\"@id\":\"https:\/\/judoproleague.com\/normandie-judo-letendard-de-toute-une-region\/\"},\"wordCount\":378,\"publisher\":{\"@id\":\"https:\/\/judoproleague.com\/#organization\"},\"image\":{\"@id\":\"https:\/\/judoproleague.com\/normandie-judo-letendard-de-toute-une-region\/#primaryimage\"},\"thumbnailUrl\":\"https:\/\/judoproleague.com\/wp-content\/uploads\/2025\/11\/DSC_1109-scaled.jpeg\",\"articleSection\":[\"Normandie Judo\"],\"inLanguage\":\"en-US\"},{\"@type\":\"WebPage\",\"@id\":\"https:\/\/judoproleague.com\/normandie-judo-letendard-de-toute-une-region\/\",\"url\":\"https:\/\/judoproleague.com\/normandie-judo-letendard-de-toute-une-region\/\",\"name\":\"Normandie Judo, l\u2019\u00e9tendard de toute une r\u00e9gion - Judo Pro League\",\"isPartOf\":{\"@id\":\"https:\/\/judoproleague.com\/#website\"},\"primaryImageOfPage\":{\"@id\":\"https:\/\/judoproleague.com\/normandie-judo-letendard-de-toute-une-region\/#primaryimage\"},\"image\":{\"@id\":\"https:\/\/judoproleague.com\/normandie-judo-letendard-de-toute-une-region\/#primaryimage\"},\"thumbnailUrl\":\"https:\/\/judoproleague.com\/wp-content\/uploads\/2025\/11\/DSC_1109-scaled.jpeg\",\"datePublished\":\"2025-11-21T15:02:37+00:00\",\"dateModified\":\"2025-11-21T15:06:51+00:00\",\"inLanguage\":\"en-US\",\"potentialAction\":[{\"@type\":\"ReadAction\",\"target\":[\"https:\/\/judoproleague.com\/normandie-judo-letendard-de-toute-une-region\/\"]}]},{\"@type\":\"ImageObject\",\"inLanguage\":\"en-US\",\"@id\":\"https:\/\/judoproleague.com\/normandie-judo-letendard-de-toute-une-region\/#primaryimage\",\"url\":\"https:\/\/judoproleague.com\/wp-content\/uploads\/2025\/11\/DSC_1109-scaled.jpeg\",\"contentUrl\":\"https:\/\/judoproleague.com\/wp-content\/uploads\/2025\/11\/DSC_1109-scaled.jpeg\",\"width\":2560,\"height\":1656},{\"@type\":\"WebSite\",\"@id\":\"https:\/\/judoproleague.com\/#website\",\"url\":\"https:\/\/judoproleague.com\/\",\"name\":\"Judo Pro League\",\"description\":\"\",\"publisher\":{\"@id\":\"https:\/\/judoproleague.com\/#organization\"},\"potentialAction\":[{\"@type\":\"SearchAction\",\"target\":{\"@type\":\"EntryPoint\",\"urlTemplate\":\"https:\/\/judoproleague.com\/?s={search_term_string}\"},\"query-input\":{\"@type\":\"PropertyValueSpecification\",\"valueRequired\":true,\"valueName\":\"search_term_string\"}}],\"inLanguage\":\"en-US\"},{\"@type\":\"Organization\",\"@id\":\"https:\/\/judoproleague.com\/#organization\",\"name\":\"Judo Pro League\",\"url\":\"https:\/\/judoproleague.com\/\",\"logo\":{\"@type\":\"ImageObject\",\"inLanguage\":\"en-US\",\"@id\":\"https:\/\/judoproleague.com\/#\/schema\/logo\/image\/\",\"url\":\"https:\/\/judoproleague.com\/wp-content\/uploads\/2024\/10\/JPL-LOGO-light-1.svg\",\"contentUrl\":\"https:\/\/judoproleague.com\/wp-content\/uploads\/2024\/10\/JPL-LOGO-light-1.svg\",\"width\":198,\"height\":83,\"caption\":\"Judo Pro League\"},\"image\":{\"@id\":\"https:\/\/judoproleague.com\/#\/schema\/logo\/image\/\"}},{\"@type\":\"Person\",\"@id\":\"https:\/\/judoproleague.com\/#\/schema\/person\/1cc0d3c1265a4f6956c0bf9ad6389b37\",\"name\":\"Alan GAUDEFROY\",\"image\":{\"@type\":\"ImageObject\",\"inLanguage\":\"en-US\",\"@id\":\"https:\/\/judoproleague.com\/#\/schema\/person\/image\/\",\"url\":\"https:\/\/secure.gravatar.com\/avatar\/f7ed2dc65f91e5fc8e3a880a460ca52653ffa31251b597d2880f1aaf5b39fdc4?s=96&d=mm&r=g\",\"contentUrl\":\"https:\/\/secure.gravatar.com\/avatar\/f7ed2dc65f91e5fc8e3a880a460ca52653ffa31251b597d2880f1aaf5b39fdc4?s=96&d=mm&r=g\",\"caption\":\"Alan GAUDEFROY\"},\"url\":\"https:\/\/judoproleague.com\/en\/author\/alanjpl\/\"}]}<\/script>\n<!-- \/ Yoast SEO plugin. -->","yoast_head_json":{"title":"Normandie Judo, the standard-bearer of an entire region - Judo Pro League","robots":{"index":"index","follow":"follow","max-snippet":"max-snippet:-1","max-image-preview":"max-image-preview:large","max-video-preview":"max-video-preview:-1"},"canonical":"https:\/\/judoproleague.com\/en\/normandie-judo-the-standard-bearer-for-an-entire-region\/","og_locale":"en_US","og_type":"article","og_title":"Normandie Judo, l\u2019\u00e9tendard de toute une r\u00e9gion - Judo Pro League","og_description":"Si la Corse et les Hauts-de-France ont, avec deux participations chacun, tenter de porter haut les couleurs de leur territoire, que dire de Normandie Judo, toujours pr\u00e9sent pour tenter de mettre en valeur les meilleurs \u00e9l\u00e9ments de sa r\u00e9gion\u202f? Une fid\u00e9lit\u00e9 \u00e0 la Judo Pro League que le pr\u00e9sident de la ligue, Jean\u00a0Mesnildrey, esp\u00e8re durable [&hellip;]","og_url":"https:\/\/judoproleague.com\/en\/normandie-judo-the-standard-bearer-for-an-entire-region\/","og_site_name":"Judo Pro League","article_published_time":"2025-11-21T15:02:37+00:00","article_modified_time":"2025-11-21T15:06:51+00:00","og_image":[{"width":2560,"height":1656,"url":"https:\/\/judoproleague.com\/wp-content\/uploads\/2025\/11\/DSC_1109-scaled.jpeg","type":"image\/jpeg"}],"author":"Alan GAUDEFROY","twitter_card":"summary_large_image","twitter_misc":{"Written by":"Alan GAUDEFROY","Est. reading time":"3 minutes"},"schema":{"@context":"https:\/\/schema.org","@graph":[{"@type":"Article","@id":"https:\/\/judoproleague.com\/normandie-judo-letendard-de-toute-une-region\/#article","isPartOf":{"@id":"https:\/\/judoproleague.com\/normandie-judo-letendard-de-toute-une-region\/"},"author":{"name":"Alan GAUDEFROY","@id":"https:\/\/judoproleague.com\/#\/schema\/person\/1cc0d3c1265a4f6956c0bf9ad6389b37"},"headline":"Normandie Judo, l\u2019\u00e9tendard de toute une r\u00e9gion","datePublished":"2025-11-21T15:02:37+00:00","dateModified":"2025-11-21T15:06:51+00:00","mainEntityOfPage":{"@id":"https:\/\/judoproleague.com\/normandie-judo-letendard-de-toute-une-region\/"},"wordCount":378,"publisher":{"@id":"https:\/\/judoproleague.com\/#organization"},"image":{"@id":"https:\/\/judoproleague.com\/normandie-judo-letendard-de-toute-une-region\/#primaryimage"},"thumbnailUrl":"https:\/\/judoproleague.com\/wp-content\/uploads\/2025\/11\/DSC_1109-scaled.jpeg","articleSection":["Normandie Judo"],"inLanguage":"en-US"},{"@type":"WebPage","@id":"https:\/\/judoproleague.com\/normandie-judo-letendard-de-toute-une-region\/","url":"https:\/\/judoproleague.com\/normandie-judo-letendard-de-toute-une-region\/","name":"Normandie Judo, the standard-bearer of an entire region - Judo Pro League","isPartOf":{"@id":"https:\/\/judoproleague.com\/#website"},"primaryImageOfPage":{"@id":"https:\/\/judoproleague.com\/normandie-judo-letendard-de-toute-une-region\/#primaryimage"},"image":{"@id":"https:\/\/judoproleague.com\/normandie-judo-letendard-de-toute-une-region\/#primaryimage"},"thumbnailUrl":"https:\/\/judoproleague.com\/wp-content\/uploads\/2025\/11\/DSC_1109-scaled.jpeg","datePublished":"2025-11-21T15:02:37+00:00","dateModified":"2025-11-21T15:06:51+00:00","inLanguage":"en-US","potentialAction":[{"@type":"ReadAction","target":["https:\/\/judoproleague.com\/normandie-judo-letendard-de-toute-une-region\/"]}]},{"@type":"ImageObject","inLanguage":"en-US","@id":"https:\/\/judoproleague.com\/normandie-judo-letendard-de-toute-une-region\/#primaryimage","url":"https:\/\/judoproleague.com\/wp-content\/uploads\/2025\/11\/DSC_1109-scaled.jpeg","contentUrl":"https:\/\/judoproleague.com\/wp-content\/uploads\/2025\/11\/DSC_1109-scaled.jpeg","width":2560,"height":1656},{"@type":"WebSite","@id":"https:\/\/judoproleague.com\/#website","url":"https:\/\/judoproleague.com\/","name":"Judo Pro League","description":"","publisher":{"@id":"https:\/\/judoproleague.com\/#organization"},"potentialAction":[{"@type":"SearchAction","target":{"@type":"EntryPoint","urlTemplate":"https:\/\/judoproleague.com\/?s={search_term_string}"},"query-input":{"@type":"PropertyValueSpecification","valueRequired":true,"valueName":"search_term_string"}}],"inLanguage":"en-US"},{"@type":"Organization","@id":"https:\/\/judoproleague.com\/#organization","name":"Judo Pro League","url":"https:\/\/judoproleague.com\/","logo":{"@type":"ImageObject","inLanguage":"en-US","@id":"https:\/\/judoproleague.com\/#\/schema\/logo\/image\/","url":"https:\/\/judoproleague.com\/wp-content\/uploads\/2024\/10\/JPL-LOGO-light-1.svg","contentUrl":"https:\/\/judoproleague.com\/wp-content\/uploads\/2024\/10\/JPL-LOGO-light-1.svg","width":198,"height":83,"caption":"Judo Pro League"},"image":{"@id":"https:\/\/judoproleague.com\/#\/schema\/logo\/image\/"}},{"@type":"Person","@id":"https:\/\/judoproleague.com\/#\/schema\/person\/1cc0d3c1265a4f6956c0bf9ad6389b37","name":"Alan GAUDEFROY","image":{"@type":"ImageObject","inLanguage":"en-US","@id":"https:\/\/judoproleague.com\/#\/schema\/person\/image\/","url":"https:\/\/secure.gravatar.com\/avatar\/f7ed2dc65f91e5fc8e3a880a460ca52653ffa31251b597d2880f1aaf5b39fdc4?s=96&d=mm&r=g","contentUrl":"https:\/\/secure.gravatar.com\/avatar\/f7ed2dc65f91e5fc8e3a880a460ca52653ffa31251b597d2880f1aaf5b39fdc4?s=96&d=mm&r=g","caption":"Alan GAUDEFROY"},"url":"https:\/\/judoproleague.com\/en\/author\/alanjpl\/"}]}},"_links":{"self":[{"href":"https:\/\/judoproleague.com\/en\/wp-json\/wp\/v2\/posts\/15782","targetHints":{"allow":["GET"]}}],"collection":[{"href":"https:\/\/judoproleague.com\/en\/wp-json\/wp\/v2\/posts"}],"about":[{"href":"https:\/\/judoproleague.com\/en\/wp-json\/wp\/v2\/types\/post"}],"author":[{"embeddable":true,"href":"https:\/\/judoproleague.com\/en\/wp-json\/wp\/v2\/users\/4"}],"replies":[{"embeddable":true,"href":"https:\/\/judoproleague.com\/en\/wp-json\/wp\/v2\/comments?post=15782"}],"version-history":[{"count":2,"href":"https:\/\/judoproleague.com\/en\/wp-json\/wp\/v2\/posts\/15782\/revisions"}],"predecessor-version":[{"id":15787,"href":"https:\/\/judoproleague.com\/en\/wp-json\/wp\/v2\/posts\/15782\/revisions\/15787"}],"wp:featuredmedia":[{"embeddable":true,"href":"https:\/\/judoproleague.com\/en\/wp-json\/wp\/v2\/media\/15785"}],"wp:attachment":[{"href":"https:\/\/judoproleague.com\/en\/wp-json\/wp\/v2\/media?parent=15782"}],"wp:term":[{"taxonomy":"category","embeddable":true,"href":"https:\/\/judoproleague.com\/en\/wp-json\/wp\/v2\/categories?post=15782"},{"taxonomy":"post_tag","embeddable":true,"href":"https:\/\/judoproleague.com\/en\/wp-json\/wp\/v2\/tags?post=15782"}],"curies":[{"name":"wp","href":"https:\/\/api.w.org\/{rel}","templated":true}]}}