{"id":15482,"date":"2025-11-20T11:04:05","date_gmt":"2025-11-20T10:04:05","guid":{"rendered":"https:\/\/judoproleague.com\/?p=15482"},"modified":"2025-11-20T11:04:05","modified_gmt":"2025-11-20T10:04:05","slug":"dojo-nantais-cap-a-louest","status":"publish","type":"post","link":"https:\/\/judoproleague.com\/en\/dojo-nantais-cap-a-louest\/","title":{"rendered":"Dojo Nantais, heading west"},"content":{"rendered":"<p><span data-contrast=\"auto\">Present since the first edition of the Judo Pro League in 2022, the Dojo Nantais has remained loyal to the event this season despite a new era launched with the arrival of Adrien Leli\u00e8vre as technical director this summer, and the election of Thierry De La Fourni\u00e8re as president at the very start of the season.\u00a0<\/span><i><span data-contrast=\"auto\">\"We may be in the process of rebuilding, but our commitment to the Judo Pro League remains at the heart of our project,\u00a0<\/span><\/i><span data-contrast=\"auto\">assures the man who has just taken over the reins of a structure created in 1957 and which has exceeded 1,000 members over the last three seasons.\u00a0<\/span><i><span data-contrast=\"auto\">Indeed, we see this competition as a real gateway to the top level, which we have a duty to offer to our competitors as well as to the best fighters in Pays de la Loire and Brittany\".<\/span><\/i><span data-ccp-props=\"{}\">\u00a0<\/span><\/p>\n<p>&nbsp;<\/p>\n<p style=\"text-align: center;\"><img loading=\"lazy\" decoding=\"async\" class=\"alignnone  wp-image-15483\" src=\"https:\/\/judoproleague.com\/wp-content\/uploads\/2025\/11\/DOJO-NANTAIS_LOGO-300x298.png\" alt=\"\" width=\"238\" height=\"236\" srcset=\"https:\/\/judoproleague.com\/wp-content\/uploads\/2025\/11\/DOJO-NANTAIS_LOGO-300x298.png 300w, https:\/\/judoproleague.com\/wp-content\/uploads\/2025\/11\/DOJO-NANTAIS_LOGO-150x150.png 150w, https:\/\/judoproleague.com\/wp-content\/uploads\/2025\/11\/DOJO-NANTAIS_LOGO-12x12.png 12w, https:\/\/judoproleague.com\/wp-content\/uploads\/2025\/11\/DOJO-NANTAIS_LOGO.png 532w\" sizes=\"auto, (max-width: 238px) 100vw, 238px\" \/><\/p>\n<p><span data-ccp-props=\"{}\">\u00a0<\/span><\/p>\n<p><span data-contrast=\"auto\">A strong local flavour in the face of the big guns of this fourth season.\u00a0<\/span><i><span data-contrast=\"auto\">\"Our participation in the JPL is a lever for attracting good athletes to our group, as is the spirit that reigns there. In any case, our vocation is not to look for foreign reinforcements. It's not easy either financially or geographically, as we can't compete with the Paris basin or the facilities in the east of the country, which are more accessible to athletes from neighbouring countries.\"\u00a0<\/span><\/i><span data-contrast=\"auto\">But that doesn't mean we're going to present ourselves as an expiatory victim!\u00a0<\/span><i><span data-contrast=\"auto\">\"We have the experience of the two quarter-finals contested in the first two editions, and we know that the final ranking can come down to a few things, a point scraped off here and there. So every battle in our next three matches will be important.<\/span><\/i><span data-contrast=\"auto\">\u00a0Starting with Thursday's game against AC Boulogne-Billancourt.<\/span><span data-ccp-props=\"{}\">\u00a0<\/span><\/p>\n<p>&nbsp;<\/p>\n<p style=\"text-align: center;\">\u00a0<img loading=\"lazy\" decoding=\"async\" class=\"alignnone  wp-image-15491\" src=\"https:\/\/judoproleague.com\/wp-content\/uploads\/2025\/11\/Capture-decran-2025-11-20-a-11.02.35-300x201.png\" alt=\"\" width=\"502\" height=\"336\" srcset=\"https:\/\/judoproleague.com\/wp-content\/uploads\/2025\/11\/Capture-decran-2025-11-20-a-11.02.35-300x201.png 300w, https:\/\/judoproleague.com\/wp-content\/uploads\/2025\/11\/Capture-decran-2025-11-20-a-11.02.35-1024x685.png 1024w, https:\/\/judoproleague.com\/wp-content\/uploads\/2025\/11\/Capture-decran-2025-11-20-a-11.02.35-768x514.png 768w, https:\/\/judoproleague.com\/wp-content\/uploads\/2025\/11\/Capture-decran-2025-11-20-a-11.02.35-18x12.png 18w, https:\/\/judoproleague.com\/wp-content\/uploads\/2025\/11\/Capture-decran-2025-11-20-a-11.02.35.png 1064w\" sizes=\"auto, (max-width: 502px) 100vw, 502px\" \/><\/p>","protected":false},"excerpt":{"rendered":"<p>Pr\u00e9sent depuis la premi\u00e8re \u00e9dition de la Judo Pro League en 2022, le Dojo Nantais\u00a0s\u2019est montr\u00e9 fid\u00e8le \u00e0 l\u2019\u00e9preuve cette saison malgr\u00e9 une nouvelle \u00e8re\u00a0lanc\u00e9e avec l\u2019arriv\u00e9e d\u2019Adrien Leli\u00e8vre comme directeur technique\u00a0cet \u00e9t\u00e9,\u00a0et l\u2019\u00e9lection de Thierry De La Fourni\u00e8re \u00e0 la pr\u00e9sidence en tout d\u00e9but de saison.\u00a0\u00ab\u202fNous avons beau \u00eatre en pleine reconstruction, notre engagement [&hellip;]<\/p>\n","protected":false},"author":4,"featured_media":15492,"comment_status":"closed","ping_status":"open","sticky":false,"template":"","format":"standard","meta":{"footnotes":""},"categories":[1],"tags":[],"class_list":["post-15482","post","type-post","status-publish","format-standard","has-post-thumbnail","hentry","category-non-classe"],"acf":[],"yoast_head":"<!-- This site is optimized with the Yoast SEO plugin v27.1.1 - https:\/\/yoast.com\/product\/yoast-seo-wordpress\/ -->\n<title>Dojo Nantais, cap \u00e0 l\u2019Ouest - Judo Pro League<\/title>\n<meta name=\"robots\" content=\"index, follow, max-snippet:-1, max-image-preview:large, max-video-preview:-1\" \/>\n<link rel=\"canonical\" href=\"https:\/\/judoproleague.com\/en\/dojo-nantais-cap-a-louest\/\" \/>\n<meta property=\"og:locale\" content=\"en_US\" \/>\n<meta property=\"og:type\" content=\"article\" \/>\n<meta property=\"og:title\" content=\"Dojo Nantais, cap \u00e0 l\u2019Ouest - Judo Pro League\" \/>\n<meta property=\"og:description\" content=\"Pr\u00e9sent depuis la premi\u00e8re \u00e9dition de la Judo Pro League en 2022, le Dojo Nantais\u00a0s\u2019est montr\u00e9 fid\u00e8le \u00e0 l\u2019\u00e9preuve cette saison malgr\u00e9 une nouvelle \u00e8re\u00a0lanc\u00e9e avec l\u2019arriv\u00e9e d\u2019Adrien Leli\u00e8vre comme directeur technique\u00a0cet \u00e9t\u00e9,\u00a0et l\u2019\u00e9lection de Thierry De La Fourni\u00e8re \u00e0 la pr\u00e9sidence en tout d\u00e9but de saison.\u00a0\u00ab\u202fNous avons beau \u00eatre en pleine reconstruction, notre engagement [&hellip;]\" \/>\n<meta property=\"og:url\" content=\"https:\/\/judoproleague.com\/en\/dojo-nantais-cap-a-louest\/\" \/>\n<meta property=\"og:site_name\" content=\"Judo Pro League\" \/>\n<meta property=\"article:published_time\" content=\"2025-11-20T10:04:05+00:00\" \/>\n<meta property=\"og:image\" content=\"https:\/\/judoproleague.com\/wp-content\/uploads\/2025\/11\/Capture-decran-2025-11-20-a-11.02.55.png\" \/>\n\t<meta property=\"og:image:width\" content=\"1034\" \/>\n\t<meta property=\"og:image:height\" content=\"635\" \/>\n\t<meta property=\"og:image:type\" content=\"image\/png\" \/>\n<meta name=\"author\" content=\"Alan GAUDEFROY\" \/>\n<meta name=\"twitter:card\" content=\"summary_large_image\" \/>\n<meta name=\"twitter:label1\" content=\"Written by\" \/>\n\t<meta name=\"twitter:data1\" content=\"Alan GAUDEFROY\" \/>\n\t<meta name=\"twitter:label2\" content=\"Est. reading time\" \/>\n\t<meta name=\"twitter:data2\" content=\"3 minutes\" \/>\n<script type=\"application\/ld+json\" class=\"yoast-schema-graph\">{\"@context\":\"https:\/\/schema.org\",\"@graph\":[{\"@type\":\"Article\",\"@id\":\"https:\/\/judoproleague.com\/dojo-nantais-cap-a-louest\/#article\",\"isPartOf\":{\"@id\":\"https:\/\/judoproleague.com\/dojo-nantais-cap-a-louest\/\"},\"author\":{\"name\":\"Alan GAUDEFROY\",\"@id\":\"https:\/\/judoproleague.com\/#\/schema\/person\/1cc0d3c1265a4f6956c0bf9ad6389b37\"},\"headline\":\"Dojo Nantais, cap \u00e0 l\u2019Ouest\",\"datePublished\":\"2025-11-20T10:04:05+00:00\",\"mainEntityOfPage\":{\"@id\":\"https:\/\/judoproleague.com\/dojo-nantais-cap-a-louest\/\"},\"wordCount\":326,\"publisher\":{\"@id\":\"https:\/\/judoproleague.com\/#organization\"},\"image\":{\"@id\":\"https:\/\/judoproleague.com\/dojo-nantais-cap-a-louest\/#primaryimage\"},\"thumbnailUrl\":\"https:\/\/judoproleague.com\/wp-content\/uploads\/2025\/11\/Capture-decran-2025-11-20-a-11.02.55.png\",\"articleSection\":[\"Non class\u00e9\"],\"inLanguage\":\"en-US\"},{\"@type\":\"WebPage\",\"@id\":\"https:\/\/judoproleague.com\/dojo-nantais-cap-a-louest\/\",\"url\":\"https:\/\/judoproleague.com\/dojo-nantais-cap-a-louest\/\",\"name\":\"Dojo Nantais, cap \u00e0 l\u2019Ouest - Judo Pro League\",\"isPartOf\":{\"@id\":\"https:\/\/judoproleague.com\/#website\"},\"primaryImageOfPage\":{\"@id\":\"https:\/\/judoproleague.com\/dojo-nantais-cap-a-louest\/#primaryimage\"},\"image\":{\"@id\":\"https:\/\/judoproleague.com\/dojo-nantais-cap-a-louest\/#primaryimage\"},\"thumbnailUrl\":\"https:\/\/judoproleague.com\/wp-content\/uploads\/2025\/11\/Capture-decran-2025-11-20-a-11.02.55.png\",\"datePublished\":\"2025-11-20T10:04:05+00:00\",\"inLanguage\":\"en-US\",\"potentialAction\":[{\"@type\":\"ReadAction\",\"target\":[\"https:\/\/judoproleague.com\/dojo-nantais-cap-a-louest\/\"]}]},{\"@type\":\"ImageObject\",\"inLanguage\":\"en-US\",\"@id\":\"https:\/\/judoproleague.com\/dojo-nantais-cap-a-louest\/#primaryimage\",\"url\":\"https:\/\/judoproleague.com\/wp-content\/uploads\/2025\/11\/Capture-decran-2025-11-20-a-11.02.55.png\",\"contentUrl\":\"https:\/\/judoproleague.com\/wp-content\/uploads\/2025\/11\/Capture-decran-2025-11-20-a-11.02.55.png\",\"width\":1034,\"height\":635},{\"@type\":\"WebSite\",\"@id\":\"https:\/\/judoproleague.com\/#website\",\"url\":\"https:\/\/judoproleague.com\/\",\"name\":\"Judo Pro League\",\"description\":\"\",\"publisher\":{\"@id\":\"https:\/\/judoproleague.com\/#organization\"},\"potentialAction\":[{\"@type\":\"SearchAction\",\"target\":{\"@type\":\"EntryPoint\",\"urlTemplate\":\"https:\/\/judoproleague.com\/?s={search_term_string}\"},\"query-input\":{\"@type\":\"PropertyValueSpecification\",\"valueRequired\":true,\"valueName\":\"search_term_string\"}}],\"inLanguage\":\"en-US\"},{\"@type\":\"Organization\",\"@id\":\"https:\/\/judoproleague.com\/#organization\",\"name\":\"Judo Pro League\",\"url\":\"https:\/\/judoproleague.com\/\",\"logo\":{\"@type\":\"ImageObject\",\"inLanguage\":\"en-US\",\"@id\":\"https:\/\/judoproleague.com\/#\/schema\/logo\/image\/\",\"url\":\"https:\/\/judoproleague.com\/wp-content\/uploads\/2024\/10\/JPL-LOGO-light-1.svg\",\"contentUrl\":\"https:\/\/judoproleague.com\/wp-content\/uploads\/2024\/10\/JPL-LOGO-light-1.svg\",\"width\":198,\"height\":83,\"caption\":\"Judo Pro League\"},\"image\":{\"@id\":\"https:\/\/judoproleague.com\/#\/schema\/logo\/image\/\"}},{\"@type\":\"Person\",\"@id\":\"https:\/\/judoproleague.com\/#\/schema\/person\/1cc0d3c1265a4f6956c0bf9ad6389b37\",\"name\":\"Alan GAUDEFROY\",\"image\":{\"@type\":\"ImageObject\",\"inLanguage\":\"en-US\",\"@id\":\"https:\/\/judoproleague.com\/#\/schema\/person\/image\/\",\"url\":\"https:\/\/secure.gravatar.com\/avatar\/f7ed2dc65f91e5fc8e3a880a460ca52653ffa31251b597d2880f1aaf5b39fdc4?s=96&d=mm&r=g\",\"contentUrl\":\"https:\/\/secure.gravatar.com\/avatar\/f7ed2dc65f91e5fc8e3a880a460ca52653ffa31251b597d2880f1aaf5b39fdc4?s=96&d=mm&r=g\",\"caption\":\"Alan GAUDEFROY\"},\"url\":\"https:\/\/judoproleague.com\/en\/author\/alanjpl\/\"}]}<\/script>\n<!-- \/ Yoast SEO plugin. -->","yoast_head_json":{"title":"Dojo Nantais, heading west - Judo Pro League","robots":{"index":"index","follow":"follow","max-snippet":"max-snippet:-1","max-image-preview":"max-image-preview:large","max-video-preview":"max-video-preview:-1"},"canonical":"https:\/\/judoproleague.com\/en\/dojo-nantais-cap-a-louest\/","og_locale":"en_US","og_type":"article","og_title":"Dojo Nantais, cap \u00e0 l\u2019Ouest - Judo Pro League","og_description":"Pr\u00e9sent depuis la premi\u00e8re \u00e9dition de la Judo Pro League en 2022, le Dojo Nantais\u00a0s\u2019est montr\u00e9 fid\u00e8le \u00e0 l\u2019\u00e9preuve cette saison malgr\u00e9 une nouvelle \u00e8re\u00a0lanc\u00e9e avec l\u2019arriv\u00e9e d\u2019Adrien Leli\u00e8vre comme directeur technique\u00a0cet \u00e9t\u00e9,\u00a0et l\u2019\u00e9lection de Thierry De La Fourni\u00e8re \u00e0 la pr\u00e9sidence en tout d\u00e9but de saison.\u00a0\u00ab\u202fNous avons beau \u00eatre en pleine reconstruction, notre engagement [&hellip;]","og_url":"https:\/\/judoproleague.com\/en\/dojo-nantais-cap-a-louest\/","og_site_name":"Judo Pro League","article_published_time":"2025-11-20T10:04:05+00:00","og_image":[{"width":1034,"height":635,"url":"https:\/\/judoproleague.com\/wp-content\/uploads\/2025\/11\/Capture-decran-2025-11-20-a-11.02.55.png","type":"image\/png"}],"author":"Alan GAUDEFROY","twitter_card":"summary_large_image","twitter_misc":{"Written by":"Alan GAUDEFROY","Est. reading time":"3 minutes"},"schema":{"@context":"https:\/\/schema.org","@graph":[{"@type":"Article","@id":"https:\/\/judoproleague.com\/dojo-nantais-cap-a-louest\/#article","isPartOf":{"@id":"https:\/\/judoproleague.com\/dojo-nantais-cap-a-louest\/"},"author":{"name":"Alan GAUDEFROY","@id":"https:\/\/judoproleague.com\/#\/schema\/person\/1cc0d3c1265a4f6956c0bf9ad6389b37"},"headline":"Dojo Nantais, cap \u00e0 l\u2019Ouest","datePublished":"2025-11-20T10:04:05+00:00","mainEntityOfPage":{"@id":"https:\/\/judoproleague.com\/dojo-nantais-cap-a-louest\/"},"wordCount":326,"publisher":{"@id":"https:\/\/judoproleague.com\/#organization"},"image":{"@id":"https:\/\/judoproleague.com\/dojo-nantais-cap-a-louest\/#primaryimage"},"thumbnailUrl":"https:\/\/judoproleague.com\/wp-content\/uploads\/2025\/11\/Capture-decran-2025-11-20-a-11.02.55.png","articleSection":["Non class\u00e9"],"inLanguage":"en-US"},{"@type":"WebPage","@id":"https:\/\/judoproleague.com\/dojo-nantais-cap-a-louest\/","url":"https:\/\/judoproleague.com\/dojo-nantais-cap-a-louest\/","name":"Dojo Nantais, heading west - Judo Pro League","isPartOf":{"@id":"https:\/\/judoproleague.com\/#website"},"primaryImageOfPage":{"@id":"https:\/\/judoproleague.com\/dojo-nantais-cap-a-louest\/#primaryimage"},"image":{"@id":"https:\/\/judoproleague.com\/dojo-nantais-cap-a-louest\/#primaryimage"},"thumbnailUrl":"https:\/\/judoproleague.com\/wp-content\/uploads\/2025\/11\/Capture-decran-2025-11-20-a-11.02.55.png","datePublished":"2025-11-20T10:04:05+00:00","inLanguage":"en-US","potentialAction":[{"@type":"ReadAction","target":["https:\/\/judoproleague.com\/dojo-nantais-cap-a-louest\/"]}]},{"@type":"ImageObject","inLanguage":"en-US","@id":"https:\/\/judoproleague.com\/dojo-nantais-cap-a-louest\/#primaryimage","url":"https:\/\/judoproleague.com\/wp-content\/uploads\/2025\/11\/Capture-decran-2025-11-20-a-11.02.55.png","contentUrl":"https:\/\/judoproleague.com\/wp-content\/uploads\/2025\/11\/Capture-decran-2025-11-20-a-11.02.55.png","width":1034,"height":635},{"@type":"WebSite","@id":"https:\/\/judoproleague.com\/#website","url":"https:\/\/judoproleague.com\/","name":"Judo Pro League","description":"","publisher":{"@id":"https:\/\/judoproleague.com\/#organization"},"potentialAction":[{"@type":"SearchAction","target":{"@type":"EntryPoint","urlTemplate":"https:\/\/judoproleague.com\/?s={search_term_string}"},"query-input":{"@type":"PropertyValueSpecification","valueRequired":true,"valueName":"search_term_string"}}],"inLanguage":"en-US"},{"@type":"Organization","@id":"https:\/\/judoproleague.com\/#organization","name":"Judo Pro League","url":"https:\/\/judoproleague.com\/","logo":{"@type":"ImageObject","inLanguage":"en-US","@id":"https:\/\/judoproleague.com\/#\/schema\/logo\/image\/","url":"https:\/\/judoproleague.com\/wp-content\/uploads\/2024\/10\/JPL-LOGO-light-1.svg","contentUrl":"https:\/\/judoproleague.com\/wp-content\/uploads\/2024\/10\/JPL-LOGO-light-1.svg","width":198,"height":83,"caption":"Judo Pro League"},"image":{"@id":"https:\/\/judoproleague.com\/#\/schema\/logo\/image\/"}},{"@type":"Person","@id":"https:\/\/judoproleague.com\/#\/schema\/person\/1cc0d3c1265a4f6956c0bf9ad6389b37","name":"Alan GAUDEFROY","image":{"@type":"ImageObject","inLanguage":"en-US","@id":"https:\/\/judoproleague.com\/#\/schema\/person\/image\/","url":"https:\/\/secure.gravatar.com\/avatar\/f7ed2dc65f91e5fc8e3a880a460ca52653ffa31251b597d2880f1aaf5b39fdc4?s=96&d=mm&r=g","contentUrl":"https:\/\/secure.gravatar.com\/avatar\/f7ed2dc65f91e5fc8e3a880a460ca52653ffa31251b597d2880f1aaf5b39fdc4?s=96&d=mm&r=g","caption":"Alan GAUDEFROY"},"url":"https:\/\/judoproleague.com\/en\/author\/alanjpl\/"}]}},"_links":{"self":[{"href":"https:\/\/judoproleague.com\/en\/wp-json\/wp\/v2\/posts\/15482","targetHints":{"allow":["GET"]}}],"collection":[{"href":"https:\/\/judoproleague.com\/en\/wp-json\/wp\/v2\/posts"}],"about":[{"href":"https:\/\/judoproleague.com\/en\/wp-json\/wp\/v2\/types\/post"}],"author":[{"embeddable":true,"href":"https:\/\/judoproleague.com\/en\/wp-json\/wp\/v2\/users\/4"}],"replies":[{"embeddable":true,"href":"https:\/\/judoproleague.com\/en\/wp-json\/wp\/v2\/comments?post=15482"}],"version-history":[{"count":1,"href":"https:\/\/judoproleague.com\/en\/wp-json\/wp\/v2\/posts\/15482\/revisions"}],"predecessor-version":[{"id":15493,"href":"https:\/\/judoproleague.com\/en\/wp-json\/wp\/v2\/posts\/15482\/revisions\/15493"}],"wp:featuredmedia":[{"embeddable":true,"href":"https:\/\/judoproleague.com\/en\/wp-json\/wp\/v2\/media\/15492"}],"wp:attachment":[{"href":"https:\/\/judoproleague.com\/en\/wp-json\/wp\/v2\/media?parent=15482"}],"wp:term":[{"taxonomy":"category","embeddable":true,"href":"https:\/\/judoproleague.com\/en\/wp-json\/wp\/v2\/categories?post=15482"},{"taxonomy":"post_tag","embeddable":true,"href":"https:\/\/judoproleague.com\/en\/wp-json\/wp\/v2\/tags?post=15482"}],"curies":[{"name":"wp","href":"https:\/\/api.w.org\/{rel}","templated":true}]}}