{"id":15012,"date":"2025-11-14T12:16:11","date_gmt":"2025-11-14T11:16:11","guid":{"rendered":"https:\/\/judoproleague.com\/?p=15012"},"modified":"2025-11-14T17:24:10","modified_gmt":"2025-11-14T16:24:10","slug":"jpl-week-7-recap-lile-de-france-shows-its-teeth","status":"publish","type":"post","link":"https:\/\/judoproleague.com\/en\/recap-de-la-semaine-7-de-jpl-lile-de-france-montre-les-dents\/","title":{"rendered":"JPL Week 7 recap - \u00cele-de-France shows its teeth\u00a0"},"content":{"rendered":"<h2><span data-ccp-props=\"{}\">\u00a0<\/span><b><span data-contrast=\"auto\">Venelles Judo 13 \/ RSC Montreuil: 2-8<\/span><\/b><span data-ccp-props=\"{}\">\u00a0<\/span><\/h2>\n<p style=\"text-align: center;\"><img loading=\"lazy\" decoding=\"async\" class=\"alignnone wp-image-15028\" src=\"https:\/\/judoproleague.com\/wp-content\/uploads\/2025\/11\/803b96fc-af20-4e76-9b3f-6bb24b6fe7d7-300x165.jpg\" alt=\"\" width=\"447\" height=\"246\" srcset=\"https:\/\/judoproleague.com\/wp-content\/uploads\/2025\/11\/803b96fc-af20-4e76-9b3f-6bb24b6fe7d7-300x165.jpg 300w, https:\/\/judoproleague.com\/wp-content\/uploads\/2025\/11\/803b96fc-af20-4e76-9b3f-6bb24b6fe7d7-768x422.jpg 768w, https:\/\/judoproleague.com\/wp-content\/uploads\/2025\/11\/803b96fc-af20-4e76-9b3f-6bb24b6fe7d7-18x10.jpg 18w, https:\/\/judoproleague.com\/wp-content\/uploads\/2025\/11\/803b96fc-af20-4e76-9b3f-6bb24b6fe7d7.jpg 929w\" sizes=\"auto, (max-width: 447px) 100vw, 447px\" \/><\/p>\n<p><span data-contrast=\"auto\">Spectators at Venelles' Halle Nelson-Mandela were treated to a firework display of projections for this season's first duel between the promoted teams. Camal Feyziyev and Emre Sanal (+90kg) set the tone from the outset, with the Azerbaijani coming back from two impacts conceded to the 2022 French champion to win by immobilization and offer the first point to the home side. The advantage was short-lived, however, as Spain's Mireia Lapuerta Comas (-52kg) followed up with three values on o-uchi-gari against Manon Comeyne, national cadet medallist in 2023, before concluding with ura-nage. The remake of the semi-final at the last French senior championships then turned to the advantage of two-time title-holder K\u00e9vin Azema (-66kg), his yoko-tomoe-nage attempt a few seconds from time against Meane Korval giving him enough yuko to win. The 2025 European university champion Lena Bonnamy (-57kg) brought Venelles up to scratch with a sublime morote-seoi-nage on her knees, but Lionel Bebey (-73kg) disposed of Israil Dakayev with a clever yuko just before the time-out.<\/span><span data-ccp-props=\"{}\">\u00a0<\/span><\/p>\n<h4 style=\"text-align: center;\"><b><span data-contrast=\"auto\">A flawless second half<\/span><\/b><span data-ccp-props=\"{}\">\u00a0<\/span><\/h4>\n<p><span data-contrast=\"auto\">Trailing 2-3 at the break, Les Venellois could still have hoped for their first win in the competition, but they were no match for Montreuillois, who went into \"surgical\" mode to build on their inaugural victory over Asni\u00e8res-sur-Seine. In the -63kg class, Romane Dyot quickly strangled Ma\u00eblys Lafay, while Matt\u00e9o Giordano (-81kg) perfectly rolled up Benjamin Constant on morote-seoi-nage. With no female fighter against Samah Hawa Camara (+70kg), the Parisians were definitely safe, but this didn't stop Ariela Sanchez Benitez (-70kg), the 2023 Spanish champion, from upsetting Cassandre Morisset on the backhand side, nor Lucas Duchaussoy (-90kg) from adding to the score with a yuko inflicted on N\u00e9o Manfruelli on tsuri-goshi (2-8). A match which will go down as the first of the year without a hikiwake, and which enables RSC Montreuil to take the lead in the standings - in terms of number of bouts won - at the end of this second day.<\/span><span data-ccp-props=\"{}\">\u00a0<\/span><\/p>\n<p><span data-ccp-props=\"{}\">\u00a0<\/span><\/p>\n<h2><b><span data-contrast=\"auto\">AM Asni\u00e8res Judo 92 \/ Dojo B\u00e9glais: 7-1<\/span><\/b><span data-ccp-props=\"{}\">\u00a0<\/span><\/h2>\n<p>&nbsp;<\/p>\n<p style=\"text-align: center;\"><img loading=\"lazy\" decoding=\"async\" class=\"alignnone  wp-image-15044\" src=\"https:\/\/judoproleague.com\/wp-content\/uploads\/2025\/11\/Asnieres-DojoBeglais-300x200.jpg\" alt=\"\" width=\"476\" height=\"318\" srcset=\"https:\/\/judoproleague.com\/wp-content\/uploads\/2025\/11\/Asnieres-DojoBeglais-300x200.jpg 300w, https:\/\/judoproleague.com\/wp-content\/uploads\/2025\/11\/Asnieres-DojoBeglais-1024x683.jpg 1024w, https:\/\/judoproleague.com\/wp-content\/uploads\/2025\/11\/Asnieres-DojoBeglais-768x512.jpg 768w, https:\/\/judoproleague.com\/wp-content\/uploads\/2025\/11\/Asnieres-DojoBeglais-1536x1024.jpg 1536w, https:\/\/judoproleague.com\/wp-content\/uploads\/2025\/11\/Asnieres-DojoBeglais-18x12.jpg 18w, https:\/\/judoproleague.com\/wp-content\/uploads\/2025\/11\/Asnieres-DojoBeglais.jpg 2048w\" sizes=\"auto, (max-width: 476px) 100vw, 476px\" \/><\/p>\n<p><span data-ccp-props=\"{}\">\u00a0<\/span><\/p>\n<p style=\"text-align: center;\">\n<p><span data-contrast=\"auto\">Also trapped by the fighters from Seine-Saint-Denis three weeks ago (3-6), the Asni\u00e9rois were keen to kick-start their season once and for all, as were the Dojo B\u00e9glais, who had failed to win at Saint-Gratien in early October (2-8). Maxence Bordin (+90kg), the junior 2024 continental medallist, was the first to take to the ring, leading the way against Seyba Thiam, who was penalized three times in just over three minutes. Lycia Guebli and Diane Inguimbert (-52kg) then neutralized each other, before Evan Leclerc (-66kg) equalized at the very end of the bout with a subtle ko-soto-gari against Azerbaijani Nazir Talibov to keep the visitors from Gironde in the match. Meriem Medjouri's harai-makikomi (-57kg) followed by Hans-Jorris Ahibo's ura-nage (-73kg) put the prot\u00e9g\u00e9s of Fabrice Ruimy-Guillaume Etchegaray and Rayane Hamdaoui in a good position as they headed back to the locker room at the Arena Teddy Riner, which was packed for the occasion.<\/span><span data-ccp-props=\"{}\">\u00a0<\/span><span data-ccp-props=\"{}\">\u00a0<\/span><\/p>\n<h4 style=\"text-align: center;\"><b><span data-contrast=\"auto\">Tokas at work<\/span><\/b><span data-ccp-props=\"{}\">\u00a0<\/span><\/h4>\n<p><span data-contrast=\"auto\">This lead quickly turned into a one-woman show when the young Indian Himanshi Tokas (-63kg), who won bronze last month at the Pan-American Open in Lima, quickly imposed her o-soto-gari on Mathilde Agier. Buoyed by the support of their fans, Junior Dabaya (-81kg), Juliette Diollot (-70kg) and Oc\u00e9ane Baba Boura (+70kg) also found the resources to be declared victorious by the referee at the end of the five-minute time limit, when only the 2023 French cadet champion David Gnafoua (-90kg) let a point slip from his side when he was caught by Esteban Rouaud's wheel kick in the last minute of their confrontation. A waza-ari that could well prove important in the final totals, as it enabled Christophe Dumontier's group to leave US Orl\u00e9ans and Dojo Nantais behind in the last two places in the standings. For Asni\u00e8res, it was a welcome three points ahead of two forthcoming trips to Essonne and Haute-Marne, against Sainte-Genevi\u00e8ve Sports (19\/11) and Juniville Marnaval Grand Est (21\/01).<\/span><span data-ccp-props=\"{}\">\u00a0<\/span><\/p>\n<p><span data-ccp-props=\"{}\">\u00a0<\/span><\/p>\n<p><span data-ccp-props=\"{}\">\u00a0<\/span><\/p>\n<h2><b><span data-contrast=\"auto\">JC Chilly-Mazarin Morangis \/ Sainte-Genevi\u00e8ve Sports: 5-5<\/span><\/b><span data-ccp-props=\"{}\">\u00a0<\/span><\/h2>\n<p><span data-ccp-props=\"{}\">\u00a0<\/span><\/p>\n<p><span data-ccp-props=\"{}\"><img loading=\"lazy\" decoding=\"async\" class=\"wp-image-14998 aligncenter\" src=\"https:\/\/judoproleague.com\/wp-content\/uploads\/2025\/11\/JPL_5827-300x200.jpg\" alt=\"\" width=\"533\" height=\"355\" srcset=\"https:\/\/judoproleague.com\/wp-content\/uploads\/2025\/11\/JPL_5827-300x200.jpg 300w, https:\/\/judoproleague.com\/wp-content\/uploads\/2025\/11\/JPL_5827-1024x681.jpg 1024w, https:\/\/judoproleague.com\/wp-content\/uploads\/2025\/11\/JPL_5827-768x511.jpg 768w, https:\/\/judoproleague.com\/wp-content\/uploads\/2025\/11\/JPL_5827-1536x1022.jpg 1536w, https:\/\/judoproleague.com\/wp-content\/uploads\/2025\/11\/JPL_5827-2048x1363.jpg 2048w, https:\/\/judoproleague.com\/wp-content\/uploads\/2025\/11\/JPL_5827-18x12.jpg 18w\" sizes=\"auto, (max-width: 533px) 100vw, 533px\" \/><\/span><\/p>\n<p><span data-contrast=\"auto\">The winner of the Essonne derby between JC Chilly-Mazarin Morangis and Sainte-Genevi\u00e8ve Sports had to be decided patiently on Wednesday evening! Everything seemed to be working perfectly for the Chiroquois, who had decided from the outset not to put Mahora El Moudni up against Paris Grand Slam gold medallist L\u00e9a Fontaine in the tenth and final +70kg bout of the day. Rom\u00e9o L\u00e9v\u00eaque (+90kg) quickly made up for lost time against \"coach\" Antoine Lamour, in judogi for the occasion, with a first waza-ari on sumi-gaeshi, then a second on ko-soto-gari for the medallist from last month's national tournaments in Noisy-le-Grand and Troyes. The reigning European university champion Sarah Bothy (-52kg) also came out on top, immobilizing H\u00e9l\u00e9na Beyssac-Poulin after impacting her on uchi-mata, followed by Richard Vergnes (-66kg) - with a yuko on eri-seoi-nage - and the 2025 junior continental medallist Peter Jean (-73kg), also impeccable to finish on the floor ahead of last March's French cadet champion Ishak Tabet. Only Clarisse Carillon (-57kg) managed to score for the G\u00e9nov\u00e9fains before half-time, tackling Saf\u00e9ine Gues on both shoulders.\u00a0<\/span><\/p>\n<p><b><span data-contrast=\"auto\">A Coutin lightning bolt<\/span><\/b><span data-ccp-props=\"{}\">\u00a0<\/span><\/p>\n<p><span data-contrast=\"auto\">Far from admitting defeat, the Red and Whites relied on the experience of Clo\u00e9 Yvin (-63kg), who cracked Emma Benghezal - guilty of a fatal false attack in the final seconds - and then on the vista of C\u00f4me Amily to scatter the vice champion of France cadets 2025 Ahmed-Adam Hamdaoui in two steps, on uchi-mata-gaeshi then tsubame-gaeshi. Counting the score for the +70kg category, it was 4-4 by the time Lara Hieu-Filet and Audren Guenneugues (-70kg) entered the ring. The confrontation lasted just forty seconds, the time it took for the former, a finalist at Noisy-le-Grand less than a month ago, to set the 2025 European Cadet vice-champion on her way with a magnificent uchi-mata. With Senegal's Abderhamane Diao (-90kg), a triple continental medallist, as the final ammunition, it looked like a done deal for the JCCMM... until this uchi-mata in the circle from Avel Coutin, who had won silver a few days earlier at the label excellence junior tournament in Tergnier, which the video audience rewarded with an ippon worth its weight in gold! It also enabled Sainte-Genevi\u00e8ve Sports to reach five wins and 500 points, compared with 401 for their neighbors... A perfect start for the G\u00e9nov\u00e9fains, the seventh team to remain unbeaten at the halfway stage, who will play host to Asni\u00e8res-sur-Seine (19\/11) and Saint-Gratien (18\/12) back-to-back in a bid to book their place in the quarters.<\/span><span data-ccp-props=\"{}\">\u00a0<\/span><\/p>","protected":false},"excerpt":{"rendered":"<p>\u00a0Venelles Judo 13 \/ RSC Montreuil\u202f: 2-8\u00a0 C\u2019est un feu d\u2019artifice de projections qui a \u00e9t\u00e9 offert aux spectateurs de la Halle Nelson-Mandela de Venelles pour le premier duel de promus de cette saison.\u00a0Camal\u00a0Feyziyev\u00a0et\u00a0Emre\u00a0Sanal\u00a0(+90kg) donnaient d\u2019embl\u00e9e le ton, l\u2019Azerba\u00efdjanais remontant deux impacts conc\u00e9d\u00e9s au champion de France 2022 pour s\u2019imposer par immobilisation et offrir le [&hellip;]<\/p>\n","protected":false},"author":4,"featured_media":15035,"comment_status":"closed","ping_status":"open","sticky":false,"template":"","format":"standard","meta":{"footnotes":""},"categories":[6,13,23,1,29,19,27],"tags":[],"class_list":["post-15012","post","type-post","status-publish","format-standard","has-post-thumbnail","hentry","category-am-asnieres","category-dojo-beglais","category-jc-chilly-mazarin-morangis","category-non-classe","category-rsc-montreuil","category-sgs-judo","category-venelles-judo-13"],"acf":[],"yoast_head":"<!-- This site is optimized with the Yoast SEO plugin v27.1.1 - https:\/\/yoast.com\/product\/yoast-seo-wordpress\/ -->\n<title>Recap de la semaine 7 de JPL - L\u2019\u00cele-de-France montre les dents\u00a0 - Judo Pro League<\/title>\n<meta name=\"robots\" content=\"index, follow, max-snippet:-1, max-image-preview:large, max-video-preview:-1\" \/>\n<link rel=\"canonical\" href=\"https:\/\/judoproleague.com\/en\/jpl-week-7-recap-lile-de-france-shows-its-teeth\/\" \/>\n<meta property=\"og:locale\" content=\"en_US\" \/>\n<meta property=\"og:type\" content=\"article\" \/>\n<meta property=\"og:title\" content=\"Recap de la semaine 7 de JPL - L\u2019\u00cele-de-France montre les dents\u00a0 - Judo Pro League\" \/>\n<meta property=\"og:description\" content=\"\u00a0Venelles Judo 13 \/ RSC Montreuil\u202f: 2-8\u00a0 C\u2019est un feu d\u2019artifice de projections qui a \u00e9t\u00e9 offert aux spectateurs de la Halle Nelson-Mandela de Venelles pour le premier duel de promus de cette saison.\u00a0Camal\u00a0Feyziyev\u00a0et\u00a0Emre\u00a0Sanal\u00a0(+90kg) donnaient d\u2019embl\u00e9e le ton, l\u2019Azerba\u00efdjanais remontant deux impacts conc\u00e9d\u00e9s au champion de France 2022 pour s\u2019imposer par immobilisation et offrir le [&hellip;]\" \/>\n<meta property=\"og:url\" content=\"https:\/\/judoproleague.com\/en\/jpl-week-7-recap-lile-de-france-shows-its-teeth\/\" \/>\n<meta property=\"og:site_name\" content=\"Judo Pro League\" \/>\n<meta property=\"article:published_time\" content=\"2025-11-14T11:16:11+00:00\" \/>\n<meta property=\"article:modified_time\" content=\"2025-11-14T16:24:10+00:00\" \/>\n<meta property=\"og:image\" content=\"https:\/\/judoproleague.com\/wp-content\/uploads\/2025\/11\/19dcbbec-de12-47af-9b67-7f574eb8e42d.jpg\" \/>\n\t<meta property=\"og:image:width\" content=\"1080\" \/>\n\t<meta property=\"og:image:height\" content=\"780\" \/>\n\t<meta property=\"og:image:type\" content=\"image\/jpeg\" \/>\n<meta name=\"author\" content=\"Alan GAUDEFROY\" \/>\n<meta name=\"twitter:card\" content=\"summary_large_image\" \/>\n<meta name=\"twitter:label1\" content=\"Written by\" \/>\n\t<meta name=\"twitter:data1\" content=\"Alan GAUDEFROY\" \/>\n\t<meta name=\"twitter:label2\" content=\"Est. reading time\" \/>\n\t<meta name=\"twitter:data2\" content=\"7 minutes\" \/>\n<script type=\"application\/ld+json\" class=\"yoast-schema-graph\">{\"@context\":\"https:\/\/schema.org\",\"@graph\":[{\"@type\":\"Article\",\"@id\":\"https:\/\/judoproleague.com\/recap-de-la-semaine-7-de-jpl-lile-de-france-montre-les-dents\/#article\",\"isPartOf\":{\"@id\":\"https:\/\/judoproleague.com\/recap-de-la-semaine-7-de-jpl-lile-de-france-montre-les-dents\/\"},\"author\":{\"name\":\"Alan GAUDEFROY\",\"@id\":\"https:\/\/judoproleague.com\/#\/schema\/person\/1cc0d3c1265a4f6956c0bf9ad6389b37\"},\"headline\":\"Recap de la semaine 7 de JPL &#8211; L\u2019\u00cele-de-France montre les dents\u00a0\",\"datePublished\":\"2025-11-14T11:16:11+00:00\",\"dateModified\":\"2025-11-14T16:24:10+00:00\",\"mainEntityOfPage\":{\"@id\":\"https:\/\/judoproleague.com\/recap-de-la-semaine-7-de-jpl-lile-de-france-montre-les-dents\/\"},\"wordCount\":1204,\"publisher\":{\"@id\":\"https:\/\/judoproleague.com\/#organization\"},\"image\":{\"@id\":\"https:\/\/judoproleague.com\/recap-de-la-semaine-7-de-jpl-lile-de-france-montre-les-dents\/#primaryimage\"},\"thumbnailUrl\":\"https:\/\/judoproleague.com\/wp-content\/uploads\/2025\/11\/19dcbbec-de12-47af-9b67-7f574eb8e42d.jpg\",\"articleSection\":[\"AM Asni\u00e8res\",\"Dojo B\u00e9glais\",\"JC Chilly Mazarin Morangis\",\"Non class\u00e9\",\"RSC Montreuil\",\"SGS Judo\",\"Venelles Judo 13\"],\"inLanguage\":\"en-US\"},{\"@type\":\"WebPage\",\"@id\":\"https:\/\/judoproleague.com\/recap-de-la-semaine-7-de-jpl-lile-de-france-montre-les-dents\/\",\"url\":\"https:\/\/judoproleague.com\/recap-de-la-semaine-7-de-jpl-lile-de-france-montre-les-dents\/\",\"name\":\"Recap de la semaine 7 de JPL - L\u2019\u00cele-de-France montre les dents\u00a0 - Judo Pro League\",\"isPartOf\":{\"@id\":\"https:\/\/judoproleague.com\/#website\"},\"primaryImageOfPage\":{\"@id\":\"https:\/\/judoproleague.com\/recap-de-la-semaine-7-de-jpl-lile-de-france-montre-les-dents\/#primaryimage\"},\"image\":{\"@id\":\"https:\/\/judoproleague.com\/recap-de-la-semaine-7-de-jpl-lile-de-france-montre-les-dents\/#primaryimage\"},\"thumbnailUrl\":\"https:\/\/judoproleague.com\/wp-content\/uploads\/2025\/11\/19dcbbec-de12-47af-9b67-7f574eb8e42d.jpg\",\"datePublished\":\"2025-11-14T11:16:11+00:00\",\"dateModified\":\"2025-11-14T16:24:10+00:00\",\"inLanguage\":\"en-US\",\"potentialAction\":[{\"@type\":\"ReadAction\",\"target\":[\"https:\/\/judoproleague.com\/recap-de-la-semaine-7-de-jpl-lile-de-france-montre-les-dents\/\"]}]},{\"@type\":\"ImageObject\",\"inLanguage\":\"en-US\",\"@id\":\"https:\/\/judoproleague.com\/recap-de-la-semaine-7-de-jpl-lile-de-france-montre-les-dents\/#primaryimage\",\"url\":\"https:\/\/judoproleague.com\/wp-content\/uploads\/2025\/11\/19dcbbec-de12-47af-9b67-7f574eb8e42d.jpg\",\"contentUrl\":\"https:\/\/judoproleague.com\/wp-content\/uploads\/2025\/11\/19dcbbec-de12-47af-9b67-7f574eb8e42d.jpg\",\"width\":1080,\"height\":780},{\"@type\":\"WebSite\",\"@id\":\"https:\/\/judoproleague.com\/#website\",\"url\":\"https:\/\/judoproleague.com\/\",\"name\":\"Judo Pro League\",\"description\":\"\",\"publisher\":{\"@id\":\"https:\/\/judoproleague.com\/#organization\"},\"potentialAction\":[{\"@type\":\"SearchAction\",\"target\":{\"@type\":\"EntryPoint\",\"urlTemplate\":\"https:\/\/judoproleague.com\/?s={search_term_string}\"},\"query-input\":{\"@type\":\"PropertyValueSpecification\",\"valueRequired\":true,\"valueName\":\"search_term_string\"}}],\"inLanguage\":\"en-US\"},{\"@type\":\"Organization\",\"@id\":\"https:\/\/judoproleague.com\/#organization\",\"name\":\"Judo Pro League\",\"url\":\"https:\/\/judoproleague.com\/\",\"logo\":{\"@type\":\"ImageObject\",\"inLanguage\":\"en-US\",\"@id\":\"https:\/\/judoproleague.com\/#\/schema\/logo\/image\/\",\"url\":\"https:\/\/judoproleague.com\/wp-content\/uploads\/2024\/10\/JPL-LOGO-light-1.svg\",\"contentUrl\":\"https:\/\/judoproleague.com\/wp-content\/uploads\/2024\/10\/JPL-LOGO-light-1.svg\",\"width\":198,\"height\":83,\"caption\":\"Judo Pro League\"},\"image\":{\"@id\":\"https:\/\/judoproleague.com\/#\/schema\/logo\/image\/\"}},{\"@type\":\"Person\",\"@id\":\"https:\/\/judoproleague.com\/#\/schema\/person\/1cc0d3c1265a4f6956c0bf9ad6389b37\",\"name\":\"Alan GAUDEFROY\",\"image\":{\"@type\":\"ImageObject\",\"inLanguage\":\"en-US\",\"@id\":\"https:\/\/judoproleague.com\/#\/schema\/person\/image\/\",\"url\":\"https:\/\/secure.gravatar.com\/avatar\/f7ed2dc65f91e5fc8e3a880a460ca52653ffa31251b597d2880f1aaf5b39fdc4?s=96&d=mm&r=g\",\"contentUrl\":\"https:\/\/secure.gravatar.com\/avatar\/f7ed2dc65f91e5fc8e3a880a460ca52653ffa31251b597d2880f1aaf5b39fdc4?s=96&d=mm&r=g\",\"caption\":\"Alan GAUDEFROY\"},\"url\":\"https:\/\/judoproleague.com\/en\/author\/alanjpl\/\"}]}<\/script>\n<!-- \/ Yoast SEO plugin. -->","yoast_head_json":{"title":"JPL Week 7 review - \u00cele-de-France shows its teeth - Judo Pro League","robots":{"index":"index","follow":"follow","max-snippet":"max-snippet:-1","max-image-preview":"max-image-preview:large","max-video-preview":"max-video-preview:-1"},"canonical":"https:\/\/judoproleague.com\/en\/jpl-week-7-recap-lile-de-france-shows-its-teeth\/","og_locale":"en_US","og_type":"article","og_title":"Recap de la semaine 7 de JPL - L\u2019\u00cele-de-France montre les dents\u00a0 - Judo Pro League","og_description":"\u00a0Venelles Judo 13 \/ RSC Montreuil\u202f: 2-8\u00a0 C\u2019est un feu d\u2019artifice de projections qui a \u00e9t\u00e9 offert aux spectateurs de la Halle Nelson-Mandela de Venelles pour le premier duel de promus de cette saison.\u00a0Camal\u00a0Feyziyev\u00a0et\u00a0Emre\u00a0Sanal\u00a0(+90kg) donnaient d\u2019embl\u00e9e le ton, l\u2019Azerba\u00efdjanais remontant deux impacts conc\u00e9d\u00e9s au champion de France 2022 pour s\u2019imposer par immobilisation et offrir le [&hellip;]","og_url":"https:\/\/judoproleague.com\/en\/jpl-week-7-recap-lile-de-france-shows-its-teeth\/","og_site_name":"Judo Pro League","article_published_time":"2025-11-14T11:16:11+00:00","article_modified_time":"2025-11-14T16:24:10+00:00","og_image":[{"width":1080,"height":780,"url":"https:\/\/judoproleague.com\/wp-content\/uploads\/2025\/11\/19dcbbec-de12-47af-9b67-7f574eb8e42d.jpg","type":"image\/jpeg"}],"author":"Alan GAUDEFROY","twitter_card":"summary_large_image","twitter_misc":{"Written by":"Alan GAUDEFROY","Est. reading time":"7 minutes"},"schema":{"@context":"https:\/\/schema.org","@graph":[{"@type":"Article","@id":"https:\/\/judoproleague.com\/recap-de-la-semaine-7-de-jpl-lile-de-france-montre-les-dents\/#article","isPartOf":{"@id":"https:\/\/judoproleague.com\/recap-de-la-semaine-7-de-jpl-lile-de-france-montre-les-dents\/"},"author":{"name":"Alan GAUDEFROY","@id":"https:\/\/judoproleague.com\/#\/schema\/person\/1cc0d3c1265a4f6956c0bf9ad6389b37"},"headline":"Recap de la semaine 7 de JPL &#8211; L\u2019\u00cele-de-France montre les dents\u00a0","datePublished":"2025-11-14T11:16:11+00:00","dateModified":"2025-11-14T16:24:10+00:00","mainEntityOfPage":{"@id":"https:\/\/judoproleague.com\/recap-de-la-semaine-7-de-jpl-lile-de-france-montre-les-dents\/"},"wordCount":1204,"publisher":{"@id":"https:\/\/judoproleague.com\/#organization"},"image":{"@id":"https:\/\/judoproleague.com\/recap-de-la-semaine-7-de-jpl-lile-de-france-montre-les-dents\/#primaryimage"},"thumbnailUrl":"https:\/\/judoproleague.com\/wp-content\/uploads\/2025\/11\/19dcbbec-de12-47af-9b67-7f574eb8e42d.jpg","articleSection":["AM Asni\u00e8res","Dojo B\u00e9glais","JC Chilly Mazarin Morangis","Non class\u00e9","RSC Montreuil","SGS Judo","Venelles Judo 13"],"inLanguage":"en-US"},{"@type":"WebPage","@id":"https:\/\/judoproleague.com\/recap-de-la-semaine-7-de-jpl-lile-de-france-montre-les-dents\/","url":"https:\/\/judoproleague.com\/recap-de-la-semaine-7-de-jpl-lile-de-france-montre-les-dents\/","name":"JPL Week 7 review - \u00cele-de-France shows its teeth - Judo Pro League","isPartOf":{"@id":"https:\/\/judoproleague.com\/#website"},"primaryImageOfPage":{"@id":"https:\/\/judoproleague.com\/recap-de-la-semaine-7-de-jpl-lile-de-france-montre-les-dents\/#primaryimage"},"image":{"@id":"https:\/\/judoproleague.com\/recap-de-la-semaine-7-de-jpl-lile-de-france-montre-les-dents\/#primaryimage"},"thumbnailUrl":"https:\/\/judoproleague.com\/wp-content\/uploads\/2025\/11\/19dcbbec-de12-47af-9b67-7f574eb8e42d.jpg","datePublished":"2025-11-14T11:16:11+00:00","dateModified":"2025-11-14T16:24:10+00:00","inLanguage":"en-US","potentialAction":[{"@type":"ReadAction","target":["https:\/\/judoproleague.com\/recap-de-la-semaine-7-de-jpl-lile-de-france-montre-les-dents\/"]}]},{"@type":"ImageObject","inLanguage":"en-US","@id":"https:\/\/judoproleague.com\/recap-de-la-semaine-7-de-jpl-lile-de-france-montre-les-dents\/#primaryimage","url":"https:\/\/judoproleague.com\/wp-content\/uploads\/2025\/11\/19dcbbec-de12-47af-9b67-7f574eb8e42d.jpg","contentUrl":"https:\/\/judoproleague.com\/wp-content\/uploads\/2025\/11\/19dcbbec-de12-47af-9b67-7f574eb8e42d.jpg","width":1080,"height":780},{"@type":"WebSite","@id":"https:\/\/judoproleague.com\/#website","url":"https:\/\/judoproleague.com\/","name":"Judo Pro League","description":"","publisher":{"@id":"https:\/\/judoproleague.com\/#organization"},"potentialAction":[{"@type":"SearchAction","target":{"@type":"EntryPoint","urlTemplate":"https:\/\/judoproleague.com\/?s={search_term_string}"},"query-input":{"@type":"PropertyValueSpecification","valueRequired":true,"valueName":"search_term_string"}}],"inLanguage":"en-US"},{"@type":"Organization","@id":"https:\/\/judoproleague.com\/#organization","name":"Judo Pro League","url":"https:\/\/judoproleague.com\/","logo":{"@type":"ImageObject","inLanguage":"en-US","@id":"https:\/\/judoproleague.com\/#\/schema\/logo\/image\/","url":"https:\/\/judoproleague.com\/wp-content\/uploads\/2024\/10\/JPL-LOGO-light-1.svg","contentUrl":"https:\/\/judoproleague.com\/wp-content\/uploads\/2024\/10\/JPL-LOGO-light-1.svg","width":198,"height":83,"caption":"Judo Pro League"},"image":{"@id":"https:\/\/judoproleague.com\/#\/schema\/logo\/image\/"}},{"@type":"Person","@id":"https:\/\/judoproleague.com\/#\/schema\/person\/1cc0d3c1265a4f6956c0bf9ad6389b37","name":"Alan GAUDEFROY","image":{"@type":"ImageObject","inLanguage":"en-US","@id":"https:\/\/judoproleague.com\/#\/schema\/person\/image\/","url":"https:\/\/secure.gravatar.com\/avatar\/f7ed2dc65f91e5fc8e3a880a460ca52653ffa31251b597d2880f1aaf5b39fdc4?s=96&d=mm&r=g","contentUrl":"https:\/\/secure.gravatar.com\/avatar\/f7ed2dc65f91e5fc8e3a880a460ca52653ffa31251b597d2880f1aaf5b39fdc4?s=96&d=mm&r=g","caption":"Alan GAUDEFROY"},"url":"https:\/\/judoproleague.com\/en\/author\/alanjpl\/"}]}},"_links":{"self":[{"href":"https:\/\/judoproleague.com\/en\/wp-json\/wp\/v2\/posts\/15012","targetHints":{"allow":["GET"]}}],"collection":[{"href":"https:\/\/judoproleague.com\/en\/wp-json\/wp\/v2\/posts"}],"about":[{"href":"https:\/\/judoproleague.com\/en\/wp-json\/wp\/v2\/types\/post"}],"author":[{"embeddable":true,"href":"https:\/\/judoproleague.com\/en\/wp-json\/wp\/v2\/users\/4"}],"replies":[{"embeddable":true,"href":"https:\/\/judoproleague.com\/en\/wp-json\/wp\/v2\/comments?post=15012"}],"version-history":[{"count":12,"href":"https:\/\/judoproleague.com\/en\/wp-json\/wp\/v2\/posts\/15012\/revisions"}],"predecessor-version":[{"id":15045,"href":"https:\/\/judoproleague.com\/en\/wp-json\/wp\/v2\/posts\/15012\/revisions\/15045"}],"wp:featuredmedia":[{"embeddable":true,"href":"https:\/\/judoproleague.com\/en\/wp-json\/wp\/v2\/media\/15035"}],"wp:attachment":[{"href":"https:\/\/judoproleague.com\/en\/wp-json\/wp\/v2\/media?parent=15012"}],"wp:term":[{"taxonomy":"category","embeddable":true,"href":"https:\/\/judoproleague.com\/en\/wp-json\/wp\/v2\/categories?post=15012"},{"taxonomy":"post_tag","embeddable":true,"href":"https:\/\/judoproleague.com\/en\/wp-json\/wp\/v2\/tags?post=15012"}],"curies":[{"name":"wp","href":"https:\/\/api.w.org\/{rel}","templated":true}]}}