{"id":1463,"date":"2023-04-10T09:46:31","date_gmt":"2023-04-10T07:46:31","guid":{"rendered":"https:\/\/judoproleague.com\/?p=1463"},"modified":"2023-04-10T09:46:31","modified_gmt":"2023-04-10T07:46:31","slug":"judo-pro-league-returns-in-august","status":"publish","type":"post","link":"https:\/\/judoproleague.com\/en\/la-judo-pro-league-de-retour-en-aout\/","title":{"rendered":"THE JUDO PRO LEAGUE RETURNS IN AUGUST!"},"content":{"rendered":"<p>After a successful first edition which ended with Paris Saclay's victory in the Final Four, the Judo Pro League will be back for another season in August. This year, 16 teams will be competing for the coveted trophy in a championship that will see over 40 shows organized over four months of competition!<\/p>","protected":false},"excerpt":{"rendered":"<p>Apr\u00e8s une premi\u00e8re \u00e9dition r\u00e9ussie cl\u00f4tur\u00e9e sur la victoire de Paris Saclay lors du Final Four, la Judo Pro League fera en ao\u00fbt prochain pour une nouvelle saison. Cette ann\u00e9e, 16 \u00e9quipes seront engag\u00e9es pour aller chercher le troph\u00e9e tant convoit\u00e9 dans un championnat qui verra plus de 40 shows \u00eatre organis\u00e9s pendant quatre mois [&hellip;]<\/p>\n","protected":false},"author":4,"featured_media":1464,"comment_status":"closed","ping_status":"open","sticky":false,"template":"","format":"standard","meta":{"footnotes":""},"categories":[1],"tags":[],"class_list":["post-1463","post","type-post","status-publish","format-standard","has-post-thumbnail","hentry","category-non-classe"],"acf":[],"yoast_head":"<!-- This site is optimized with the Yoast SEO plugin v27.1.1 - https:\/\/yoast.com\/product\/yoast-seo-wordpress\/ -->\n<title>LA JUDO PRO LEAGUE DE RETOUR EN AO\u00dbT ! - Judo Pro League<\/title>\n<meta name=\"robots\" content=\"index, follow, max-snippet:-1, max-image-preview:large, max-video-preview:-1\" \/>\n<link rel=\"canonical\" href=\"https:\/\/judoproleague.com\/en\/judo-pro-league-returns-in-august\/\" \/>\n<meta property=\"og:locale\" content=\"en_US\" \/>\n<meta property=\"og:type\" content=\"article\" \/>\n<meta property=\"og:title\" content=\"LA JUDO PRO LEAGUE DE RETOUR EN AO\u00dbT ! - Judo Pro League\" \/>\n<meta property=\"og:description\" content=\"Apr\u00e8s une premi\u00e8re \u00e9dition r\u00e9ussie cl\u00f4tur\u00e9e sur la victoire de Paris Saclay lors du Final Four, la Judo Pro League fera en ao\u00fbt prochain pour une nouvelle saison. Cette ann\u00e9e, 16 \u00e9quipes seront engag\u00e9es pour aller chercher le troph\u00e9e tant convoit\u00e9 dans un championnat qui verra plus de 40 shows \u00eatre organis\u00e9s pendant quatre mois [&hellip;]\" \/>\n<meta property=\"og:url\" content=\"https:\/\/judoproleague.com\/en\/judo-pro-league-returns-in-august\/\" \/>\n<meta property=\"og:site_name\" content=\"Judo Pro League\" \/>\n<meta property=\"article:published_time\" content=\"2023-04-10T07:46:31+00:00\" \/>\n<meta property=\"og:image\" content=\"https:\/\/judoproleague.com\/wp-content\/uploads\/2023\/04\/Final-HD-_TA91538.webp\" \/>\n\t<meta property=\"og:image:width\" content=\"1620\" \/>\n\t<meta property=\"og:image:height\" content=\"1080\" \/>\n\t<meta property=\"og:image:type\" content=\"image\/webp\" \/>\n<meta name=\"author\" content=\"Alan GAUDEFROY\" \/>\n<meta name=\"twitter:card\" content=\"summary_large_image\" \/>\n<meta name=\"twitter:label1\" content=\"Written by\" \/>\n\t<meta name=\"twitter:data1\" content=\"Alan GAUDEFROY\" \/>\n\t<meta name=\"twitter:label2\" content=\"Est. reading time\" \/>\n\t<meta name=\"twitter:data2\" content=\"1 minute\" \/>\n<script type=\"application\/ld+json\" class=\"yoast-schema-graph\">{\"@context\":\"https:\/\/schema.org\",\"@graph\":[{\"@type\":\"Article\",\"@id\":\"https:\/\/judoproleague.com\/la-judo-pro-league-de-retour-en-aout\/#article\",\"isPartOf\":{\"@id\":\"https:\/\/judoproleague.com\/la-judo-pro-league-de-retour-en-aout\/\"},\"author\":{\"name\":\"Alan GAUDEFROY\",\"@id\":\"https:\/\/judoproleague.com\/#\/schema\/person\/1cc0d3c1265a4f6956c0bf9ad6389b37\"},\"headline\":\"LA JUDO PRO LEAGUE DE RETOUR EN AO\u00dbT !\",\"datePublished\":\"2023-04-10T07:46:31+00:00\",\"mainEntityOfPage\":{\"@id\":\"https:\/\/judoproleague.com\/la-judo-pro-league-de-retour-en-aout\/\"},\"wordCount\":75,\"publisher\":{\"@id\":\"https:\/\/judoproleague.com\/#organization\"},\"image\":{\"@id\":\"https:\/\/judoproleague.com\/la-judo-pro-league-de-retour-en-aout\/#primaryimage\"},\"thumbnailUrl\":\"https:\/\/judoproleague.com\/wp-content\/uploads\/2023\/04\/Final-HD-_TA91538.webp\",\"articleSection\":[\"Non class\u00e9\"],\"inLanguage\":\"en-US\"},{\"@type\":\"WebPage\",\"@id\":\"https:\/\/judoproleague.com\/la-judo-pro-league-de-retour-en-aout\/\",\"url\":\"https:\/\/judoproleague.com\/la-judo-pro-league-de-retour-en-aout\/\",\"name\":\"LA JUDO PRO LEAGUE DE RETOUR EN AO\u00dbT ! - Judo Pro League\",\"isPartOf\":{\"@id\":\"https:\/\/judoproleague.com\/#website\"},\"primaryImageOfPage\":{\"@id\":\"https:\/\/judoproleague.com\/la-judo-pro-league-de-retour-en-aout\/#primaryimage\"},\"image\":{\"@id\":\"https:\/\/judoproleague.com\/la-judo-pro-league-de-retour-en-aout\/#primaryimage\"},\"thumbnailUrl\":\"https:\/\/judoproleague.com\/wp-content\/uploads\/2023\/04\/Final-HD-_TA91538.webp\",\"datePublished\":\"2023-04-10T07:46:31+00:00\",\"inLanguage\":\"en-US\",\"potentialAction\":[{\"@type\":\"ReadAction\",\"target\":[\"https:\/\/judoproleague.com\/la-judo-pro-league-de-retour-en-aout\/\"]}]},{\"@type\":\"ImageObject\",\"inLanguage\":\"en-US\",\"@id\":\"https:\/\/judoproleague.com\/la-judo-pro-league-de-retour-en-aout\/#primaryimage\",\"url\":\"https:\/\/judoproleague.com\/wp-content\/uploads\/2023\/04\/Final-HD-_TA91538.webp\",\"contentUrl\":\"https:\/\/judoproleague.com\/wp-content\/uploads\/2023\/04\/Final-HD-_TA91538.webp\",\"width\":1620,\"height\":1080},{\"@type\":\"WebSite\",\"@id\":\"https:\/\/judoproleague.com\/#website\",\"url\":\"https:\/\/judoproleague.com\/\",\"name\":\"Judo Pro League\",\"description\":\"\",\"publisher\":{\"@id\":\"https:\/\/judoproleague.com\/#organization\"},\"potentialAction\":[{\"@type\":\"SearchAction\",\"target\":{\"@type\":\"EntryPoint\",\"urlTemplate\":\"https:\/\/judoproleague.com\/?s={search_term_string}\"},\"query-input\":{\"@type\":\"PropertyValueSpecification\",\"valueRequired\":true,\"valueName\":\"search_term_string\"}}],\"inLanguage\":\"en-US\"},{\"@type\":\"Organization\",\"@id\":\"https:\/\/judoproleague.com\/#organization\",\"name\":\"Judo Pro League\",\"url\":\"https:\/\/judoproleague.com\/\",\"logo\":{\"@type\":\"ImageObject\",\"inLanguage\":\"en-US\",\"@id\":\"https:\/\/judoproleague.com\/#\/schema\/logo\/image\/\",\"url\":\"https:\/\/judoproleague.com\/wp-content\/uploads\/2024\/10\/JPL-LOGO-light-1.svg\",\"contentUrl\":\"https:\/\/judoproleague.com\/wp-content\/uploads\/2024\/10\/JPL-LOGO-light-1.svg\",\"width\":198,\"height\":83,\"caption\":\"Judo Pro League\"},\"image\":{\"@id\":\"https:\/\/judoproleague.com\/#\/schema\/logo\/image\/\"}},{\"@type\":\"Person\",\"@id\":\"https:\/\/judoproleague.com\/#\/schema\/person\/1cc0d3c1265a4f6956c0bf9ad6389b37\",\"name\":\"Alan GAUDEFROY\",\"image\":{\"@type\":\"ImageObject\",\"inLanguage\":\"en-US\",\"@id\":\"https:\/\/judoproleague.com\/#\/schema\/person\/image\/\",\"url\":\"https:\/\/secure.gravatar.com\/avatar\/f7ed2dc65f91e5fc8e3a880a460ca52653ffa31251b597d2880f1aaf5b39fdc4?s=96&d=mm&r=g\",\"contentUrl\":\"https:\/\/secure.gravatar.com\/avatar\/f7ed2dc65f91e5fc8e3a880a460ca52653ffa31251b597d2880f1aaf5b39fdc4?s=96&d=mm&r=g\",\"caption\":\"Alan GAUDEFROY\"},\"url\":\"https:\/\/judoproleague.com\/en\/author\/alanjpl\/\"}]}<\/script>\n<!-- \/ Yoast SEO plugin. -->","yoast_head_json":{"title":"JUDO PRO LEAGUE RETURNS IN AUGUST! - Judo Pro League","robots":{"index":"index","follow":"follow","max-snippet":"max-snippet:-1","max-image-preview":"max-image-preview:large","max-video-preview":"max-video-preview:-1"},"canonical":"https:\/\/judoproleague.com\/en\/judo-pro-league-returns-in-august\/","og_locale":"en_US","og_type":"article","og_title":"LA JUDO PRO LEAGUE DE RETOUR EN AO\u00dbT ! - Judo Pro League","og_description":"Apr\u00e8s une premi\u00e8re \u00e9dition r\u00e9ussie cl\u00f4tur\u00e9e sur la victoire de Paris Saclay lors du Final Four, la Judo Pro League fera en ao\u00fbt prochain pour une nouvelle saison. Cette ann\u00e9e, 16 \u00e9quipes seront engag\u00e9es pour aller chercher le troph\u00e9e tant convoit\u00e9 dans un championnat qui verra plus de 40 shows \u00eatre organis\u00e9s pendant quatre mois [&hellip;]","og_url":"https:\/\/judoproleague.com\/en\/judo-pro-league-returns-in-august\/","og_site_name":"Judo Pro League","article_published_time":"2023-04-10T07:46:31+00:00","og_image":[{"width":1620,"height":1080,"url":"https:\/\/judoproleague.com\/wp-content\/uploads\/2023\/04\/Final-HD-_TA91538.webp","type":"image\/webp"}],"author":"Alan GAUDEFROY","twitter_card":"summary_large_image","twitter_misc":{"Written by":"Alan GAUDEFROY","Est. reading time":"1 minute"},"schema":{"@context":"https:\/\/schema.org","@graph":[{"@type":"Article","@id":"https:\/\/judoproleague.com\/la-judo-pro-league-de-retour-en-aout\/#article","isPartOf":{"@id":"https:\/\/judoproleague.com\/la-judo-pro-league-de-retour-en-aout\/"},"author":{"name":"Alan GAUDEFROY","@id":"https:\/\/judoproleague.com\/#\/schema\/person\/1cc0d3c1265a4f6956c0bf9ad6389b37"},"headline":"LA JUDO PRO LEAGUE DE RETOUR EN AO\u00dbT !","datePublished":"2023-04-10T07:46:31+00:00","mainEntityOfPage":{"@id":"https:\/\/judoproleague.com\/la-judo-pro-league-de-retour-en-aout\/"},"wordCount":75,"publisher":{"@id":"https:\/\/judoproleague.com\/#organization"},"image":{"@id":"https:\/\/judoproleague.com\/la-judo-pro-league-de-retour-en-aout\/#primaryimage"},"thumbnailUrl":"https:\/\/judoproleague.com\/wp-content\/uploads\/2023\/04\/Final-HD-_TA91538.webp","articleSection":["Non class\u00e9"],"inLanguage":"en-US"},{"@type":"WebPage","@id":"https:\/\/judoproleague.com\/la-judo-pro-league-de-retour-en-aout\/","url":"https:\/\/judoproleague.com\/la-judo-pro-league-de-retour-en-aout\/","name":"JUDO PRO LEAGUE RETURNS IN AUGUST! - Judo Pro League","isPartOf":{"@id":"https:\/\/judoproleague.com\/#website"},"primaryImageOfPage":{"@id":"https:\/\/judoproleague.com\/la-judo-pro-league-de-retour-en-aout\/#primaryimage"},"image":{"@id":"https:\/\/judoproleague.com\/la-judo-pro-league-de-retour-en-aout\/#primaryimage"},"thumbnailUrl":"https:\/\/judoproleague.com\/wp-content\/uploads\/2023\/04\/Final-HD-_TA91538.webp","datePublished":"2023-04-10T07:46:31+00:00","inLanguage":"en-US","potentialAction":[{"@type":"ReadAction","target":["https:\/\/judoproleague.com\/la-judo-pro-league-de-retour-en-aout\/"]}]},{"@type":"ImageObject","inLanguage":"en-US","@id":"https:\/\/judoproleague.com\/la-judo-pro-league-de-retour-en-aout\/#primaryimage","url":"https:\/\/judoproleague.com\/wp-content\/uploads\/2023\/04\/Final-HD-_TA91538.webp","contentUrl":"https:\/\/judoproleague.com\/wp-content\/uploads\/2023\/04\/Final-HD-_TA91538.webp","width":1620,"height":1080},{"@type":"WebSite","@id":"https:\/\/judoproleague.com\/#website","url":"https:\/\/judoproleague.com\/","name":"Judo Pro League","description":"","publisher":{"@id":"https:\/\/judoproleague.com\/#organization"},"potentialAction":[{"@type":"SearchAction","target":{"@type":"EntryPoint","urlTemplate":"https:\/\/judoproleague.com\/?s={search_term_string}"},"query-input":{"@type":"PropertyValueSpecification","valueRequired":true,"valueName":"search_term_string"}}],"inLanguage":"en-US"},{"@type":"Organization","@id":"https:\/\/judoproleague.com\/#organization","name":"Judo Pro League","url":"https:\/\/judoproleague.com\/","logo":{"@type":"ImageObject","inLanguage":"en-US","@id":"https:\/\/judoproleague.com\/#\/schema\/logo\/image\/","url":"https:\/\/judoproleague.com\/wp-content\/uploads\/2024\/10\/JPL-LOGO-light-1.svg","contentUrl":"https:\/\/judoproleague.com\/wp-content\/uploads\/2024\/10\/JPL-LOGO-light-1.svg","width":198,"height":83,"caption":"Judo Pro League"},"image":{"@id":"https:\/\/judoproleague.com\/#\/schema\/logo\/image\/"}},{"@type":"Person","@id":"https:\/\/judoproleague.com\/#\/schema\/person\/1cc0d3c1265a4f6956c0bf9ad6389b37","name":"Alan GAUDEFROY","image":{"@type":"ImageObject","inLanguage":"en-US","@id":"https:\/\/judoproleague.com\/#\/schema\/person\/image\/","url":"https:\/\/secure.gravatar.com\/avatar\/f7ed2dc65f91e5fc8e3a880a460ca52653ffa31251b597d2880f1aaf5b39fdc4?s=96&d=mm&r=g","contentUrl":"https:\/\/secure.gravatar.com\/avatar\/f7ed2dc65f91e5fc8e3a880a460ca52653ffa31251b597d2880f1aaf5b39fdc4?s=96&d=mm&r=g","caption":"Alan GAUDEFROY"},"url":"https:\/\/judoproleague.com\/en\/author\/alanjpl\/"}]}},"_links":{"self":[{"href":"https:\/\/judoproleague.com\/en\/wp-json\/wp\/v2\/posts\/1463","targetHints":{"allow":["GET"]}}],"collection":[{"href":"https:\/\/judoproleague.com\/en\/wp-json\/wp\/v2\/posts"}],"about":[{"href":"https:\/\/judoproleague.com\/en\/wp-json\/wp\/v2\/types\/post"}],"author":[{"embeddable":true,"href":"https:\/\/judoproleague.com\/en\/wp-json\/wp\/v2\/users\/4"}],"replies":[{"embeddable":true,"href":"https:\/\/judoproleague.com\/en\/wp-json\/wp\/v2\/comments?post=1463"}],"version-history":[{"count":0,"href":"https:\/\/judoproleague.com\/en\/wp-json\/wp\/v2\/posts\/1463\/revisions"}],"wp:featuredmedia":[{"embeddable":true,"href":"https:\/\/judoproleague.com\/en\/wp-json\/wp\/v2\/media\/1464"}],"wp:attachment":[{"href":"https:\/\/judoproleague.com\/en\/wp-json\/wp\/v2\/media?parent=1463"}],"wp:term":[{"taxonomy":"category","embeddable":true,"href":"https:\/\/judoproleague.com\/en\/wp-json\/wp\/v2\/categories?post=1463"},{"taxonomy":"post_tag","embeddable":true,"href":"https:\/\/judoproleague.com\/en\/wp-json\/wp\/v2\/tags?post=1463"}],"curies":[{"name":"wp","href":"https:\/\/api.w.org\/{rel}","templated":true}]}}