{"id":14110,"date":"2025-11-06T14:49:23","date_gmt":"2025-11-06T13:49:23","guid":{"rendered":"https:\/\/judoproleague.com\/?p=14110"},"modified":"2025-11-06T14:49:23","modified_gmt":"2025-11-06T13:49:23","slug":"nice-fills-up-at-home","status":"publish","type":"post","link":"https:\/\/judoproleague.com\/en\/nice-fait-le-plein-a-domicile\/","title":{"rendered":"Nice has a full house"},"content":{"rendered":"<p>The fortress of Arboras once again held its own in this summit meeting between Judo Nice M\u00e9tropole and <span class=\"scayt-misspell-word\" data-scayt-word=\"Juniville\" data-wsc-lang=\"fr_FR\" data-wsc-id=\"mhnhd4qic4bf7gshq\">Juniville<\/span>\u00a0<span class=\"scayt-misspell-word\" data-scayt-word=\"Marnaval\" data-wsc-lang=\"fr_FR\" data-wsc-id=\"mhnhd4qhrkfy6ixoi\">Marnaval<\/span>\u00a0Grand Est, two teams who had started the season with a win. Despite suffering a defeat (in the +90kg category) and a draw (in the -66kg category) as a result of the postponement of their clash, originally scheduled for the end of October, the Azur\u00e9ens only needed the first two bouts to take the lead on the scoreboard. First, through\u00a0<span class=\"scayt-misspell-word\" data-scayt-word=\"Tizie\" data-wsc-lang=\"fr_FR\" data-wsc-id=\"mhnhd4tgt0an7we6a\">Tizie<\/span>\u00a0<span class=\"scayt-misspell-word\" data-scayt-word=\"Gnamien\" data-wsc-lang=\"fr_FR\" data-wsc-id=\"mhnhd4tgpr4s6cz6o\">Gnamien<\/span>\u00a0(-90kg), who took advantage of a dangerous move by his opponent Abdoul\u00a0<span class=\"scayt-misspell-word\" data-scayt-word=\"Drammeh\" data-wsc-lang=\"fr_FR\" data-wsc-id=\"mhnhd4tgt8aavthfn\">Drammeh<\/span>then by Grace-Esther\u00a0<span class=\"scayt-misspell-word\" data-scayt-word=\"Mienandi\" data-wsc-lang=\"fr_FR\" data-wsc-id=\"mhnhd4tgpknptt8ix\">Mienandi<\/span>\u00a0<span class=\"scayt-misspell-word\" data-scayt-word=\"Lahou\" data-wsc-lang=\"fr_FR\" data-wsc-id=\"mhnhd4tgui4y3ssgm\">Lahou<\/span> (+70kg), medallist last week at the European U23 championships, so dominant that she had double French champion Anne-Fatoumata <span class=\"scayt-misspell-word\" data-scayt-word=\"M\u2019Bairo\" data-wsc-lang=\"fr_FR\" data-wsc-id=\"mhnhd4tg7546cdvo9\">M'Bairo<\/span>. The duel between L\u00e9a\u00a0<span class=\"scayt-misspell-word\" data-scayt-word=\"M\u00e9trot\" data-wsc-lang=\"fr_FR\" data-wsc-id=\"mhnhd4tfa5xkqm0pj\">Metrot<\/span>\u00a0and Julie <span class=\"scayt-misspell-word\" data-scayt-word=\"Weill-dit-Morey\" data-wsc-lang=\"fr_FR\" data-wsc-id=\"mhnhd4tfytqgnfyv4\">Weill-dit-Morey<\/span>\u00a0(-52kg) ended without a winner before the break.<\/p>\n<p class=\"AlignCenter\"><img loading=\"lazy\" decoding=\"async\" class=\"aligncenter\" src=\"https:\/\/www.ffjudo.com\/uploads\/elfinder\/NOS%20DISCIPLINES\/JUDO\/Photo%20nice.jpg\" alt=\"\" width=\"381\" height=\"271\" data-cke-saved-src=\"https:\/\/www.ffjudo.com\/uploads\/elfinder\/NOS%20DISCIPLINES\/JUDO\/Photo%20nice.jpg\" \/><\/p>\n<p>&nbsp;<\/p>\n<h2><span class=\"scayt-misspell-word\" data-scayt-word=\"Buchard\" data-wsc-lang=\"fr_FR\" data-wsc-id=\"mhnhd4wgntt6ersr4\">Buchard<\/span>\u00a0trapped by\u00a0<span class=\"scayt-misspell-word\" data-scayt-word=\"Vellozzi\" data-wsc-lang=\"fr_FR\" data-wsc-id=\"mhnhd4wfijtbk22hm\">Vellozzi<\/span><\/h2>\n<p>Don't miss the rematch of last year's Grand Prix Final in Guadalajara between Amandine\u00a0<span class=\"scayt-misspell-word\" data-scayt-word=\"Buchard\" data-wsc-lang=\"fr_FR\" data-wsc-id=\"mhnhd54mhvqvj7son\">Buchard<\/span>\u00a0and Oph\u00e9lie\u00a0<span class=\"scayt-misspell-word\" data-scayt-word=\"Vellozzi\" data-wsc-lang=\"fr_FR\" data-wsc-id=\"mhnhd54m6q6s3lxxa\">Vellozzi<\/span>\u00a0(-57kg). Unlike in Mexico, it was the Ni\u00e7oise who prevailed this time, surpassing the sequence <span class=\"scayt-misspell-word\" data-scayt-word=\"kata-guruma\" data-wsc-lang=\"fr_FR\" data-wsc-id=\"mhnhd54mkglaj2s3n\">kata-guruma<\/span>\/<span class=\"scayt-misspell-word\" data-scayt-word=\"ko-soto-gari\" data-wsc-lang=\"fr_FR\" data-wsc-id=\"mhnhd54ltaszgb9u9\">ko-soto-gari<\/span> of the double Olympic medallist in the -52kg class to finish the action in a dominant position. A crucial point as Switzerland's Nils\u00a0<span class=\"scayt-misspell-word\" data-scayt-word=\"Stump\" data-wsc-lang=\"fr_FR\" data-wsc-id=\"mhnhd57lsrhh3ey1j\">Stump<\/span>the 2023 world champion in the -73kg class, didn't hesitate to dominate Rapha\u00ebl Gigli, nor did the 2024 Olympic runner-up in the -70kg class, Germany's Miriam\u00a0<span class=\"scayt-misspell-word\" data-scayt-word=\"Butkereit\" data-wsc-lang=\"fr_FR\" data-wsc-id=\"mhnhd57lk0hmk7esz\">Butkereit<\/span>who went on to defeat Sweden's Ida <span class=\"scayt-misspell-word\" data-scayt-word=\"Eriksson\" data-wsc-lang=\"fr_FR\" data-wsc-id=\"mhnhd57l844qlro0c\">Eriksson<\/span>. Except that between these two battles won by the Grand Est structure, it was local boy Luca\u00a0<span class=\"scayt-misspell-word\" data-scayt-word=\"Otmane\" data-wsc-lang=\"fr_FR\" data-wsc-id=\"mhnhd5ako2atl67c7\">Otmane<\/span>\u00a0who won on penalties against Cl\u00e9ment <span class=\"scayt-misspell-word\" data-scayt-word=\"Guilloux\" data-wsc-lang=\"fr_FR\" data-wsc-id=\"mhnhd5ako4x28z56j\">Guilloux<\/span>\u00a0in -81kg. 4-3 final score for Judo Nice M\u00e9tropole, the fifth team to record two wins in as many matches, with three matches remaining in this second day of the week. <span class=\"scayt-misspell-word\" data-scayt-word=\"prochaine\u202f\" data-wsc-lang=\"fr_FR\" data-wsc-id=\"mhnhd5akggqca2a1r\">next<\/span>Venelles Judo 13\/RSC Montreuil (10\/11), AM Asni\u00e8res Judo 92\/Dojo <span class=\"scayt-misspell-word\" data-scayt-word=\"B\u00e9glais\" data-wsc-lang=\"fr_FR\" data-wsc-id=\"mhnhd5ajhj7ifv5zu\">Beglais<\/span> (12\/11) and JC Chilly-Mazarin Morangis\/Sainte-Genevi\u00e8ve Judo (12\/11).<\/p>\n<p class=\"AlignCenter\"><img loading=\"lazy\" decoding=\"async\" class=\"aligncenter\" src=\"https:\/\/www.ffjudo.com\/uploads\/elfinder\/NOS%20DISCIPLINES\/JUDO\/Photo%20amandine.jpg\" alt=\"\" width=\"240\" height=\"265\" data-cke-saved-src=\"https:\/\/www.ffjudo.com\/uploads\/elfinder\/NOS%20DISCIPLINES\/JUDO\/Photo%20amandine.jpg\" \/><\/p>","protected":false},"excerpt":{"rendered":"<p>La forteresse des Arboras\u00a0a\u00a0une nouvelle fois tenu le choc lors de cette rencontre au sommet entre Judo Nice M\u00e9tropole et Juniville\u00a0Marnaval\u00a0Grand Est, deux \u00e9quipes qui avaient commenc\u00e9 la saison par une victoire.\u00a0Les Azur\u00e9ens, bien que p\u00e9nalis\u00e9s d\u2019une d\u00e9faite (en +90kg) et d\u2019un match nul (en -66kg)\u00a0suite au\u00a0report de l\u2019affrontement,\u00a0initialement pr\u00e9vu fin octobre,\u00a0n\u2019avaient besoin que des [&hellip;]<\/p>\n","protected":false},"author":4,"featured_media":14112,"comment_status":"closed","ping_status":"open","sticky":false,"template":"","format":"standard","meta":{"footnotes":""},"categories":[24,14],"tags":[],"class_list":["post-14110","post","type-post","status-publish","format-standard","has-post-thumbnail","hentry","category-juniville-marnaval-grand-est","category-nice-judo-metropole"],"acf":[],"yoast_head":"<!-- This site is optimized with the Yoast SEO plugin v27.1.1 - https:\/\/yoast.com\/product\/yoast-seo-wordpress\/ -->\n<title>Nice fait le plein \u00e0 domicile - Judo Pro League<\/title>\n<meta name=\"robots\" content=\"index, follow, max-snippet:-1, max-image-preview:large, max-video-preview:-1\" \/>\n<link rel=\"canonical\" href=\"https:\/\/judoproleague.com\/en\/nice-fills-up-at-home\/\" \/>\n<meta property=\"og:locale\" content=\"en_US\" \/>\n<meta property=\"og:type\" content=\"article\" \/>\n<meta property=\"og:title\" content=\"Nice fait le plein \u00e0 domicile - Judo Pro League\" \/>\n<meta property=\"og:description\" content=\"La forteresse des Arboras\u00a0a\u00a0une nouvelle fois tenu le choc lors de cette rencontre au sommet entre Judo Nice M\u00e9tropole et Juniville\u00a0Marnaval\u00a0Grand Est, deux \u00e9quipes qui avaient commenc\u00e9 la saison par une victoire.\u00a0Les Azur\u00e9ens, bien que p\u00e9nalis\u00e9s d\u2019une d\u00e9faite (en +90kg) et d\u2019un match nul (en -66kg)\u00a0suite au\u00a0report de l\u2019affrontement,\u00a0initialement pr\u00e9vu fin octobre,\u00a0n\u2019avaient besoin que des [&hellip;]\" \/>\n<meta property=\"og:url\" content=\"https:\/\/judoproleague.com\/en\/nice-fills-up-at-home\/\" \/>\n<meta property=\"og:site_name\" content=\"Judo Pro League\" \/>\n<meta property=\"article:published_time\" content=\"2025-11-06T13:49:23+00:00\" \/>\n<meta property=\"og:image\" content=\"https:\/\/judoproleague.com\/wp-content\/uploads\/2025\/11\/SLIDER-SITE-1-1.jpg\" \/>\n\t<meta property=\"og:image:width\" content=\"1200\" \/>\n\t<meta property=\"og:image:height\" content=\"800\" \/>\n\t<meta property=\"og:image:type\" content=\"image\/jpeg\" \/>\n<meta name=\"author\" content=\"Alan GAUDEFROY\" \/>\n<meta name=\"twitter:card\" content=\"summary_large_image\" \/>\n<meta name=\"twitter:label1\" content=\"Written by\" \/>\n\t<meta name=\"twitter:data1\" content=\"Alan GAUDEFROY\" \/>\n\t<meta name=\"twitter:label2\" content=\"Est. reading time\" \/>\n\t<meta name=\"twitter:data2\" content=\"3 minutes\" \/>\n<script type=\"application\/ld+json\" class=\"yoast-schema-graph\">{\"@context\":\"https:\/\/schema.org\",\"@graph\":[{\"@type\":\"Article\",\"@id\":\"https:\/\/judoproleague.com\/nice-fait-le-plein-a-domicile\/#article\",\"isPartOf\":{\"@id\":\"https:\/\/judoproleague.com\/nice-fait-le-plein-a-domicile\/\"},\"author\":{\"name\":\"Alan GAUDEFROY\",\"@id\":\"https:\/\/judoproleague.com\/#\/schema\/person\/1cc0d3c1265a4f6956c0bf9ad6389b37\"},\"headline\":\"Nice fait le plein \u00e0 domicile\",\"datePublished\":\"2025-11-06T13:49:23+00:00\",\"mainEntityOfPage\":{\"@id\":\"https:\/\/judoproleague.com\/nice-fait-le-plein-a-domicile\/\"},\"wordCount\":377,\"publisher\":{\"@id\":\"https:\/\/judoproleague.com\/#organization\"},\"image\":{\"@id\":\"https:\/\/judoproleague.com\/nice-fait-le-plein-a-domicile\/#primaryimage\"},\"thumbnailUrl\":\"https:\/\/judoproleague.com\/wp-content\/uploads\/2025\/11\/SLIDER-SITE-1-1.jpg\",\"articleSection\":[\"Juniville Marnaval Grand Est\",\"Nice Judo M\u00e9tropole\"],\"inLanguage\":\"en-US\"},{\"@type\":\"WebPage\",\"@id\":\"https:\/\/judoproleague.com\/nice-fait-le-plein-a-domicile\/\",\"url\":\"https:\/\/judoproleague.com\/nice-fait-le-plein-a-domicile\/\",\"name\":\"Nice fait le plein \u00e0 domicile - Judo Pro League\",\"isPartOf\":{\"@id\":\"https:\/\/judoproleague.com\/#website\"},\"primaryImageOfPage\":{\"@id\":\"https:\/\/judoproleague.com\/nice-fait-le-plein-a-domicile\/#primaryimage\"},\"image\":{\"@id\":\"https:\/\/judoproleague.com\/nice-fait-le-plein-a-domicile\/#primaryimage\"},\"thumbnailUrl\":\"https:\/\/judoproleague.com\/wp-content\/uploads\/2025\/11\/SLIDER-SITE-1-1.jpg\",\"datePublished\":\"2025-11-06T13:49:23+00:00\",\"inLanguage\":\"en-US\",\"potentialAction\":[{\"@type\":\"ReadAction\",\"target\":[\"https:\/\/judoproleague.com\/nice-fait-le-plein-a-domicile\/\"]}]},{\"@type\":\"ImageObject\",\"inLanguage\":\"en-US\",\"@id\":\"https:\/\/judoproleague.com\/nice-fait-le-plein-a-domicile\/#primaryimage\",\"url\":\"https:\/\/judoproleague.com\/wp-content\/uploads\/2025\/11\/SLIDER-SITE-1-1.jpg\",\"contentUrl\":\"https:\/\/judoproleague.com\/wp-content\/uploads\/2025\/11\/SLIDER-SITE-1-1.jpg\",\"width\":1200,\"height\":800},{\"@type\":\"WebSite\",\"@id\":\"https:\/\/judoproleague.com\/#website\",\"url\":\"https:\/\/judoproleague.com\/\",\"name\":\"Judo Pro League\",\"description\":\"\",\"publisher\":{\"@id\":\"https:\/\/judoproleague.com\/#organization\"},\"potentialAction\":[{\"@type\":\"SearchAction\",\"target\":{\"@type\":\"EntryPoint\",\"urlTemplate\":\"https:\/\/judoproleague.com\/?s={search_term_string}\"},\"query-input\":{\"@type\":\"PropertyValueSpecification\",\"valueRequired\":true,\"valueName\":\"search_term_string\"}}],\"inLanguage\":\"en-US\"},{\"@type\":\"Organization\",\"@id\":\"https:\/\/judoproleague.com\/#organization\",\"name\":\"Judo Pro League\",\"url\":\"https:\/\/judoproleague.com\/\",\"logo\":{\"@type\":\"ImageObject\",\"inLanguage\":\"en-US\",\"@id\":\"https:\/\/judoproleague.com\/#\/schema\/logo\/image\/\",\"url\":\"https:\/\/judoproleague.com\/wp-content\/uploads\/2024\/10\/JPL-LOGO-light-1.svg\",\"contentUrl\":\"https:\/\/judoproleague.com\/wp-content\/uploads\/2024\/10\/JPL-LOGO-light-1.svg\",\"width\":198,\"height\":83,\"caption\":\"Judo Pro League\"},\"image\":{\"@id\":\"https:\/\/judoproleague.com\/#\/schema\/logo\/image\/\"}},{\"@type\":\"Person\",\"@id\":\"https:\/\/judoproleague.com\/#\/schema\/person\/1cc0d3c1265a4f6956c0bf9ad6389b37\",\"name\":\"Alan GAUDEFROY\",\"image\":{\"@type\":\"ImageObject\",\"inLanguage\":\"en-US\",\"@id\":\"https:\/\/judoproleague.com\/#\/schema\/person\/image\/\",\"url\":\"https:\/\/secure.gravatar.com\/avatar\/f7ed2dc65f91e5fc8e3a880a460ca52653ffa31251b597d2880f1aaf5b39fdc4?s=96&d=mm&r=g\",\"contentUrl\":\"https:\/\/secure.gravatar.com\/avatar\/f7ed2dc65f91e5fc8e3a880a460ca52653ffa31251b597d2880f1aaf5b39fdc4?s=96&d=mm&r=g\",\"caption\":\"Alan GAUDEFROY\"},\"url\":\"https:\/\/judoproleague.com\/en\/author\/alanjpl\/\"}]}<\/script>\n<!-- \/ Yoast SEO plugin. -->","yoast_head_json":{"title":"Nice fills up at home - Judo Pro League","robots":{"index":"index","follow":"follow","max-snippet":"max-snippet:-1","max-image-preview":"max-image-preview:large","max-video-preview":"max-video-preview:-1"},"canonical":"https:\/\/judoproleague.com\/en\/nice-fills-up-at-home\/","og_locale":"en_US","og_type":"article","og_title":"Nice fait le plein \u00e0 domicile - Judo Pro League","og_description":"La forteresse des Arboras\u00a0a\u00a0une nouvelle fois tenu le choc lors de cette rencontre au sommet entre Judo Nice M\u00e9tropole et Juniville\u00a0Marnaval\u00a0Grand Est, deux \u00e9quipes qui avaient commenc\u00e9 la saison par une victoire.\u00a0Les Azur\u00e9ens, bien que p\u00e9nalis\u00e9s d\u2019une d\u00e9faite (en +90kg) et d\u2019un match nul (en -66kg)\u00a0suite au\u00a0report de l\u2019affrontement,\u00a0initialement pr\u00e9vu fin octobre,\u00a0n\u2019avaient besoin que des [&hellip;]","og_url":"https:\/\/judoproleague.com\/en\/nice-fills-up-at-home\/","og_site_name":"Judo Pro League","article_published_time":"2025-11-06T13:49:23+00:00","og_image":[{"width":1200,"height":800,"url":"https:\/\/judoproleague.com\/wp-content\/uploads\/2025\/11\/SLIDER-SITE-1-1.jpg","type":"image\/jpeg"}],"author":"Alan GAUDEFROY","twitter_card":"summary_large_image","twitter_misc":{"Written by":"Alan GAUDEFROY","Est. reading time":"3 minutes"},"schema":{"@context":"https:\/\/schema.org","@graph":[{"@type":"Article","@id":"https:\/\/judoproleague.com\/nice-fait-le-plein-a-domicile\/#article","isPartOf":{"@id":"https:\/\/judoproleague.com\/nice-fait-le-plein-a-domicile\/"},"author":{"name":"Alan GAUDEFROY","@id":"https:\/\/judoproleague.com\/#\/schema\/person\/1cc0d3c1265a4f6956c0bf9ad6389b37"},"headline":"Nice fait le plein \u00e0 domicile","datePublished":"2025-11-06T13:49:23+00:00","mainEntityOfPage":{"@id":"https:\/\/judoproleague.com\/nice-fait-le-plein-a-domicile\/"},"wordCount":377,"publisher":{"@id":"https:\/\/judoproleague.com\/#organization"},"image":{"@id":"https:\/\/judoproleague.com\/nice-fait-le-plein-a-domicile\/#primaryimage"},"thumbnailUrl":"https:\/\/judoproleague.com\/wp-content\/uploads\/2025\/11\/SLIDER-SITE-1-1.jpg","articleSection":["Juniville Marnaval Grand Est","Nice Judo M\u00e9tropole"],"inLanguage":"en-US"},{"@type":"WebPage","@id":"https:\/\/judoproleague.com\/nice-fait-le-plein-a-domicile\/","url":"https:\/\/judoproleague.com\/nice-fait-le-plein-a-domicile\/","name":"Nice fills up at home - Judo Pro League","isPartOf":{"@id":"https:\/\/judoproleague.com\/#website"},"primaryImageOfPage":{"@id":"https:\/\/judoproleague.com\/nice-fait-le-plein-a-domicile\/#primaryimage"},"image":{"@id":"https:\/\/judoproleague.com\/nice-fait-le-plein-a-domicile\/#primaryimage"},"thumbnailUrl":"https:\/\/judoproleague.com\/wp-content\/uploads\/2025\/11\/SLIDER-SITE-1-1.jpg","datePublished":"2025-11-06T13:49:23+00:00","inLanguage":"en-US","potentialAction":[{"@type":"ReadAction","target":["https:\/\/judoproleague.com\/nice-fait-le-plein-a-domicile\/"]}]},{"@type":"ImageObject","inLanguage":"en-US","@id":"https:\/\/judoproleague.com\/nice-fait-le-plein-a-domicile\/#primaryimage","url":"https:\/\/judoproleague.com\/wp-content\/uploads\/2025\/11\/SLIDER-SITE-1-1.jpg","contentUrl":"https:\/\/judoproleague.com\/wp-content\/uploads\/2025\/11\/SLIDER-SITE-1-1.jpg","width":1200,"height":800},{"@type":"WebSite","@id":"https:\/\/judoproleague.com\/#website","url":"https:\/\/judoproleague.com\/","name":"Judo Pro League","description":"","publisher":{"@id":"https:\/\/judoproleague.com\/#organization"},"potentialAction":[{"@type":"SearchAction","target":{"@type":"EntryPoint","urlTemplate":"https:\/\/judoproleague.com\/?s={search_term_string}"},"query-input":{"@type":"PropertyValueSpecification","valueRequired":true,"valueName":"search_term_string"}}],"inLanguage":"en-US"},{"@type":"Organization","@id":"https:\/\/judoproleague.com\/#organization","name":"Judo Pro League","url":"https:\/\/judoproleague.com\/","logo":{"@type":"ImageObject","inLanguage":"en-US","@id":"https:\/\/judoproleague.com\/#\/schema\/logo\/image\/","url":"https:\/\/judoproleague.com\/wp-content\/uploads\/2024\/10\/JPL-LOGO-light-1.svg","contentUrl":"https:\/\/judoproleague.com\/wp-content\/uploads\/2024\/10\/JPL-LOGO-light-1.svg","width":198,"height":83,"caption":"Judo Pro League"},"image":{"@id":"https:\/\/judoproleague.com\/#\/schema\/logo\/image\/"}},{"@type":"Person","@id":"https:\/\/judoproleague.com\/#\/schema\/person\/1cc0d3c1265a4f6956c0bf9ad6389b37","name":"Alan GAUDEFROY","image":{"@type":"ImageObject","inLanguage":"en-US","@id":"https:\/\/judoproleague.com\/#\/schema\/person\/image\/","url":"https:\/\/secure.gravatar.com\/avatar\/f7ed2dc65f91e5fc8e3a880a460ca52653ffa31251b597d2880f1aaf5b39fdc4?s=96&d=mm&r=g","contentUrl":"https:\/\/secure.gravatar.com\/avatar\/f7ed2dc65f91e5fc8e3a880a460ca52653ffa31251b597d2880f1aaf5b39fdc4?s=96&d=mm&r=g","caption":"Alan GAUDEFROY"},"url":"https:\/\/judoproleague.com\/en\/author\/alanjpl\/"}]}},"_links":{"self":[{"href":"https:\/\/judoproleague.com\/en\/wp-json\/wp\/v2\/posts\/14110","targetHints":{"allow":["GET"]}}],"collection":[{"href":"https:\/\/judoproleague.com\/en\/wp-json\/wp\/v2\/posts"}],"about":[{"href":"https:\/\/judoproleague.com\/en\/wp-json\/wp\/v2\/types\/post"}],"author":[{"embeddable":true,"href":"https:\/\/judoproleague.com\/en\/wp-json\/wp\/v2\/users\/4"}],"replies":[{"embeddable":true,"href":"https:\/\/judoproleague.com\/en\/wp-json\/wp\/v2\/comments?post=14110"}],"version-history":[{"count":4,"href":"https:\/\/judoproleague.com\/en\/wp-json\/wp\/v2\/posts\/14110\/revisions"}],"predecessor-version":[{"id":14116,"href":"https:\/\/judoproleague.com\/en\/wp-json\/wp\/v2\/posts\/14110\/revisions\/14116"}],"wp:featuredmedia":[{"embeddable":true,"href":"https:\/\/judoproleague.com\/en\/wp-json\/wp\/v2\/media\/14112"}],"wp:attachment":[{"href":"https:\/\/judoproleague.com\/en\/wp-json\/wp\/v2\/media?parent=14110"}],"wp:term":[{"taxonomy":"category","embeddable":true,"href":"https:\/\/judoproleague.com\/en\/wp-json\/wp\/v2\/categories?post=14110"},{"taxonomy":"post_tag","embeddable":true,"href":"https:\/\/judoproleague.com\/en\/wp-json\/wp\/v2\/tags?post=14110"}],"curies":[{"name":"wp","href":"https:\/\/api.w.org\/{rel}","templated":true}]}}