{"id":10203,"date":"2025-10-16T10:14:06","date_gmt":"2025-10-16T08:14:06","guid":{"rendered":"https:\/\/judoproleague.com\/?p=10203"},"modified":"2025-10-17T16:44:01","modified_gmt":"2025-10-17T14:44:01","slug":"stade-bordelais-ready-to-roar","status":"publish","type":"post","link":"https:\/\/judoproleague.com\/en\/le-stade-bordelais-pret-a-rugir\/","title":{"rendered":"Stade Bordelais ready to roar"},"content":{"rendered":"<p>Building on the momentum of their first French mixed team championships in the amateur first division last May, when they lost only the decisive seventh bout of the final, the Stade Bordelais is determined to make a success of its first steps in Judo Pro. <span class=\"scayt-misspell-word\" data-scayt-word=\"League\" data-wsc-lang=\"fr_FR\" data-wsc-id=\"mgt4zq6ijebhqerpx\">League<\/span> this season.<br \/>\n\"<span class=\"scayt-misspell-word\" data-scayt-word=\"\u202fNotre\" data-wsc-lang=\"fr_FR\" data-wsc-id=\"mgt4zq9g21mimrhcm\">Our<\/span> Our initial ambition is to win all four of our matches in the qualifiers and emerge as top-ranked as possible in the quarter-finals,\" explains technical director David. <span class=\"scayt-misspell-word\" data-scayt-word=\"Gonzalez\" data-wsc-lang=\"fr_FR\" data-wsc-id=\"mgt4zq9fj63dj6owg\">Gonzalez<\/span>enthusiastic when talking about his group.<br \/>\n\"<span class=\"scayt-misspell-word\" data-scayt-word=\"\u202fNous\" data-wsc-lang=\"fr_FR\" data-wsc-id=\"mgt4zqcbztgjxmmpu\">We<\/span> We're maintaining our initial positioning, which is to move forward with young athletes, and I know that this will be a great opportunity for them to measure themselves against high-performance opponents. It has to be said that many of the teams taking part in this Judo Pro <span class=\"scayt-misspell-word\" data-scayt-word=\"League\" data-wsc-lang=\"fr_FR\" data-wsc-id=\"mgt4zqf8fmwgc014i\">League<\/span> are competitive, starting with those that the draw has reserved for us\".<\/p>\n<p>&nbsp;<\/p>\n<p class=\"AlignCenter\" style=\"text-align: center;\"><img loading=\"lazy\" decoding=\"async\" class=\"alignnone size-medium wp-image-10485\" src=\"https:\/\/judoproleague.com\/wp-content\/uploads\/2025\/10\/BOR_LOGO-295x300.png\" alt=\"\" width=\"295\" height=\"300\" srcset=\"https:\/\/judoproleague.com\/wp-content\/uploads\/2025\/10\/BOR_LOGO-295x300.png 295w, https:\/\/judoproleague.com\/wp-content\/uploads\/2025\/10\/BOR_LOGO-12x12.png 12w, https:\/\/judoproleague.com\/wp-content\/uploads\/2025\/10\/BOR_LOGO.png 700w\" sizes=\"auto, (max-width: 295px) 100vw, 295px\" \/><\/p>\n<p>&nbsp;<\/p>\n<h2>A promising blend of youth and experience<\/h2>\n<h4><\/h4>\n<p>JC Chilly-Mazarin Morangis and Auxerre Judo, finalists in the third edition in October, before <span class=\"scayt-misspell-word\" data-scayt-word=\"l\u2019AC\" data-wsc-lang=\"fr_FR\" data-wsc-id=\"mgt4zqlnkwnnjo58l\">CA<\/span> Boulogne-Billancourt, its executioner of <span class=\"scayt-misspell-word\" data-scayt-word=\"Verquin\" data-wsc-lang=\"fr_FR\" data-wsc-id=\"mgt4zqlm6nsb92av2\">Verquin<\/span>and Normandie Judo to conclude in January...<br \/>\nTo accompany Kylian No\u00ebl, who has won the European and World Junior Championships for the past three years, and the up-and-coming generation of Lola <span class=\"scayt-misspell-word\" data-scayt-word=\"Berthet\" data-wsc-lang=\"fr_FR\" data-wsc-id=\"mgt4zqokhj8bksgdv\">Berthet<\/span>Mathilde <span class=\"scayt-misspell-word\" data-scayt-word=\"Chabal\" data-wsc-lang=\"fr_FR\" data-wsc-id=\"mgt4zqokz855k2zi2\">Chabal<\/span>Calypso <span class=\"scayt-misspell-word\" data-scayt-word=\"Debuire\" data-wsc-lang=\"fr_FR\" data-wsc-id=\"mgt4zqokyr3fbu88b\">Debuire<\/span> and Desire <span class=\"scayt-misspell-word\" data-scayt-word=\"Zoba\" data-wsc-lang=\"fr_FR\" data-wsc-id=\"mgt4zqokfq9ev1yap\">Zoba<\/span> <span class=\"scayt-misspell-word\" data-scayt-word=\"Casi\" data-wsc-lang=\"fr_FR\" data-wsc-id=\"mgt4zqojb1gfd4xow\">Casi<\/span>All four medallists at the last Label Excellence tournament in Nantes at the beginning of October, the Gironde team will also be able to call on several major foreign reinforcements.<br \/>\nWith four Olympians - Britain's Lucy <span class=\"scayt-misspell-word\" data-scayt-word=\"Renshall\" data-wsc-lang=\"fr_FR\" data-wsc-id=\"mgt4zqri5zqtc2wp6\">Renshall<\/span>Dominican Robert <span class=\"scayt-misspell-word\" data-scayt-word=\"Florentino\" data-wsc-lang=\"fr_FR\" data-wsc-id=\"mgt4zqriwpc9lbwlw\">Florentino<\/span>Bulgarian Mark <span class=\"scayt-misspell-word\" data-scayt-word=\"Hristov\" data-wsc-lang=\"fr_FR\" data-wsc-id=\"mgt4zqri4t0o14cs6\">Hristov<\/span> and <span class=\"scayt-misspell-word\" data-scayt-word=\"Ivaylo\" data-wsc-lang=\"fr_FR\" data-wsc-id=\"mgt4zqriz4f1lgygs\">Ivaylo<\/span> <span class=\"scayt-misspell-word\" data-scayt-word=\"Ivanov\" data-wsc-lang=\"fr_FR\" data-wsc-id=\"mgt4zqrihfa9z94yv\">Ivanov<\/span> - or Spain's <span class=\"scayt-misspell-word\" data-scayt-word=\"Ayumi\" data-wsc-lang=\"fr_FR\" data-wsc-id=\"mgt4zqrhb7qzyp596\">Ayumi<\/span> <span class=\"scayt-misspell-word\" data-scayt-word=\"Leiva\" data-wsc-lang=\"fr_FR\" data-wsc-id=\"mgt4zqrhhtdho6sol\">Leiva<\/span> <span class=\"scayt-misspell-word\" data-scayt-word=\"Sanchez\" data-wsc-lang=\"fr_FR\" data-wsc-id=\"mgt4zqrhru9pp5m4f\">Sanchez<\/span> and its four Grand Slam podium finishes in 2025, this Bordeaux-style blend of youth and experience seems ready for anything.<\/p>","protected":false},"excerpt":{"rendered":"<p>Sur sa lanc\u00e9e des premiers championnats de France par \u00e9quipes mixtes premi\u00e8re division amateurs de mai dernier, o\u00f9 il n\u2019avait c\u00e9d\u00e9 qu\u2019au septi\u00e8me combat d\u00e9cisif de la finale, le Stade Bordelais compte bien r\u00e9ussir ses premiers pas en Judo Pro League cette saison. \u00ab\u202fNotre ambition de d\u00e9part est de remporter nos quatre rencontres des \u00e9liminatoires [&hellip;]<\/p>\n","protected":false},"author":4,"featured_media":10208,"comment_status":"closed","ping_status":"open","sticky":false,"template":"","format":"standard","meta":{"footnotes":""},"categories":[30],"tags":[],"class_list":["post-10203","post","type-post","status-publish","format-standard","has-post-thumbnail","hentry","category-stade-bordelais"],"acf":[],"yoast_head":"<!-- This site is optimized with the Yoast SEO plugin v27.1.1 - https:\/\/yoast.com\/product\/yoast-seo-wordpress\/ -->\n<title>Le Stade Bordelais pr\u00eat \u00e0 rugir - Judo Pro League<\/title>\n<meta name=\"robots\" content=\"index, follow, max-snippet:-1, max-image-preview:large, max-video-preview:-1\" \/>\n<link rel=\"canonical\" href=\"https:\/\/judoproleague.com\/en\/stade-bordelais-ready-to-roar\/\" \/>\n<meta property=\"og:locale\" content=\"en_US\" \/>\n<meta property=\"og:type\" content=\"article\" \/>\n<meta property=\"og:title\" content=\"Le Stade Bordelais pr\u00eat \u00e0 rugir - Judo Pro League\" \/>\n<meta property=\"og:description\" content=\"Sur sa lanc\u00e9e des premiers championnats de France par \u00e9quipes mixtes premi\u00e8re division amateurs de mai dernier, o\u00f9 il n\u2019avait c\u00e9d\u00e9 qu\u2019au septi\u00e8me combat d\u00e9cisif de la finale, le Stade Bordelais compte bien r\u00e9ussir ses premiers pas en Judo Pro League cette saison. \u00ab\u202fNotre ambition de d\u00e9part est de remporter nos quatre rencontres des \u00e9liminatoires [&hellip;]\" \/>\n<meta property=\"og:url\" content=\"https:\/\/judoproleague.com\/en\/stade-bordelais-ready-to-roar\/\" \/>\n<meta property=\"og:site_name\" content=\"Judo Pro League\" \/>\n<meta property=\"article:published_time\" content=\"2025-10-16T08:14:06+00:00\" \/>\n<meta property=\"article:modified_time\" content=\"2025-10-17T14:44:01+00:00\" \/>\n<meta property=\"og:image\" content=\"https:\/\/judoproleague.com\/wp-content\/uploads\/2025\/10\/SLIDER-SITE-2.jpg\" \/>\n\t<meta property=\"og:image:width\" content=\"1200\" \/>\n\t<meta property=\"og:image:height\" content=\"800\" \/>\n\t<meta property=\"og:image:type\" content=\"image\/jpeg\" \/>\n<meta name=\"author\" content=\"Alan GAUDEFROY\" \/>\n<meta name=\"twitter:card\" content=\"summary_large_image\" \/>\n<meta name=\"twitter:label1\" content=\"Written by\" \/>\n\t<meta name=\"twitter:data1\" content=\"Alan GAUDEFROY\" \/>\n\t<meta name=\"twitter:label2\" content=\"Est. reading time\" \/>\n\t<meta name=\"twitter:data2\" content=\"2 minutes\" \/>\n<script type=\"application\/ld+json\" class=\"yoast-schema-graph\">{\"@context\":\"https:\/\/schema.org\",\"@graph\":[{\"@type\":\"Article\",\"@id\":\"https:\/\/judoproleague.com\/le-stade-bordelais-pret-a-rugir\/#article\",\"isPartOf\":{\"@id\":\"https:\/\/judoproleague.com\/le-stade-bordelais-pret-a-rugir\/\"},\"author\":{\"name\":\"Alan GAUDEFROY\",\"@id\":\"https:\/\/judoproleague.com\/#\/schema\/person\/1cc0d3c1265a4f6956c0bf9ad6389b37\"},\"headline\":\"Le Stade Bordelais pr\u00eat \u00e0 rugir\",\"datePublished\":\"2025-10-16T08:14:06+00:00\",\"dateModified\":\"2025-10-17T14:44:01+00:00\",\"mainEntityOfPage\":{\"@id\":\"https:\/\/judoproleague.com\/le-stade-bordelais-pret-a-rugir\/\"},\"wordCount\":318,\"publisher\":{\"@id\":\"https:\/\/judoproleague.com\/#organization\"},\"image\":{\"@id\":\"https:\/\/judoproleague.com\/le-stade-bordelais-pret-a-rugir\/#primaryimage\"},\"thumbnailUrl\":\"https:\/\/judoproleague.com\/wp-content\/uploads\/2025\/10\/SLIDER-SITE-2.jpg\",\"articleSection\":[\"Stade Bordelais\"],\"inLanguage\":\"en-US\"},{\"@type\":\"WebPage\",\"@id\":\"https:\/\/judoproleague.com\/le-stade-bordelais-pret-a-rugir\/\",\"url\":\"https:\/\/judoproleague.com\/le-stade-bordelais-pret-a-rugir\/\",\"name\":\"Le Stade Bordelais pr\u00eat \u00e0 rugir - Judo Pro League\",\"isPartOf\":{\"@id\":\"https:\/\/judoproleague.com\/#website\"},\"primaryImageOfPage\":{\"@id\":\"https:\/\/judoproleague.com\/le-stade-bordelais-pret-a-rugir\/#primaryimage\"},\"image\":{\"@id\":\"https:\/\/judoproleague.com\/le-stade-bordelais-pret-a-rugir\/#primaryimage\"},\"thumbnailUrl\":\"https:\/\/judoproleague.com\/wp-content\/uploads\/2025\/10\/SLIDER-SITE-2.jpg\",\"datePublished\":\"2025-10-16T08:14:06+00:00\",\"dateModified\":\"2025-10-17T14:44:01+00:00\",\"inLanguage\":\"en-US\",\"potentialAction\":[{\"@type\":\"ReadAction\",\"target\":[\"https:\/\/judoproleague.com\/le-stade-bordelais-pret-a-rugir\/\"]}]},{\"@type\":\"ImageObject\",\"inLanguage\":\"en-US\",\"@id\":\"https:\/\/judoproleague.com\/le-stade-bordelais-pret-a-rugir\/#primaryimage\",\"url\":\"https:\/\/judoproleague.com\/wp-content\/uploads\/2025\/10\/SLIDER-SITE-2.jpg\",\"contentUrl\":\"https:\/\/judoproleague.com\/wp-content\/uploads\/2025\/10\/SLIDER-SITE-2.jpg\",\"width\":1200,\"height\":800},{\"@type\":\"WebSite\",\"@id\":\"https:\/\/judoproleague.com\/#website\",\"url\":\"https:\/\/judoproleague.com\/\",\"name\":\"Judo Pro League\",\"description\":\"\",\"publisher\":{\"@id\":\"https:\/\/judoproleague.com\/#organization\"},\"potentialAction\":[{\"@type\":\"SearchAction\",\"target\":{\"@type\":\"EntryPoint\",\"urlTemplate\":\"https:\/\/judoproleague.com\/?s={search_term_string}\"},\"query-input\":{\"@type\":\"PropertyValueSpecification\",\"valueRequired\":true,\"valueName\":\"search_term_string\"}}],\"inLanguage\":\"en-US\"},{\"@type\":\"Organization\",\"@id\":\"https:\/\/judoproleague.com\/#organization\",\"name\":\"Judo Pro League\",\"url\":\"https:\/\/judoproleague.com\/\",\"logo\":{\"@type\":\"ImageObject\",\"inLanguage\":\"en-US\",\"@id\":\"https:\/\/judoproleague.com\/#\/schema\/logo\/image\/\",\"url\":\"https:\/\/judoproleague.com\/wp-content\/uploads\/2024\/10\/JPL-LOGO-light-1.svg\",\"contentUrl\":\"https:\/\/judoproleague.com\/wp-content\/uploads\/2024\/10\/JPL-LOGO-light-1.svg\",\"width\":198,\"height\":83,\"caption\":\"Judo Pro League\"},\"image\":{\"@id\":\"https:\/\/judoproleague.com\/#\/schema\/logo\/image\/\"}},{\"@type\":\"Person\",\"@id\":\"https:\/\/judoproleague.com\/#\/schema\/person\/1cc0d3c1265a4f6956c0bf9ad6389b37\",\"name\":\"Alan GAUDEFROY\",\"image\":{\"@type\":\"ImageObject\",\"inLanguage\":\"en-US\",\"@id\":\"https:\/\/judoproleague.com\/#\/schema\/person\/image\/\",\"url\":\"https:\/\/secure.gravatar.com\/avatar\/f7ed2dc65f91e5fc8e3a880a460ca52653ffa31251b597d2880f1aaf5b39fdc4?s=96&d=mm&r=g\",\"contentUrl\":\"https:\/\/secure.gravatar.com\/avatar\/f7ed2dc65f91e5fc8e3a880a460ca52653ffa31251b597d2880f1aaf5b39fdc4?s=96&d=mm&r=g\",\"caption\":\"Alan GAUDEFROY\"},\"url\":\"https:\/\/judoproleague.com\/en\/author\/alanjpl\/\"}]}<\/script>\n<!-- \/ Yoast SEO plugin. -->","yoast_head_json":{"title":"Stade Bordelais ready to roar - Judo Pro League","robots":{"index":"index","follow":"follow","max-snippet":"max-snippet:-1","max-image-preview":"max-image-preview:large","max-video-preview":"max-video-preview:-1"},"canonical":"https:\/\/judoproleague.com\/en\/stade-bordelais-ready-to-roar\/","og_locale":"en_US","og_type":"article","og_title":"Le Stade Bordelais pr\u00eat \u00e0 rugir - Judo Pro League","og_description":"Sur sa lanc\u00e9e des premiers championnats de France par \u00e9quipes mixtes premi\u00e8re division amateurs de mai dernier, o\u00f9 il n\u2019avait c\u00e9d\u00e9 qu\u2019au septi\u00e8me combat d\u00e9cisif de la finale, le Stade Bordelais compte bien r\u00e9ussir ses premiers pas en Judo Pro League cette saison. \u00ab\u202fNotre ambition de d\u00e9part est de remporter nos quatre rencontres des \u00e9liminatoires [&hellip;]","og_url":"https:\/\/judoproleague.com\/en\/stade-bordelais-ready-to-roar\/","og_site_name":"Judo Pro League","article_published_time":"2025-10-16T08:14:06+00:00","article_modified_time":"2025-10-17T14:44:01+00:00","og_image":[{"width":1200,"height":800,"url":"https:\/\/judoproleague.com\/wp-content\/uploads\/2025\/10\/SLIDER-SITE-2.jpg","type":"image\/jpeg"}],"author":"Alan GAUDEFROY","twitter_card":"summary_large_image","twitter_misc":{"Written by":"Alan GAUDEFROY","Est. reading time":"2 minutes"},"schema":{"@context":"https:\/\/schema.org","@graph":[{"@type":"Article","@id":"https:\/\/judoproleague.com\/le-stade-bordelais-pret-a-rugir\/#article","isPartOf":{"@id":"https:\/\/judoproleague.com\/le-stade-bordelais-pret-a-rugir\/"},"author":{"name":"Alan GAUDEFROY","@id":"https:\/\/judoproleague.com\/#\/schema\/person\/1cc0d3c1265a4f6956c0bf9ad6389b37"},"headline":"Le Stade Bordelais pr\u00eat \u00e0 rugir","datePublished":"2025-10-16T08:14:06+00:00","dateModified":"2025-10-17T14:44:01+00:00","mainEntityOfPage":{"@id":"https:\/\/judoproleague.com\/le-stade-bordelais-pret-a-rugir\/"},"wordCount":318,"publisher":{"@id":"https:\/\/judoproleague.com\/#organization"},"image":{"@id":"https:\/\/judoproleague.com\/le-stade-bordelais-pret-a-rugir\/#primaryimage"},"thumbnailUrl":"https:\/\/judoproleague.com\/wp-content\/uploads\/2025\/10\/SLIDER-SITE-2.jpg","articleSection":["Stade Bordelais"],"inLanguage":"en-US"},{"@type":"WebPage","@id":"https:\/\/judoproleague.com\/le-stade-bordelais-pret-a-rugir\/","url":"https:\/\/judoproleague.com\/le-stade-bordelais-pret-a-rugir\/","name":"Stade Bordelais ready to roar - Judo Pro League","isPartOf":{"@id":"https:\/\/judoproleague.com\/#website"},"primaryImageOfPage":{"@id":"https:\/\/judoproleague.com\/le-stade-bordelais-pret-a-rugir\/#primaryimage"},"image":{"@id":"https:\/\/judoproleague.com\/le-stade-bordelais-pret-a-rugir\/#primaryimage"},"thumbnailUrl":"https:\/\/judoproleague.com\/wp-content\/uploads\/2025\/10\/SLIDER-SITE-2.jpg","datePublished":"2025-10-16T08:14:06+00:00","dateModified":"2025-10-17T14:44:01+00:00","inLanguage":"en-US","potentialAction":[{"@type":"ReadAction","target":["https:\/\/judoproleague.com\/le-stade-bordelais-pret-a-rugir\/"]}]},{"@type":"ImageObject","inLanguage":"en-US","@id":"https:\/\/judoproleague.com\/le-stade-bordelais-pret-a-rugir\/#primaryimage","url":"https:\/\/judoproleague.com\/wp-content\/uploads\/2025\/10\/SLIDER-SITE-2.jpg","contentUrl":"https:\/\/judoproleague.com\/wp-content\/uploads\/2025\/10\/SLIDER-SITE-2.jpg","width":1200,"height":800},{"@type":"WebSite","@id":"https:\/\/judoproleague.com\/#website","url":"https:\/\/judoproleague.com\/","name":"Judo Pro League","description":"","publisher":{"@id":"https:\/\/judoproleague.com\/#organization"},"potentialAction":[{"@type":"SearchAction","target":{"@type":"EntryPoint","urlTemplate":"https:\/\/judoproleague.com\/?s={search_term_string}"},"query-input":{"@type":"PropertyValueSpecification","valueRequired":true,"valueName":"search_term_string"}}],"inLanguage":"en-US"},{"@type":"Organization","@id":"https:\/\/judoproleague.com\/#organization","name":"Judo Pro League","url":"https:\/\/judoproleague.com\/","logo":{"@type":"ImageObject","inLanguage":"en-US","@id":"https:\/\/judoproleague.com\/#\/schema\/logo\/image\/","url":"https:\/\/judoproleague.com\/wp-content\/uploads\/2024\/10\/JPL-LOGO-light-1.svg","contentUrl":"https:\/\/judoproleague.com\/wp-content\/uploads\/2024\/10\/JPL-LOGO-light-1.svg","width":198,"height":83,"caption":"Judo Pro League"},"image":{"@id":"https:\/\/judoproleague.com\/#\/schema\/logo\/image\/"}},{"@type":"Person","@id":"https:\/\/judoproleague.com\/#\/schema\/person\/1cc0d3c1265a4f6956c0bf9ad6389b37","name":"Alan GAUDEFROY","image":{"@type":"ImageObject","inLanguage":"en-US","@id":"https:\/\/judoproleague.com\/#\/schema\/person\/image\/","url":"https:\/\/secure.gravatar.com\/avatar\/f7ed2dc65f91e5fc8e3a880a460ca52653ffa31251b597d2880f1aaf5b39fdc4?s=96&d=mm&r=g","contentUrl":"https:\/\/secure.gravatar.com\/avatar\/f7ed2dc65f91e5fc8e3a880a460ca52653ffa31251b597d2880f1aaf5b39fdc4?s=96&d=mm&r=g","caption":"Alan GAUDEFROY"},"url":"https:\/\/judoproleague.com\/en\/author\/alanjpl\/"}]}},"_links":{"self":[{"href":"https:\/\/judoproleague.com\/en\/wp-json\/wp\/v2\/posts\/10203","targetHints":{"allow":["GET"]}}],"collection":[{"href":"https:\/\/judoproleague.com\/en\/wp-json\/wp\/v2\/posts"}],"about":[{"href":"https:\/\/judoproleague.com\/en\/wp-json\/wp\/v2\/types\/post"}],"author":[{"embeddable":true,"href":"https:\/\/judoproleague.com\/en\/wp-json\/wp\/v2\/users\/4"}],"replies":[{"embeddable":true,"href":"https:\/\/judoproleague.com\/en\/wp-json\/wp\/v2\/comments?post=10203"}],"version-history":[{"count":6,"href":"https:\/\/judoproleague.com\/en\/wp-json\/wp\/v2\/posts\/10203\/revisions"}],"predecessor-version":[{"id":10488,"href":"https:\/\/judoproleague.com\/en\/wp-json\/wp\/v2\/posts\/10203\/revisions\/10488"}],"wp:featuredmedia":[{"embeddable":true,"href":"https:\/\/judoproleague.com\/en\/wp-json\/wp\/v2\/media\/10208"}],"wp:attachment":[{"href":"https:\/\/judoproleague.com\/en\/wp-json\/wp\/v2\/media?parent=10203"}],"wp:term":[{"taxonomy":"category","embeddable":true,"href":"https:\/\/judoproleague.com\/en\/wp-json\/wp\/v2\/categories?post=10203"},{"taxonomy":"post_tag","embeddable":true,"href":"https:\/\/judoproleague.com\/en\/wp-json\/wp\/v2\/tags?post=10203"}],"curies":[{"name":"wp","href":"https:\/\/api.w.org\/{rel}","templated":true}]}}